{"id":2721,"date":"2018-02-28T12:06:10","date_gmt":"2018-02-28T10:06:10","guid":{"rendered":"http:\/\/www.vizyon2023.com.tr\/index.php\/2018\/02\/28\/almanyada-sehirler-dizel-araclara-yasak-koyabilecek\/"},"modified":"2018-02-28T12:06:10","modified_gmt":"2018-02-28T10:06:10","slug":"almanyada-sehirler-dizel-araclara-yasak-koyabilecek","status":"publish","type":"post","link":"https:\/\/www.vizyon2023.com.tr\/index.php\/2018\/02\/28\/almanyada-sehirler-dizel-araclara-yasak-koyabilecek\/","title":{"rendered":"Almanya&#8217;da \u015fehirler dizel ara\u00e7lara yasak koyabilecek"},"content":{"rendered":"<p>Stuttgart ve D\u00fcsseldorf kentlerinde b\u00f6lgesel mahkemeler, \u015fehirlerinde insan ve \u00e7evre sa\u011fl\u0131\u011f\u0131n\u0131 tehdit eden hava kirlili\u011fi kar\u015f\u0131s\u0131nda getirdikleri mazotlu ara\u00e7lar\u0131n \u015fehre girme yasa\u011f\u0131 karar\u0131n\u0131 bir \u00fcst mahkemeye ta\u015f\u0131m\u0131\u015ft\u0131. Federal \u0130dare Mahkemesi \u015fehirlerin, insan ve \u00e7evre sa\u011fl\u0131\u011f\u0131n\u0131 tehdit boyutuna varm\u0131\u015f kirlili\u011fe kar\u015f\u0131 \u00f6nlemler ve yasaklar alabilece\u011fine h\u00fckmetti.<\/p>\n<p>Al\u0131nan kararla birlikte bundan b\u00f6yle b\u00f6lgesel mahkemeler \u015fehirlerin, insan sa\u011fl\u0131\u011f\u0131n\u0131 tehdit edecek boyutta nitrojen oksitlerin limit de\u011ferlerine uymayan dizel ara\u00e7lara giri\u015fini engelleyebilecek. Yasa\u011f\u0131n b\u00fct\u00fcn \u00fclkeyi kapsamas\u0131 i\u00e7in ise yeni bir d\u00fczenlene yap\u0131lmas\u0131 gerekiyor.<\/p>\n<p>Federal \u0130dare Mahkemesi b\u00f6lgesel mahkemelerin getirdi\u011fi mazotlu ara\u00e7 yasa\u011f\u0131na itiraz eden Baden-W\u00fcrttemberg ve Kuzey Ren Vestfalya eyaletlerinin konuyla ilgili itiraz ve iddialar\u0131n\u0131 reddetti\u011fi gibi davan\u0131n Avrupa Adalet Divan\u0131&#8217;na bile ba\u015fvurulmas\u0131na gerek olmad\u0131\u011f\u0131na h\u00fckmetti.<\/p>\n<p>Mahkeme, Stuttgart kentinde mazotlu ara\u00e7lar\u0131n \u015fehre giri\u015finin 1 Ekim 2018&#8217;den \u00f6nce olmayaca\u011f\u0131na bununla birlikte esnaf ve sanatkarlar\u0131n kullanacaklar\u0131 mazotlu ara\u00e7lar\u0131n karardan muaf tutulaca\u011f\u0131na karar verildi.<\/p>\n<p>Kaynak: \u0130HA<\/p>\n","protected":false},"excerpt":{"rendered":"<p>Almanya&#8217;da \u015fehirlerde ya\u015fan\u0131lan hava kirlili\u011finin azalt\u0131lmas\u0131 i\u00e7in devam eden hukuk m\u00fccadelesi sonu\u00e7land\u0131.<\/p>\n","protected":false},"author":1000097,"featured_media":2722,"comment_status":"open","ping_status":"closed","sticky":false,"template":"","format":"standard","meta":[],"categories":[61],"tags":[],"_links":{"self":[{"href":"https:\/\/www.vizyon2023.com.tr\/index.php\/wp-json\/wp\/v2\/posts\/2721"}],"collection":[{"href":"https:\/\/www.vizyon2023.com.tr\/index.php\/wp-json\/wp\/v2\/posts"}],"about":[{"href":"https:\/\/www.vizyon2023.com.tr\/index.php\/wp-json\/wp\/v2\/types\/post"}],"author":[{"embeddable":true,"href":"https:\/\/www.vizyon2023.com.tr\/index.php\/wp-json\/wp\/v2\/users\/1000097"}],"replies":[{"embeddable":true,"href":"https:\/\/www.vizyon2023.com.tr\/index.php\/wp-json\/wp\/v2\/comments?post=2721"}],"version-history":[{"count":0,"href":"https:\/\/www.vizyon2023.com.tr\/index.php\/wp-json\/wp\/v2\/posts\/2721\/revisions"}],"wp:featuredmedia":[{"embeddable":true,"href":"https:\/\/www.vizyon2023.com.tr\/index.php\/wp-json\/wp\/v2\/media\/2722"}],"wp:attachment":[{"href":"https:\/\/www.vizyon2023.com.tr\/index.php\/wp-json\/wp\/v2\/media?parent=2721"}],"wp:term":[{"taxonomy":"category","embeddable":true,"href":"https:\/\/www.vizyon2023.com.tr\/index.php\/wp-json\/wp\/v2\/categories?post=2721"},{"taxonomy":"post_tag","embeddable":true,"href":"https:\/\/www.vizyon2023.com.tr\/index.php\/wp-json\/wp\/v2\/tags?post=2721"}],"curies":[{"name":"wp","href":"https:\/\/api.w.org\/{rel}","templated":true}]}}