{"id":2709,"date":"2018-02-28T11:46:46","date_gmt":"2018-02-28T09:46:46","guid":{"rendered":"http:\/\/www.vizyon2023.com.tr\/index.php\/2018\/02\/28\/insansiz-kara-araclarini-5-kilometreden-kontrol-edebilen-bir-sistem-geliyor\/"},"modified":"2018-02-28T11:46:46","modified_gmt":"2018-02-28T09:46:46","slug":"insansiz-kara-araclarini-5-kilometreden-kontrol-edebilen-bir-sistem-geliyor","status":"publish","type":"post","link":"https:\/\/www.vizyon2023.com.tr\/index.php\/2018\/02\/28\/insansiz-kara-araclarini-5-kilometreden-kontrol-edebilen-bir-sistem-geliyor\/","title":{"rendered":"\u0130nsans\u0131z kara ara\u00e7lar\u0131n\u0131 5 kilometreden kontrol edebilen bir sistem geliyor"},"content":{"rendered":"<p>Milli Savunma Bakan\u0131 Nurettin Canikli, T\u00fcrkiye B\u00fcy\u00fck Millet Meclisi&#8217;nde (TBMM) gazetecilerin sorular\u0131n\u0131 yan\u0131tlad\u0131.<\/p>\n<p>\u0130nsans\u0131z i\u015f makineleri projesi hakk\u0131nda da bilgi veren Canikli, T\u00fcrk Silahl\u0131 Kuvvetleri&#8217;nin (TSK) Afrin&#8217;de y\u00fcr\u00fctt\u00fc\u011f\u00fc Zeytin Dal\u0131 Harekat\u0131&#8217;nda, uzaktan kumandal\u0131 i\u015f makinesi kullan\u0131ld\u0131\u011f\u0131n\u0131 kaydetti.<\/p>\n<p><strong>Uzaktan kontrol edilebilen i\u015f makineleri g\u00f6revde<\/strong><\/p>\n<p>\u00c7at\u0131\u015fma alanlar\u0131nda bu makinelerinin yapmas\u0131 gereken i\u015flerin bulundu\u011funu, operat\u00f6rlerin riske edilmemesi ad\u0131na s\u00f6z konusu makinelerin devreye al\u0131nd\u0131\u011f\u0131n\u0131 an\u0131msatan Canikli, &#8220;Bu projeyi de biraz daha geli\u015ftiriyoruz. Uzaktan kumandal\u0131 i\u015f makinelerinin yan\u0131nda uzaktan kumandal\u0131 kara sava\u015f ara\u00e7lar\u0131n\u0131 geli\u015ftirmekteyiz. Afrin \u015fehir merkezine yakla\u015ft\u0131k\u00e7a bu uzaktan kumandal\u0131 i\u015f makinelerini daha fazla kullanaca\u011f\u0131z. \u015eu anda askeri fabrikalarda 5 kilometre mesafeden kontrol edilebilir bir sistem geli\u015ftiriyoruz.&#8221; dedi.<\/p>\n<p>Nurettin Canikli, savunma sanayinde d\u00fcnyan\u0131n hen\u00fcz yeni geli\u015ftirmeye \u00e7al\u0131\u015ft\u0131\u011f\u0131 aktif koruma sistemlerini Mart ay\u0131nda tanklara monte etmeye ba\u015flayacaklar\u0131n\u0131 bildirdi.<\/p>\n<p>&#8220;Sistem, tanka y\u00f6nelik m\u00fchimmat ate\u015flendi\u011finde radarlar\u0131yla m\u00fchimmat\u0131 tespit ediyor, h\u0131z\u0131 ile birlikte izlemeye al\u0131yor ve tanka ula\u015fmadan belli bir mesafede tank\u0131n \u00fczerinden at\u0131lan bomba ile bu m\u00fchimmat\u0131 havada imha ediyor. Bu sistemin ad\u0131 PULAT. Bu sistem, at\u0131lan m\u00fchimmat\u0131 8-10 metre mesafede kar\u015f\u0131l\u0131yor. Ayr\u0131ca AKKOR adl\u0131 ba\u015fka bir sistem var. O da at\u0131lan m\u00fchimmat\u0131 100 metre mesafede kar\u015f\u0131l\u0131yor. Ayn\u0131 S400&#8217;lerin \u00e7al\u0131\u015fma mant\u0131\u011f\u0131nda.&#8221;<\/p>\n<p>Nurettin Canikli, \u00fcretimi yap\u0131lan korvetlerin tasar\u0131mlar\u0131n\u0131n tamamen yerli ve milli, silah sistemlerinin de \u00f6nemli b\u00f6l\u00fcm\u00fcn\u00fcn yerli oldu\u011funu belirterek, Milli Gemi (M\u0130LGEM) projesinin son derece sofistike ve sava\u015f kabiliyetinin bulundu\u011funu ifade etti.<\/p>\n<p>&#8220;Proje kapsam\u0131nda \u015fu an 5. korvet k\u0131zakta. 6, 7, 8&#8217;i de k\u0131za\u011fa \u00e7\u0131karaca\u011f\u0131z yak\u0131nda. \u0130stanbul Tersanesi&#8217;nin kapasitesi belli. Sivil tersanelere de i\u015f verilecek. \u00d6zellikle d\u00fcnyadaki, Akdeniz&#8217;deki son geli\u015fmeler, bizim denizde \u00e7ok g\u00fc\u00e7l\u00fc sava\u015f gemilerine ve denizalt\u0131lara sahip olma gere\u011fini ortaya \u00e7\u0131kar\u0131yor. Bir de mevcutlar\u0131n yenilenmesi gerekiyor. Bu \u00e7er\u00e7evede bunlar\u0131 h\u0131zl\u0131 bir \u015fekilde yap\u0131yoruz. Daha da \u00f6nemlisi yurt d\u0131\u015f\u0131ndan da korvetler ve denizalt\u0131lar i\u00e7in \u00e7ok \u00f6nemli sipari\u015fler var. Hatta deniz kuvvetleri i\u00e7in yapt\u0131\u011f\u0131m\u0131z bir gemiyi sat\u0131n almak isteyen bir \u00fclke dahi var. Satm\u0131yoruz, \u00e7\u00fcnk\u00fc bize laz\u0131m.&#8221;<\/p>\n<p>Kaynak: AA<\/p>\n","protected":false},"excerpt":{"rendered":"<p>Afrin&#8217;de uzaktan kumandal\u0131 i\u015f makinelerini daha fazla kullanacaklar\u0131n\u0131 belirten, Bakan Nurettin Canikli, 5 kilometre mesafeden kontrol edilebilir bir sistem geli\u015ftiriyoruz.&#8221; dedi.<\/p>\n","protected":false},"author":1000097,"featured_media":2710,"comment_status":"open","ping_status":"closed","sticky":false,"template":"","format":"standard","meta":[],"categories":[58],"tags":[],"_links":{"self":[{"href":"https:\/\/www.vizyon2023.com.tr\/index.php\/wp-json\/wp\/v2\/posts\/2709"}],"collection":[{"href":"https:\/\/www.vizyon2023.com.tr\/index.php\/wp-json\/wp\/v2\/posts"}],"about":[{"href":"https:\/\/www.vizyon2023.com.tr\/index.php\/wp-json\/wp\/v2\/types\/post"}],"author":[{"embeddable":true,"href":"https:\/\/www.vizyon2023.com.tr\/index.php\/wp-json\/wp\/v2\/users\/1000097"}],"replies":[{"embeddable":true,"href":"https:\/\/www.vizyon2023.com.tr\/index.php\/wp-json\/wp\/v2\/comments?post=2709"}],"version-history":[{"count":0,"href":"https:\/\/www.vizyon2023.com.tr\/index.php\/wp-json\/wp\/v2\/posts\/2709\/revisions"}],"wp:featuredmedia":[{"embeddable":true,"href":"https:\/\/www.vizyon2023.com.tr\/index.php\/wp-json\/wp\/v2\/media\/2710"}],"wp:attachment":[{"href":"https:\/\/www.vizyon2023.com.tr\/index.php\/wp-json\/wp\/v2\/media?parent=2709"}],"wp:term":[{"taxonomy":"category","embeddable":true,"href":"https:\/\/www.vizyon2023.com.tr\/index.php\/wp-json\/wp\/v2\/categories?post=2709"},{"taxonomy":"post_tag","embeddable":true,"href":"https:\/\/www.vizyon2023.com.tr\/index.php\/wp-json\/wp\/v2\/tags?post=2709"}],"curies":[{"name":"wp","href":"https:\/\/api.w.org\/{rel}","templated":true}]}}