{"id":2691,"date":"2018-02-28T11:36:53","date_gmt":"2018-02-28T09:36:53","guid":{"rendered":"http:\/\/www.vizyon2023.com.tr\/index.php\/2018\/02\/28\/cocuk-istismarcilarina-agirlastirilmis-muebbet-geliyor\/"},"modified":"2018-02-28T11:36:53","modified_gmt":"2018-02-28T09:36:53","slug":"cocuk-istismarcilarina-agirlastirilmis-muebbet-geliyor","status":"publish","type":"post","link":"https:\/\/www.vizyon2023.com.tr\/index.php\/2018\/02\/28\/cocuk-istismarcilarina-agirlastirilmis-muebbet-geliyor\/","title":{"rendered":"\u00c7ocuk istismarc\u0131lar\u0131na a\u011f\u0131rla\u015ft\u0131r\u0131lm\u0131\u015f m\u00fcebbet geliyor"},"content":{"rendered":"<p>Ba\u015fbakan Yard\u0131mc\u0131s\u0131 Recep Akda\u011f, Anadolu Ajans\u0131 Edit\u00f6r Masas\u0131&#8217;nda g\u00fcndeme ili\u015fkin de\u011ferlendirmelerde bulundu.<\/p>\n<p><strong>&#8220;A\u011f\u0131rla\u015ft\u0131r\u0131lm\u0131\u015f m\u00fcebbet d\u00fc\u015f\u00fcn\u00fcyoruz&#8221;<\/strong><\/p>\n<p>Akda\u011f, &#8220;B\u00f6yle k\u00f6t\u00fc bir fiili i\u015flemi\u015f sonra da yavrumuzun hayat\u0131na k\u0131ym\u0131\u015f birisi i\u00e7in do\u011frusu a\u011f\u0131rla\u015ft\u0131r\u0131lm\u0131\u015f m\u00fcebbet d\u00fc\u015f\u00fcn\u00fcyoruz.&#8221; bilgisini verdi.<\/p>\n<p>\u00c7ocuk istismar\u0131 d\u00fczenlemesine ili\u015fkinMHP ve CHP&#8217;yi ziyaret edece\u011fini a\u00e7\u0131klayan Recep Akda\u011f, &#8220;Elbette oy birli\u011fiyle ge\u00e7mesi aray\u0131\u015f\u0131 i\u00e7indeyiz, zaten bu diyalo\u011fu onun i\u00e7in kuruyoruz. Esneklik dedi\u011fimiz konu da bir husustan taviz vermek anlam\u0131nda de\u011fil, en do\u011fruyu bulmak anlam\u0131nda elbette esnek olmal\u0131s\u0131n\u0131z.&#8221; dedi.<\/p>\n<p>Akda\u011f, \u00c7ocuk \u0130zlem Merkezleri&#8217;nin yayg\u0131nla\u015ft\u0131r\u0131laca\u011f\u0131n\u0131 belirterek, &#8220;Sa\u011fl\u0131k Bakanl\u0131\u011f\u0131m\u0131z, \u00c7ocuk \u0130zlem Merkezlerinin (\u00c7\u0130M) 2018&#8217;de toplam etki alan\u0131n\u0131n, n\u00fcfusun y\u00fczde 78&#8217;ine ula\u015fmas\u0131n\u0131 hedeflemi\u015fti. \u015e\u00f6yle bir karar ald\u0131k; n\u00fcfusun y\u00fczde 100&#8217;\u00fcne ula\u015facak. B\u00fct\u00fcn illerimizde \u00c7\u0130M&#8217;leri yayg\u0131nla\u015ft\u0131raca\u011f\u0131z.&#8221; de\u011ferlendirmesinde bulundu.<\/p>\n<p><strong>&#8220;28 \u015eubat inan\u00e7lara sayg\u0131n\u0131n yok edilmeye \u00e7al\u0131\u015f\u0131ld\u0131\u011f\u0131 bir d\u00f6nemdi&#8221;<\/strong><\/p>\n<p>Akda\u011f, &#8220;28 \u015eubat; ho\u015fg\u00f6r\u00fcn\u00fcn, \u00e7o\u011fulculu\u011fun, insan haklar\u0131n\u0131n ve inan\u00e7lara sayg\u0131n\u0131n yok edilmeye \u00e7al\u0131\u015f\u0131ld\u0131\u011f\u0131 bir d\u00f6nemdi.&#8221; dedi.<\/p>\n<p><strong>Salih M\u00fcsl\u00fcm&#8217;\u00fcn serbest b\u0131rak\u0131lmas\u0131<\/strong><\/p>\n<p>Salih M\u00fcsl\u00fcm&#8217;\u00fcn serbest b\u0131rak\u0131lmas\u0131 ile ilgili olarak da Akda\u011f, &#8220;Bu, ter\u00f6r su\u00e7lusu. Bunu T\u00fcrkiye&#8217;ye vermek gerekir. Bu husustaki hukuki s\u00fcreci \u0131srarla takip edece\u011fiz. \u00c7ekya&#8217;dan ve di\u011fer \u00fclkelerden de buna benzer su\u00e7lular\u0131n iadesini talep etti\u011fimiz zaman uluslararas\u0131 hukuka ve kendileriyle anla\u015fmam\u0131za uygun bi\u00e7imde bize iadelerini bekliyoruz. Aksi \u00e7ifte standart olur, aksi samimiyetsizlik olur.&#8221; \u015feklinde konu\u015ftu.<\/p>\n<p><strong>&#8220;Hem F\u0131rat Kalkan\u0131 b\u00f6lgesinde hem \u0130dlib b\u00f6lgesinde belli alanlar olu\u015fturduk&#8221;<\/strong><\/p>\n<p>Ba\u015fbakan Yard\u0131mc\u0131s\u0131 Akda\u011f, &#8220;Asl\u0131nda bizim beklentimiz ve \u00f6ng\u00f6r\u00fcm\u00fcz bu harekat\u0131n (Zeytin Dal\u0131 Harekat\u0131) ba\u015far\u0131l\u0131 olmas\u0131ndan sonra di\u011fer taraftan bu tarafa bir s\u0131\u011f\u0131nmac\u0131 g\u00f6\u00e7\u00fcn\u00fcn de\u011fil, tam tersine T\u00fcrkiye&#8217;den Suriye&#8217;ye bir ge\u00e7i\u015fin olaca\u011f\u0131d\u0131r.&#8221; dedi.<\/p>\n<p>Suriye&#8217;den olas\u0131 s\u0131\u011f\u0131nmac\u0131 g\u00f6\u00e7\u00fcne dair Akda\u011f, &#8220;Do\u011frusu \u00e7ok ciddi bir g\u00f6\u00e7 dalgas\u0131yla ilgili \u00f6n i\u015faret yok. Ama bu hususta tecr\u00fcbeli oldu\u011fumuz i\u00e7in olabilecekmi\u015f gibi de haz\u0131rl\u0131klar\u0131m\u0131z\u0131 yap\u0131yoruz. Hem F\u0131rat Kalkan\u0131 b\u00f6lgesinde hem \u0130dlib b\u00f6lgesinde belli alanlar olu\u015fturduk. 200 bine yak\u0131n hareketlili\u011fi buralarda y\u00f6netebilecek durumday\u0131z.&#8221; ifadelerini kulland\u0131.<\/p>\n<p>Kaynak: AA\/TRT Haber<\/p>\n","protected":false},"excerpt":{"rendered":"<p>Ba\u015fbakan Yard\u0131mc\u0131s\u0131 Recep Akda\u011f, \u00e7ocuk istismar\u0131 su\u00e7unu i\u015fleyenler i\u00e7in a\u011f\u0131rla\u015ft\u0131r\u0131lm\u0131\u015f m\u00fcebbet hapis cezas\u0131 uygulanaca\u011f\u0131n\u0131 s\u00f6yledi.<\/p>\n","protected":false},"author":1000097,"featured_media":2692,"comment_status":"open","ping_status":"closed","sticky":false,"template":"","format":"standard","meta":[],"categories":[58],"tags":[],"_links":{"self":[{"href":"https:\/\/www.vizyon2023.com.tr\/index.php\/wp-json\/wp\/v2\/posts\/2691"}],"collection":[{"href":"https:\/\/www.vizyon2023.com.tr\/index.php\/wp-json\/wp\/v2\/posts"}],"about":[{"href":"https:\/\/www.vizyon2023.com.tr\/index.php\/wp-json\/wp\/v2\/types\/post"}],"author":[{"embeddable":true,"href":"https:\/\/www.vizyon2023.com.tr\/index.php\/wp-json\/wp\/v2\/users\/1000097"}],"replies":[{"embeddable":true,"href":"https:\/\/www.vizyon2023.com.tr\/index.php\/wp-json\/wp\/v2\/comments?post=2691"}],"version-history":[{"count":0,"href":"https:\/\/www.vizyon2023.com.tr\/index.php\/wp-json\/wp\/v2\/posts\/2691\/revisions"}],"wp:featuredmedia":[{"embeddable":true,"href":"https:\/\/www.vizyon2023.com.tr\/index.php\/wp-json\/wp\/v2\/media\/2692"}],"wp:attachment":[{"href":"https:\/\/www.vizyon2023.com.tr\/index.php\/wp-json\/wp\/v2\/media?parent=2691"}],"wp:term":[{"taxonomy":"category","embeddable":true,"href":"https:\/\/www.vizyon2023.com.tr\/index.php\/wp-json\/wp\/v2\/categories?post=2691"},{"taxonomy":"post_tag","embeddable":true,"href":"https:\/\/www.vizyon2023.com.tr\/index.php\/wp-json\/wp\/v2\/tags?post=2691"}],"curies":[{"name":"wp","href":"https:\/\/api.w.org\/{rel}","templated":true}]}}