{"id":2654,"date":"2018-02-22T10:53:50","date_gmt":"2018-02-22T08:53:50","guid":{"rendered":"http:\/\/www.vizyon2023.com.tr\/index.php\/2018\/02\/22\/londrada-turk-gencin-oldurulmesiyle-ilgili-3-gozalti\/"},"modified":"2018-02-22T10:53:50","modified_gmt":"2018-02-22T08:53:50","slug":"londrada-turk-gencin-oldurulmesiyle-ilgili-3-gozalti","status":"publish","type":"post","link":"https:\/\/www.vizyon2023.com.tr\/index.php\/2018\/02\/22\/londrada-turk-gencin-oldurulmesiyle-ilgili-3-gozalti\/","title":{"rendered":"Londra&#8217;da T\u00fcrk gencin \u00f6ld\u00fcr\u00fclmesiyle ilgili 3. g\u00f6zalt\u0131"},"content":{"rendered":"<p>Polisin yapt\u0131\u011f\u0131 a\u00e7\u0131klamada, Londra&#8217;n\u0131n do\u011fusundaki Barking semtinde 18 ya\u015f\u0131nda bir erke\u011fin \u00d6zcan cinayeti ile ilgili g\u00f6zalt\u0131na al\u0131nd\u0131\u011f\u0131 aktar\u0131ld\u0131.<\/p>\n<p>A\u00e7\u0131klamada, &#8220;cinayet \u015f\u00fcphesiyle g\u00f6zalt\u0131na al\u0131nan&#8221; ki\u015finin kefaletle serbest b\u0131rak\u0131ld\u0131\u011f\u0131 ancak kefalet s\u00fcresinin mart ay\u0131 ortas\u0131nda sona erece\u011fi kaydedildi.<\/p>\n<p>Soru\u015fturman\u0131n cinayet masas\u0131 dedektifleri taraf\u0131ndan y\u00fcr\u00fct\u00fcld\u00fc\u011f\u00fc belirtilen a\u00e7\u0131klamada, g\u00f6rg\u00fc tan\u0131klar\u0131na da emniyet yetkilileriyle ileti\u015fime ge\u00e7me \u00e7a\u011fr\u0131s\u0131 yinelendi.<\/p>\n<p>\u00d6zcan cinayeti ile ilgili olarak ge\u00e7en hafta da kentin do\u011fusunda Dagenham ve Hornchurch semtlerindeki adreslerde kimlikleri a\u00e7\u0131klanmayan 15 ve 19 ya\u015flar\u0131ndaki iki erke\u011fin g\u00f6zalt\u0131na al\u0131nd\u0131\u011f\u0131 belirtilmi\u015fti.<\/p>\n<p><strong>Hasan \u00d6zcan cinayeti<\/strong><\/p>\n<p>\u00dcniversite \u00f6\u011frencisi Hasan \u00d6zcan, ba\u015fkentin do\u011fusundaki Barking semtinde 3 \u015eubat gecesi u\u011frad\u0131\u011f\u0131 b\u0131\u00e7akl\u0131 sald\u0131r\u0131 sonucu hayat\u0131n\u0131 kaybetmi\u015fti.<\/p>\n<p>Ailesi, o\u011fullar\u0131n\u0131n daha \u00f6nce de sald\u0131r\u0131ya u\u011frad\u0131\u011f\u0131n\u0131 ve ba\u015f\u0131ndan yaraland\u0131\u011f\u0131n\u0131, sald\u0131rganlar\u0131n ise &#8220;delil yetersizli\u011fi&#8221; gerek\u00e7esi ile serbest b\u0131rak\u0131ld\u0131\u011f\u0131n\u0131 a\u00e7\u0131klam\u0131\u015ft\u0131.<\/p>\n<p>Polis, cinayetle ilgili ba\u015flatt\u0131\u011f\u0131 soru\u015fturmada g\u00f6rg\u00fc tan\u0131\u011f\u0131 arad\u0131\u011f\u0131n\u0131 duyurmu\u015ftu.<\/p>\n<p>Kaynak: AA<\/p>\n","protected":false},"excerpt":{"rendered":"<p>\u0130ngiliz polisi, ba\u015fkent Londra&#8217;da 19 ya\u015f\u0131ndaki T\u00fcrk genci Hasan \u00d6zcan&#8217;\u0131n b\u0131\u00e7akl\u0131 sald\u0131r\u0131 sonucu \u00f6ld\u00fcr\u00fclmesiyle ba\u011flant\u0131l\u0131 olarak \u00fc\u00e7\u00fcnc\u00fc ki\u015fiyi g\u00f6zalt\u0131na ald\u0131\u011f\u0131n\u0131 duyurdu.<\/p>\n","protected":false},"author":1000097,"featured_media":2655,"comment_status":"open","ping_status":"closed","sticky":false,"template":"","format":"standard","meta":[],"categories":[61],"tags":[],"_links":{"self":[{"href":"https:\/\/www.vizyon2023.com.tr\/index.php\/wp-json\/wp\/v2\/posts\/2654"}],"collection":[{"href":"https:\/\/www.vizyon2023.com.tr\/index.php\/wp-json\/wp\/v2\/posts"}],"about":[{"href":"https:\/\/www.vizyon2023.com.tr\/index.php\/wp-json\/wp\/v2\/types\/post"}],"author":[{"embeddable":true,"href":"https:\/\/www.vizyon2023.com.tr\/index.php\/wp-json\/wp\/v2\/users\/1000097"}],"replies":[{"embeddable":true,"href":"https:\/\/www.vizyon2023.com.tr\/index.php\/wp-json\/wp\/v2\/comments?post=2654"}],"version-history":[{"count":0,"href":"https:\/\/www.vizyon2023.com.tr\/index.php\/wp-json\/wp\/v2\/posts\/2654\/revisions"}],"wp:featuredmedia":[{"embeddable":true,"href":"https:\/\/www.vizyon2023.com.tr\/index.php\/wp-json\/wp\/v2\/media\/2655"}],"wp:attachment":[{"href":"https:\/\/www.vizyon2023.com.tr\/index.php\/wp-json\/wp\/v2\/media?parent=2654"}],"wp:term":[{"taxonomy":"category","embeddable":true,"href":"https:\/\/www.vizyon2023.com.tr\/index.php\/wp-json\/wp\/v2\/categories?post=2654"},{"taxonomy":"post_tag","embeddable":true,"href":"https:\/\/www.vizyon2023.com.tr\/index.php\/wp-json\/wp\/v2\/tags?post=2654"}],"curies":[{"name":"wp","href":"https:\/\/api.w.org\/{rel}","templated":true}]}}