{"id":2648,"date":"2018-02-22T10:49:30","date_gmt":"2018-02-22T08:49:30","guid":{"rendered":"http:\/\/www.vizyon2023.com.tr\/index.php\/2018\/02\/22\/cumhurbaskani-erdogan-insansiz-tank-uretecegiz\/"},"modified":"2018-02-22T10:49:30","modified_gmt":"2018-02-22T08:49:30","slug":"cumhurbaskani-erdogan-insansiz-tank-uretecegiz","status":"publish","type":"post","link":"https:\/\/www.vizyon2023.com.tr\/index.php\/2018\/02\/22\/cumhurbaskani-erdogan-insansiz-tank-uretecegiz\/","title":{"rendered":"Cumhurba\u015fkan\u0131 Erdo\u011fan: \u0130nsans\u0131z tank \u00fcretece\u011fiz"},"content":{"rendered":"<p>Cumhurba\u015fkan\u0131 Recep Tayyip Erdo\u011fan, Be\u015ftepe Millet K\u00fclt\u00fcr ve Kongre Merkezi&#8217;nde 11. Kalk\u0131nma Plan\u0131 Tan\u0131t\u0131m Toplant\u0131s\u0131&#8217;nda konu\u015ftu.<\/p>\n<p>Cumhurba\u015fkan\u0131 Recep Tayyip Erdo\u011fan&#8217;\u0131n a\u00e7\u0131klamalar\u0131ndan \u00f6ne \u00e7\u0131kan ba\u015fl\u0131klar:<\/p>\n<p><strong>&#8220;Adalet ve kalk\u0131nmay\u0131 iki temel \u00f6nceli\u011fimiz olarak belirledik&#8221;<\/strong><\/p>\n<p>\u0130nsanl\u0131k daha iyi bir hayat\u0131n aray\u0131\u015f\u0131 i\u00e7erisinde olmu\u015ftur. Kalk\u0131nma yar\u0131\u015f\u0131 b\u00fcy\u00fck bir rekabet i\u00e7erisinde devam etmektedir. Biz de milletimize hizmete talip olurken adalet ve kalk\u0131nmay\u0131 iki temel \u00f6nceli\u011fimiz olarak belirledik.<\/p>\n<p>T\u00fcm potansiyeli ile milletimize inanarak yola \u00e7\u0131km\u0131\u015ft\u0131k. Nitekim 15 y\u0131ll\u0131k iktidar\u0131m\u0131z boyunca elde etti\u011fimiz ba\u015far\u0131lar t\u00fcm Cumhuriyet tarihinin \u00fczerine \u00e7\u0131km\u0131\u015ft\u0131r.<\/p>\n<p>Bu s\u00fcre\u00e7te f\u0131rsatlar\u0131 ve riskleri en iyi \u015fekilde dengeleyip, kaynaklar\u0131 azami \u00f6l\u00e7\u00fcde de\u011ferlendiren \u00fclkeler hedeflerine ula\u015fabilecekler. Bunu yapamayan devlet ve toplumlar ise gerilemeye devam edeceklerdir. Ama\u00e7lar\u0131m\u0131za ula\u015fman\u0131n en \u00f6nemli amac\u0131, planlamad\u0131r.<\/p>\n<p>Acil eylem plan\u0131m\u0131z, 9. ve 10. kalk\u0131nma plan\u0131m\u0131z, vizyon 2023 belgemiz en somut belgedir. Bug\u00fcn b\u00f6lgemizde ve t\u00fcm d\u00fcnyada ya\u015fanan geli\u015fmeler bunun \u00f6rnekleri ile doludur.<\/p>\n<p><strong>&#8220;2053 ve 2071 vizyonlar\u0131n\u0131 kendimize ufuk \u00e7izgisi olarak belirledik&#8221;<\/strong><\/p>\n<p>Cumhuriyetimizin kurulu\u015funun 100. y\u0131l\u0131nda \u00fclkemizi d\u00fcnyan\u0131n en b\u00fcy\u00fck 10 ekonomisinden biri haline getirmek i\u00e7in 2023 vizyonumuzu geli\u015ftirmi\u015ftik. Bug\u00fcn 2023&#8217;e be\u015f kala art\u0131k daha uzun soluklu hedefleri benimseme, ortaya koyma a\u015famas\u0131nday\u0131z. 2053 ve 2071 vizyonlar\u0131n\u0131 kendimize ufuk \u00e7izgisi olarak belirledik. Bu ufka do\u011fru emin ad\u0131mlarla y\u00fcr\u00fcrken daha ziyade orta vadeli bir planlamay\u0131 ifade eden 2033&#8217;\u00fc de g\u00fcndemimize ald\u0131k.<\/p>\n<p><strong>&#8220;Ula\u015ft\u0131rma yat\u0131r\u0131mlar\u0131m\u0131z ile uza\u011f\u0131 yak\u0131n ettik&#8221;<\/strong><\/p>\n<p>T\u00fcrkiye 2002 y\u0131l\u0131nda 17 milyar liral\u0131k kamu yat\u0131r\u0131m\u0131 yap\u0131yordu. H\u00fck\u00fcmetlerimiz d\u00f6neminde bu rakam\u0131 7 kat art\u0131rarak 2017 y\u0131l\u0131nda 128 milyar liraya \u00e7\u0131kard\u0131k.<\/p>\n<p>Yat\u0131r\u0131mlar\u0131 kamu-\u00f6zel olarak yapt\u0131rd\u0131k. T\u00fcrkiye&#8217;deki d\u00f6nemimiz i\u00e7erisinde yapt\u0131rd\u0131\u011f\u0131m\u0131z havalimanlar\u0131n\u0131n tamam\u0131 b\u00f6yle. \u00d6zellikle ula\u015ft\u0131rma yat\u0131r\u0131mlar\u0131m\u0131z ile uza\u011f\u0131 yak\u0131n ettik 6 bin 100 kilometre olan b\u00f6l\u00fcnm\u00fc\u015f yol a\u011f\u0131 uzunlu\u011funu biz 2002&#8217;den sonra 26 bin kilometreye \u00e7\u0131kard\u0131k. 2002&#8217;de \u00fclkemizde bulunmayan y\u00fcksek h\u0131zl\u0131 tren hatlar\u0131n\u0131 2017 y\u0131l\u0131nda bin 2013 kilometreye \u00e7\u0131kard\u0131k.<\/p>\n<p><strong>&#8220;Bu y\u0131l\u0131n sonuna kadar t\u00fcm illerimize do\u011falgaz ula\u015facak&#8221;<\/strong><\/p>\n<p>2002 y\u0131l\u0131nda 6 ifde do\u011falgaz kullan\u0131l\u0131rken \u015fu anda 78 ilimizde do\u011falgaz kullanma imkan\u0131 var. Bu y\u0131l\u0131n sonuna kadar t\u00fcm illerimize do\u011falgaz ula\u015ft\u0131rmay\u0131 planl\u0131yoruz.<\/p>\n<p><strong>&#8220;600 projeyi y\u00fczde 65&#8217;in \u00fczerinde yerlilikle s\u00fcr\u00fcr\u00fcr hale geldik&#8221;<\/strong><\/p>\n<p>Savunma sanayimizdeki hamleler, 2002 y\u0131l\u0131nda \u00fclkemizde 66 savunma projesi yakla\u015f\u0131k y\u00fczde 20 yerlilik oran\u0131 ile y\u00fcr\u00fct\u00fcl\u00fcyordu. 2017 y\u0131l\u0131nda 600 projeyi y\u00fczde 65&#8217;in \u00fczerinde yerlilik haliyle s\u00fcrd\u00fcr\u00fcr hale geldik.<\/p>\n<p><strong>&#8220;K\u00f6t\u00fc kom\u015fu ev sahibi yapar&#8221;<\/strong><\/p>\n<p>\u015eu anda Afrin&#8217;de z\u0131rhl\u0131 ta\u015f\u0131y\u0131c\u0131lar\u0131m\u0131z var ya, bunlar\u0131n neredeyse tamam\u0131 yerli. Bizim silahl\u0131 insans\u0131z hava ara\u00e7lar\u0131m\u0131z var ya, bunlar\u0131n neredeyse tamam\u0131 yerli.Hani bir s\u00f6z var ya; k\u00f6t\u00fc kom\u015fu ev sahibi yapar. k\u00f6t\u00fc kom\u015fular bizi hamdolsun silahl\u0131 ve silahs\u0131z hava arac\u0131 sahibi yapt\u0131lar.<\/p>\n<p>E\u011fer \u015fu anda bunu biz kendimiz \u00fcretiyor olmasayd\u0131k, &#8216;Bir tane insans\u0131z hava arac\u0131m\u0131z d\u00fc\u015fse ne olur&#8217; diye d\u00fc\u015f\u00fcn\u00fcrd\u00fck. Ama \u015fimdi d\u00fc\u015f\u00fcnm\u00fcyoruz. D\u00fc\u015f\u00fcr\u00fcrseniz d\u00fc\u015f\u00fcr\u00fcn be. \u0130kincisi de \u00fc\u00e7\u00fcnc\u00fcs\u00fc de d\u00f6rd\u00fcnc\u00fcs\u00fc de var, gelin.<\/p>\n<p>Cumhurba\u015fkan\u0131 Erdo\u011fan: Hani bir s\u00f6z var ya; k\u00f6t\u00fc kom\u015fu ev sahibi yapar. K\u00f6t\u00fc kom\u015fular bizi en sonunda hamdolsun silahl\u0131 ve silahs\u0131z insans\u0131z hava arac\u0131 sahibi yapt\u0131lar.https:\/\/t.co\/AumKUUFJGA pic.twitter.com\/R4HWhBbQTy<\/p>\n<p>\u2014 TRT Haber Canl\u0131 (@trthabercanli) 21 \u015eubat 2018<\/p>\n<p><strong>&#8220;\u0130nsans\u0131z tank \u00fcretece\u011fiz&#8221;<\/strong><\/p>\n<p>Biz buraya geldik, daha iyiye ta\u015f\u0131yaca\u011f\u0131z. Biz insans\u0131z tanklar\u0131 da \u00fcretir hale gelmemiz laz\u0131m ve bunu da yapaca\u011f\u0131z. O t\u00fcr \u015feyleri d\u00fc\u015f\u00fcnmeyece\u011fiz. Art\u0131k bu teknolojiyi yakalayan \u00fclke konumuna geliyoruz.<\/p>\n<p>Cumhurba\u015fkan\u0131 Erdo\u011fan: \u0130nsans\u0131z tanklar\u0131 da \u00fcretir hale gelmemiz laz\u0131m ve bunu da yapaca\u011f\u0131z.https:\/\/t.co\/AumKUUFJGA pic.twitter.com\/dc0FM6iwpa<\/p>\n<p>\u2014 TRT Haber Canl\u0131 (@trthabercanli) 21 \u015eubat 2018<\/p>\n<p>Biz bu n\u00fcfusunun k\u0131ymetini bilmemiz laz\u0131m. e\u011fitim sanayi i\u015fbirli\u011fi programlar\u0131m\u0131z\u0131 daha da geli\u015ftirerek, hedeflerimize ad\u0131m ad\u0131m ula\u015faca\u011f\u0131z. Bu noktada asla geri durmayaca\u011f\u0131z.<\/p>\n<p>Afrin&#8217;de birilerine muhta\u00e7 durumda olsayduk bu noktaya gelemezdik. Kendi g\u00f6be\u011fimizi kestik ve 1780 ter\u00f6risti etkisiz hale getirdik.<\/p>\n<p>D\u00fcn g\u00fcneyde bir giri\u015fimde bulunmak istediler. Toplar\u0131m\u0131z, S\u0130HA&#8217;lar\u0131m\u0131z gerekeni yapt\u0131. Geri d\u00f6nmek zorunda kald\u0131lar.<\/p>\n<p><strong>GDO&#8217;lu \u00fcr\u00fcnler<\/strong><\/p>\n<p>GDO&#8217;lu \u00fcr\u00fcnler noktas\u0131ndaki hassasiyetimizi art\u0131rmam\u0131z laz\u0131m. Devlet olarak birinci derecede bu bizim sorumlulu\u011fumuzda. H\u00fck\u00fcmet olarak bu konuda ataca\u011f\u0131m\u0131z ad\u0131mlar\u0131n hassasiyetini \u00f6zellikle ifade etmek istiyorum.<\/p>\n<p><strong>&#8220;\u0130la\u00e7 sanayisinde darbeler yedik&#8221;<\/strong><\/p>\n<p>Kimyasal\u0131n a\u011f\u0131rl\u0131kta oldu\u011fu \u00fcretimler sebebiyle ila\u00e7 sanayisinde darbeler yedi\u011fimize inan\u0131yorum. Bu konunun \u00fczerinde bence hocalar\u0131m\u0131z\u0131n durmas\u0131 laz\u0131m. Biz kimyasaldan do\u011fala m\u0131 gidece\u011fiz, do\u011faldan kimyasala m\u0131 gidece\u011fiz, bunlar \u00fczerinde de bir \u00e7al\u0131\u015fman\u0131n yap\u0131lmas\u0131n\u0131n gere\u011fine inan\u0131yorum.<\/p>\n","protected":false},"excerpt":{"rendered":"<p>Cumhurba\u015fkan\u0131 Recep Tayyip Erdo\u011fan, &#8220;Biz buraya geldik, daha iyiye ta\u015f\u0131yaca\u011f\u0131z. Biz insans\u0131z tanklar\u0131 da \u00fcretir hale gelmemiz laz\u0131m ve bunu da yapaca\u011f\u0131z&#8221; dedi.<\/p>\n","protected":false},"author":1000097,"featured_media":2649,"comment_status":"open","ping_status":"closed","sticky":false,"template":"","format":"standard","meta":[],"categories":[58],"tags":[],"_links":{"self":[{"href":"https:\/\/www.vizyon2023.com.tr\/index.php\/wp-json\/wp\/v2\/posts\/2648"}],"collection":[{"href":"https:\/\/www.vizyon2023.com.tr\/index.php\/wp-json\/wp\/v2\/posts"}],"about":[{"href":"https:\/\/www.vizyon2023.com.tr\/index.php\/wp-json\/wp\/v2\/types\/post"}],"author":[{"embeddable":true,"href":"https:\/\/www.vizyon2023.com.tr\/index.php\/wp-json\/wp\/v2\/users\/1000097"}],"replies":[{"embeddable":true,"href":"https:\/\/www.vizyon2023.com.tr\/index.php\/wp-json\/wp\/v2\/comments?post=2648"}],"version-history":[{"count":0,"href":"https:\/\/www.vizyon2023.com.tr\/index.php\/wp-json\/wp\/v2\/posts\/2648\/revisions"}],"wp:featuredmedia":[{"embeddable":true,"href":"https:\/\/www.vizyon2023.com.tr\/index.php\/wp-json\/wp\/v2\/media\/2649"}],"wp:attachment":[{"href":"https:\/\/www.vizyon2023.com.tr\/index.php\/wp-json\/wp\/v2\/media?parent=2648"}],"wp:term":[{"taxonomy":"category","embeddable":true,"href":"https:\/\/www.vizyon2023.com.tr\/index.php\/wp-json\/wp\/v2\/categories?post=2648"},{"taxonomy":"post_tag","embeddable":true,"href":"https:\/\/www.vizyon2023.com.tr\/index.php\/wp-json\/wp\/v2\/tags?post=2648"}],"curies":[{"name":"wp","href":"https:\/\/api.w.org\/{rel}","templated":true}]}}