{"id":2642,"date":"2018-02-22T10:47:26","date_gmt":"2018-02-22T08:47:26","guid":{"rendered":"http:\/\/www.vizyon2023.com.tr\/index.php\/2018\/02\/22\/basbakan-yardimcisi-cavusoglu-kime-yardim-goturuyorsak-allah-rizasi-icin-yapiyoruz\/"},"modified":"2018-02-22T10:47:26","modified_gmt":"2018-02-22T08:47:26","slug":"basbakan-yardimcisi-cavusoglu-kime-yardim-goturuyorsak-allah-rizasi-icin-yapiyoruz","status":"publish","type":"post","link":"https:\/\/www.vizyon2023.com.tr\/index.php\/2018\/02\/22\/basbakan-yardimcisi-cavusoglu-kime-yardim-goturuyorsak-allah-rizasi-icin-yapiyoruz\/","title":{"rendered":"Ba\u015fbakan Yard\u0131mc\u0131s\u0131 \u00c7avu\u015fo\u011flu: Kime yard\u0131m g\u00f6t\u00fcr\u00fcyorsak Allah r\u0131zas\u0131 i\u00e7in yap\u0131yoruz"},"content":{"rendered":"<p>Ba\u015fbakan Yard\u0131mc\u0131s\u0131 Hakan \u00c7avu\u015fo\u011flu, T\u00fcrkiye nereye, kime yard\u0131m g\u00f6t\u00fcr\u00fcyorsa bunu Allah r\u0131zas\u0131 i\u00e7in yapt\u0131\u011f\u0131n\u0131 belirterek, &#8220;Gitti\u011fimiz her yere insanl\u0131k i\u00e7in gidiyoruz. Bizim asla ba\u015fka bir ajandam\u0131z yoktur, olamaz.&#8221; dedi.<\/p>\n<p>Sudan&#8217;daki resmi ziyaret program\u0131n\u0131 s\u00fcrd\u00fcren \u00c7avu\u015fo\u011flu, ba\u015fkent Hartum&#8217;da onuruna d\u00fczenlenen dostluk bulu\u015fmas\u0131na kat\u0131ld\u0131.<\/p>\n<p>T\u00fcrkiye&#8217;nin Hartum B\u00fcy\u00fckel\u00e7ili\u011fi Rezidans\u0131&#8217;ndaki etkinlikte konu\u015fan \u00c7avu\u015fo\u011flu, M\u00fcsl\u00fcmanlar\u0131n birlik olmas\u0131 gerekti\u011fini s\u00f6yledi.<\/p>\n<p><strong>&#8220;Kime yard\u0131m g\u00f6t\u00fcr\u00fcyorsak Allah r\u0131zas\u0131 i\u00e7in yap\u0131yoruz&#8221;<\/strong><\/p>\n<p>M\u00fcsl\u00fcmanlar\u0131n karde\u015f oldu\u011funu vurgulayan \u00c7avu\u015fo\u011flu, &#8220;T\u00fcrk \u0130\u015fbirli\u011fi ve Koordinasyon Ajans\u0131 Ba\u015fkanl\u0131\u011f\u0131 (T\u0130KA), Yunus Emre Enstit\u00fcs\u00fc (YEE) kurumlar\u0131m\u0131z ba\u015fta olmak \u00fczere T\u00fcrkiye nereye, kime yard\u0131m g\u00f6t\u00fcr\u00fcyorsa bunu Allah r\u0131zas\u0131 i\u00e7in yap\u0131yor. Gitti\u011fimiz her yere insanl\u0131k i\u00e7in gidiyoruz. Bizim asla ba\u015fka bir ajandam\u0131z yoktur, olamaz.&#8221; ifadelerini kulland\u0131.<\/p>\n<p><strong>&#8220;Siz ne b\u00fcy\u00fck milletsiniz&#8221;<\/strong><\/p>\n<p>\u00c7avu\u015fo\u011flu, T\u00fcrkiye-Sudan ili\u015fkilerine de de\u011findi.<\/p>\n<p>Fetullah\u00e7\u0131 Ter\u00f6r \u00d6rg\u00fct\u00fc&#8217;n\u00fcn (FET\u00d6) 15 Temmuz 2016&#8217;daki hain darbe giri\u015fiminde T\u00fcrkiye&#8217;nin yan\u0131nda duran ilk \u00fclkelerden birinin Sudan oldu\u011funu hat\u0131rlatan \u00c7avu\u015fo\u011flu, \u015f\u00f6yle devam etti:<\/p>\n<p>&#8220;Say\u0131n \u00d6mer el-Be\u015fir, Cumhurba\u015fkan\u0131m\u0131za telefon eden ilk ki\u015filerdendir. Bunu asla unutmayaca\u011f\u0131z. Yine Zeytin Dal\u0131 Harekat\u0131&#8217;nda dualar\u0131yla destek olan Sudan halk\u0131, askerimizin yan\u0131nda oldu\u011funu g\u00f6stermi\u015ftir. Sudan&#8217;\u0131n her kriz an\u0131nda T\u00fcrkiye&#8217;nin yan\u0131nda oldu\u011funu g\u00f6rmek, bize Sultan Ali Dinar&#8217;\u0131 hat\u0131rlat\u0131yor. Siz ne b\u00fcy\u00fck milletsiniz.&#8221;<\/p>\n<p>T\u00fcrkiye ile Sudan aras\u0131nda ticaret hacminin bug\u00fcn itibar\u0131yla 500 milyon dolar oldu\u011funu dile getiren \u00c7avu\u015fo\u011flu, bunu 10 milyar dolara \u00e7\u0131karmay\u0131 hedeflediklerini s\u00f6zlerine ekledi.<\/p>\n<p><strong>&#8220;Sudan\u2019\u0131n her yerinde T\u00fcrklerin izleri var&#8221;<\/strong><\/p>\n<p>Sudan Cumhurba\u015fkan\u0131 Yard\u0131mc\u0131s\u0131 \u0130brahim Mahmud Hamid ise iki \u00fclke aras\u0131ndaki m\u00fcnasebetlerin siyasi ili\u015fkilerle s\u0131n\u0131rl\u0131 olmad\u0131\u011f\u0131n\u0131 belirtti.<\/p>\n<p>T\u00fcrkiye ile Sudan ili\u015fkilerinin geli\u015ftirilmesine de\u011finen Hamid, &#8220;Tarihi, k\u00fclt\u00fcrel olmak \u00fczere k\u00f6kl\u00fc ili\u015fkilerimiz var. Recep Tayyip Erdo\u011fan ve \u00d6mer el-Be\u015fir\u2019in g\u00fczel muhabbetiyle ortak de\u011ferlerimiz g\u00fcn y\u00fcz\u00fcne \u00e7\u0131k\u0131yor. Amac\u0131m\u0131z ili\u015fkilerimizi daha iyi konuma getirmektir.&#8221; de\u011ferlendirmesinde bulundu.<\/p>\n<p>Hamid, d\u00fcnya mazlumlar\u0131n\u0131n T\u00fcrkiye&#8217;yi umut olarak g\u00f6rd\u00fc\u011f\u00fcne dikkati \u00e7ekti.<\/p>\n<p>Sudan&#8217;\u0131n her yerinde T\u00fcrklerin izleri oldu\u011funu anlatan Hamid, &#8220;Kesele&#8217;de, Darfur&#8217;da, Sevakin Adas\u0131&#8217;nda M\u00fcsl\u00fcmanlar\u0131n umudu olan T\u00fcrkiye&#8217;ye Sudan halk\u0131 ve devleti her daim destek\u00e7i olacakt\u0131r.&#8221; diyerek s\u00f6zlerini tamamlad\u0131.<\/p>\n<p>Programa, i\u015f adamlar\u0131, sivil toplum kurulu\u015fu temsilcileri ile \u00e7ok say\u0131da Sudanl\u0131 siyaset\u00e7i kat\u0131ld\u0131.<\/p>\n<p>Kaynak: AA<\/p>\n","protected":false},"excerpt":{"rendered":"<p>Ba\u015fbakan Yard\u0131mc\u0131s\u0131 Hakan \u00c7avu\u015fo\u011flu, &#8220;T\u00fcrkiye nereye, kime yard\u0131m g\u00f6t\u00fcr\u00fcyorsa bunu Allah r\u0131zas\u0131 i\u00e7in yap\u0131yor. Gitti\u011fimiz her yere insanl\u0131k i\u00e7in gidiyoruz&#8221; dedi.<\/p>\n","protected":false},"author":1000097,"featured_media":2643,"comment_status":"open","ping_status":"closed","sticky":false,"template":"","format":"standard","meta":[],"categories":[58],"tags":[],"_links":{"self":[{"href":"https:\/\/www.vizyon2023.com.tr\/index.php\/wp-json\/wp\/v2\/posts\/2642"}],"collection":[{"href":"https:\/\/www.vizyon2023.com.tr\/index.php\/wp-json\/wp\/v2\/posts"}],"about":[{"href":"https:\/\/www.vizyon2023.com.tr\/index.php\/wp-json\/wp\/v2\/types\/post"}],"author":[{"embeddable":true,"href":"https:\/\/www.vizyon2023.com.tr\/index.php\/wp-json\/wp\/v2\/users\/1000097"}],"replies":[{"embeddable":true,"href":"https:\/\/www.vizyon2023.com.tr\/index.php\/wp-json\/wp\/v2\/comments?post=2642"}],"version-history":[{"count":0,"href":"https:\/\/www.vizyon2023.com.tr\/index.php\/wp-json\/wp\/v2\/posts\/2642\/revisions"}],"wp:featuredmedia":[{"embeddable":true,"href":"https:\/\/www.vizyon2023.com.tr\/index.php\/wp-json\/wp\/v2\/media\/2643"}],"wp:attachment":[{"href":"https:\/\/www.vizyon2023.com.tr\/index.php\/wp-json\/wp\/v2\/media?parent=2642"}],"wp:term":[{"taxonomy":"category","embeddable":true,"href":"https:\/\/www.vizyon2023.com.tr\/index.php\/wp-json\/wp\/v2\/categories?post=2642"},{"taxonomy":"post_tag","embeddable":true,"href":"https:\/\/www.vizyon2023.com.tr\/index.php\/wp-json\/wp\/v2\/tags?post=2642"}],"curies":[{"name":"wp","href":"https:\/\/api.w.org\/{rel}","templated":true}]}}