{"id":2628,"date":"2018-02-21T13:17:40","date_gmt":"2018-02-21T11:17:40","guid":{"rendered":"http:\/\/www.vizyon2023.com.tr\/index.php\/2018\/02\/21\/duzce-bir-ayda-2-bin-ton-findik-ihrac-etti\/"},"modified":"2018-02-21T13:17:40","modified_gmt":"2018-02-21T11:17:40","slug":"duzce-bir-ayda-2-bin-ton-findik-ihrac-etti","status":"publish","type":"post","link":"https:\/\/www.vizyon2023.com.tr\/index.php\/2018\/02\/21\/duzce-bir-ayda-2-bin-ton-findik-ihrac-etti\/","title":{"rendered":"D\u00fczce bir ayda 2 bin ton f\u0131nd\u0131k ihra\u00e7 etti"},"content":{"rendered":"<p>G\u0131da Tar\u0131m ve Hayvanc\u0131l\u0131k \u0130l M\u00fcd\u00fcrl\u00fc\u011f\u00fc&#8217;nden yap\u0131lan a\u00e7\u0131klamada, 2018 y\u0131l\u0131 ocak ay\u0131 faaliyet raporunda, \u00e7ift\u00e7ilerin e\u011fitim \u00e7al\u0131\u015fmalar\u0131 ve yap\u0131lan i\u015flemler hakk\u0131nda bilgi verildi.<\/p>\n<p>A\u00e7\u0131klamada, il genelinde f\u0131nd\u0131k k\u00fclleme hastal\u0131\u011f\u0131, Amerikan Beyaz Kelebe\u011fi zararl\u0131s\u0131, bitkisel \u00fcretim desteklemeleri konular\u0131nda 35 \u00e7ift\u00e7iye e\u011fitim verildi\u011fini aktar\u0131ld\u0131.<\/p>\n<p>Kentin, f\u0131nd\u0131k \u00fcretimi ve ihracat\u0131 konusunda \u00f6nemli bir yere sahip oldu\u011fu kaydedilen a\u00e7\u0131klamada, \u015fu ifadelere yer verildi:<\/p>\n<p>&#8220;2018 Ocak ay\u0131 i\u00e7erisinde AB \u00fclkelerine 2 bin 80 ton i\u00e7 f\u0131nd\u0131k ihracat\u0131 ger\u00e7ekle\u015ftirilmi\u015ftir. \u0130limizdeki ihracat\u00e7\u0131 firmalar\u0131n ba\u015fvurusu \u00fczerine AB \u00fclkelerine ihra\u00e7 edilen f\u0131nd\u0131k i\u00e7in sertifika d\u00fczenlemesi yap\u0131lm\u0131\u015ft\u0131r. Ayr\u0131ca 418 ton di\u011fer g\u0131da maddeleri ihra\u00e7 edilerek sertifika d\u00fczenlenmi\u015ftir. Ay i\u00e7erisinde ayr\u0131ca hayvanc\u0131l\u0131k, su \u00fcr\u00fcnleri ve k\u0131rsal kalk\u0131nma alan\u0131nda bir\u00e7ok \u00e7al\u0131\u015fmaya imza at\u0131larak \u00e7ift\u00e7ilerimize destek verilmi\u015ftir.&#8221;<\/p>\n<p>Kaynak: AA<\/p>\n","protected":false},"excerpt":{"rendered":"<p>D\u00fczce&#8217;de, ocak ay\u0131 i\u00e7erisinde Avrupa Birli\u011fi (AB) \u00fclkelerine 2 bin 80 ton i\u00e7 f\u0131nd\u0131k ihracat\u0131 yap\u0131ld\u0131\u011f\u0131 a\u00e7\u0131kland\u0131.<\/p>\n","protected":false},"author":1000097,"featured_media":2629,"comment_status":"open","ping_status":"closed","sticky":false,"template":"","format":"standard","meta":[],"categories":[58],"tags":[],"_links":{"self":[{"href":"https:\/\/www.vizyon2023.com.tr\/index.php\/wp-json\/wp\/v2\/posts\/2628"}],"collection":[{"href":"https:\/\/www.vizyon2023.com.tr\/index.php\/wp-json\/wp\/v2\/posts"}],"about":[{"href":"https:\/\/www.vizyon2023.com.tr\/index.php\/wp-json\/wp\/v2\/types\/post"}],"author":[{"embeddable":true,"href":"https:\/\/www.vizyon2023.com.tr\/index.php\/wp-json\/wp\/v2\/users\/1000097"}],"replies":[{"embeddable":true,"href":"https:\/\/www.vizyon2023.com.tr\/index.php\/wp-json\/wp\/v2\/comments?post=2628"}],"version-history":[{"count":0,"href":"https:\/\/www.vizyon2023.com.tr\/index.php\/wp-json\/wp\/v2\/posts\/2628\/revisions"}],"wp:featuredmedia":[{"embeddable":true,"href":"https:\/\/www.vizyon2023.com.tr\/index.php\/wp-json\/wp\/v2\/media\/2629"}],"wp:attachment":[{"href":"https:\/\/www.vizyon2023.com.tr\/index.php\/wp-json\/wp\/v2\/media?parent=2628"}],"wp:term":[{"taxonomy":"category","embeddable":true,"href":"https:\/\/www.vizyon2023.com.tr\/index.php\/wp-json\/wp\/v2\/categories?post=2628"},{"taxonomy":"post_tag","embeddable":true,"href":"https:\/\/www.vizyon2023.com.tr\/index.php\/wp-json\/wp\/v2\/tags?post=2628"}],"curies":[{"name":"wp","href":"https:\/\/api.w.org\/{rel}","templated":true}]}}