{"id":2616,"date":"2018-02-21T11:42:31","date_gmt":"2018-02-21T09:42:31","guid":{"rendered":"http:\/\/www.vizyon2023.com.tr\/index.php\/2018\/02\/21\/basbakan-yardimcisi-bozdag-cocuk-istismari-ile-ilgili-cezalar-azami-derecede-artirilacak\/"},"modified":"2018-02-21T11:42:31","modified_gmt":"2018-02-21T09:42:31","slug":"basbakan-yardimcisi-bozdag-cocuk-istismari-ile-ilgili-cezalar-azami-derecede-artirilacak","status":"publish","type":"post","link":"https:\/\/www.vizyon2023.com.tr\/index.php\/2018\/02\/21\/basbakan-yardimcisi-bozdag-cocuk-istismari-ile-ilgili-cezalar-azami-derecede-artirilacak\/","title":{"rendered":"Ba\u015fbakan Yard\u0131mc\u0131s\u0131 Bozda\u011f: \u00c7ocuk istismar\u0131 ile ilgili cezalar azami derecede art\u0131r\u0131lacak"},"content":{"rendered":"<p>Ba\u015fbakan Yard\u0131mc\u0131s\u0131 ve H\u00fckumet s\u00f6zc\u00fcs\u00fc Bekir Bozda\u011f, \u00e7ocuk istismar\u0131 ile ilgili T\u00fcrk Ceza Kanunu&#8217;ndaki cezalar\u0131n azami derecede art\u0131r\u0131laca\u011f\u0131n\u0131 s\u00f6yledi.<\/p>\n<p>Cezalar art\u0131r\u0131l\u0131rken \u00e7ocuklar\u0131 koruyucu tedbirlerin de birlikte ele al\u0131naca\u011f\u0131n\u0131 s\u00f6yleyen Bozda\u011f, istismarla ilgili hem d\u00fczenleme hem de yapt\u0131r\u0131m paketinin yak\u0131nda gelece\u011fini a\u00e7\u0131klad\u0131 ve&#8221;Had\u0131m dahil g\u00f6r\u00fc\u015f\u00fclecek.&#8221; diye s\u00f6zlerine ekledi.<\/p>\n<p><strong>Komisyon kuruldu<\/strong><\/p>\n<p>Ba\u015fbakan Yard\u0131mc\u0131s\u0131 Recep Akda\u011f&#8217;\u0131n ba\u015fkanl\u0131\u011f\u0131nda Adalet Bakan\u0131 Abdulhamit G\u00fcl, Aile ve Sosyal Politikalar Bakan\u0131 Fatma Bet\u00fcl Sayan Kaya, \u0130\u00e7i\u015fleri Bakan\u0131 S\u00fcleyman Soylu, Milli E\u011fitim Bakan\u0131 \u0130smet Y\u0131lmaz, Sa\u011fl\u0131k Bakan\u0131 Ahmet Demircan ve Gen\u00e7lik ve Spor Bakan\u0131 Osman A\u015fk\u0131n Bak&#8217;\u0131n kat\u0131l\u0131m\u0131yla bir komisyon kuruldu\u011funu a\u00e7\u0131klayan Bozda\u011f, komisyonun konuyu detayl\u0131 bir \u015fekilde ele alaca\u011f\u0131n\u0131 anlatt\u0131.<\/p>\n<p><strong>&#8220;Ya\u015fa g\u00f6re kademelendirme var&#8221;<\/strong><\/p>\n<p>\u00c7ocuk istismar su\u00e7lar\u0131n\u0131n, g\u00fcvenlik ve sa\u011fl\u0131k tedbirlerinin, ceza ve infaz hukuku a\u00e7\u0131s\u0131ndan ilgili bakanl\u0131klar ve ba\u015fka kurumlar taraf\u0131ndan bir b\u00fct\u00fcn olarak ele al\u0131naca\u011f\u0131na de\u011finen Bozda\u011f, \u015f\u00f6yle devam etti:<\/p>\n<p>&#8220;Kurulan komisyon \u015fu anki ceza kanunundaki m\u00fceyyideler neyse bunlar\u0131n tamam\u0131n\u0131 ele alacak. Hem \u00e7ocuklara y\u00f6nelik yani 18 ya\u015f\u0131n\u0131 doldurmam\u0131\u015f hem de 18 ya\u015f\u0131n\u0131 dolduranlara y\u00f6nelik uygulanan su\u00e7lara ili\u015fkin cezalar ne kadar art\u0131r\u0131labilir, tek tek ele al\u0131nacak. Cezalar\u0131n \u015fu anki noktadan daha ileriye ta\u015f\u0131narak cayd\u0131r\u0131c\u0131l\u0131\u011f\u0131n\u0131n art\u0131r\u0131lmas\u0131 hususu yeniden de\u011ferlendirilecek. Zaten ceza yasas\u0131nda bir kademelendirme var, ya\u015fa g\u00f6re bir kademelendirme. 12 ya\u015f\u0131 dolduran, 15 ya\u015f\u0131 dolduran, 18 ya\u015f\u0131n\u0131 dolduran \u015feklinde. Cezalarda bir art\u0131r\u0131m yap\u0131lma ihtimali var, bu art\u0131r\u0131m yap\u0131l\u0131rken kademelere dikkat edilecek. 12 ya\u015f\u0131n alt\u0131ndakilere ceza m\u00fceyyidesi daha fazla olacak. Zaten d\u00fcnyan\u0131n her yerinde b\u00f6yle, bizim mevzuat\u0131m\u0131zda da b\u00f6yle. Yoksa &#8216;Onun alt\u0131ndakileri art\u0131r\u0131lacak, \u00fcst\u00fcndekileri art\u0131r\u0131lmayacak&#8217; diye bir \u015fey s\u00f6ylemedim.&#8221;<\/p>\n<p><strong>&#8220;Cezalar\u0131 art\u0131rma y\u00f6n\u00fcnde ad\u0131m at\u0131lacak&#8221;<\/strong><\/p>\n<p>Bozda\u011f, cezalar\u0131n en \u00f6nemli \u00f6zelli\u011finin su\u00e7 i\u015fleme e\u011filimi olanlar a\u00e7\u0131s\u0131ndan bir cayd\u0131r\u0131c\u0131l\u0131k yaratmas\u0131 oldu\u011funa dikkati \u00e7ekerek, icap ederse cezalar\u0131 art\u0131rma y\u00f6n\u00fcnde bir ad\u0131m at\u0131laca\u011f\u0131n\u0131 s\u00f6yledi.<\/p>\n<p><strong>&#8220;\u00c7ocuklar\u0131 koruyucu ve tedbirler \u00fczerinde duraca\u011f\u0131z&#8221;<\/strong><\/p>\n<p>Sadece cezalarla bu konunun tek ba\u015f\u0131na \u00e7\u00f6z\u00fclemeyece\u011fine i\u015faret eden Bozda\u011f, &#8220;Bu mesele tek ba\u015f\u0131na cezalarla halledilebilir olmu\u015f olsa mesele kolay. Ceza, su\u00e7un olu\u015fumundan sonra kar\u015f\u0131m\u0131za \u00e7\u0131kan bir sonu\u00e7. Su\u00e7, \u00e7ocuklar\u0131m\u0131z ma\u011fdur olduktan sonra devreye giriyor. Bir yandan bu cezalar\u0131 azami d\u00fczeyde art\u0131r\u0131p cayd\u0131r\u0131c\u0131l\u0131\u011f\u0131 \u00e7o\u011falt\u0131rken \u00f6te yandan da \u00e7ocuklara y\u00f6nelik su\u00e7lar\u0131n i\u015flenmesine kar\u015f\u0131 \u00e7ocuklar\u0131 koruyucu ve tedbirler \u00fczerinde yo\u011funlukla duraca\u011f\u0131z.&#8221; dedi.<\/p>\n<p>Bekir Bozda\u011f, komisyonun her alanda konunun \u00fczerinde \u00e7al\u0131\u015fma yapaca\u011f\u0131n\u0131 vurgulayarak, hem d\u00fczenleme hem de yapt\u0131r\u0131m paketi gelece\u011fini s\u00f6yledi.<\/p>\n<p>Komisyon \u00e7al\u0131\u015fmalar\u0131na en k\u0131sa zamanda ba\u015flayacak.<\/p>\n<p>Kaynak: TRT Haber, AA<\/p>\n","protected":false},"excerpt":{"rendered":"<p>Ba\u015fbakan Yard\u0131mc\u0131s\u0131 Bekir Bozda\u011f, \u00e7ocuklara y\u00f6nelik cinsel istismar konusunda, &#8220;Hem d\u00fczenleme hem de yapt\u0131r\u0131m k\u0131sa s\u00fcre i\u00e7inde gelecek.&#8221; dedi.<\/p>\n","protected":false},"author":1000097,"featured_media":2617,"comment_status":"open","ping_status":"closed","sticky":false,"template":"","format":"standard","meta":[],"categories":[58],"tags":[],"_links":{"self":[{"href":"https:\/\/www.vizyon2023.com.tr\/index.php\/wp-json\/wp\/v2\/posts\/2616"}],"collection":[{"href":"https:\/\/www.vizyon2023.com.tr\/index.php\/wp-json\/wp\/v2\/posts"}],"about":[{"href":"https:\/\/www.vizyon2023.com.tr\/index.php\/wp-json\/wp\/v2\/types\/post"}],"author":[{"embeddable":true,"href":"https:\/\/www.vizyon2023.com.tr\/index.php\/wp-json\/wp\/v2\/users\/1000097"}],"replies":[{"embeddable":true,"href":"https:\/\/www.vizyon2023.com.tr\/index.php\/wp-json\/wp\/v2\/comments?post=2616"}],"version-history":[{"count":0,"href":"https:\/\/www.vizyon2023.com.tr\/index.php\/wp-json\/wp\/v2\/posts\/2616\/revisions"}],"wp:featuredmedia":[{"embeddable":true,"href":"https:\/\/www.vizyon2023.com.tr\/index.php\/wp-json\/wp\/v2\/media\/2617"}],"wp:attachment":[{"href":"https:\/\/www.vizyon2023.com.tr\/index.php\/wp-json\/wp\/v2\/media?parent=2616"}],"wp:term":[{"taxonomy":"category","embeddable":true,"href":"https:\/\/www.vizyon2023.com.tr\/index.php\/wp-json\/wp\/v2\/categories?post=2616"},{"taxonomy":"post_tag","embeddable":true,"href":"https:\/\/www.vizyon2023.com.tr\/index.php\/wp-json\/wp\/v2\/tags?post=2616"}],"curies":[{"name":"wp","href":"https:\/\/api.w.org\/{rel}","templated":true}]}}