{"id":2601,"date":"2018-02-17T10:44:22","date_gmt":"2018-02-17T08:44:22","guid":{"rendered":"http:\/\/www.vizyon2023.com.tr\/index.php\/2018\/02\/17\/doktor-ogretim-uyesi-kadrosuna-gecenlerin-maaslarina-iyilestirme\/"},"modified":"2018-02-17T10:44:22","modified_gmt":"2018-02-17T08:44:22","slug":"doktor-ogretim-uyesi-kadrosuna-gecenlerin-maaslarina-iyilestirme","status":"publish","type":"post","link":"https:\/\/www.vizyon2023.com.tr\/index.php\/2018\/02\/17\/doktor-ogretim-uyesi-kadrosuna-gecenlerin-maaslarina-iyilestirme\/","title":{"rendered":"&#8220;Doktor \u00f6\u011fretim \u00fcyesi&#8221; kadrosuna ge\u00e7enlerin maa\u015flar\u0131na iyile\u015ftirme"},"content":{"rendered":"<p>Y\u00fcksek\u00f6\u011fretim Kurulu, (Y\u00d6K) yard\u0131mc\u0131 do\u00e7ent kadrosunun kald\u0131r\u0131larak, &#8220;doktor \u00f6\u011fretim \u00fcyesi&#8221; kadrosu \u00f6nerisini getirmi\u015fti.<\/p>\n<p><strong>Y\u00d6K&#8217;ten &#8216;doktor \u00f6\u011fretim g\u00f6revlisi&#8217; \u00f6nerisi<\/strong><\/p>\n<p>&#8220;Do\u00e7entlik&#8221; ile &#8220;profes\u00f6rl\u00fck&#8221; aras\u0131ndaki &#8220;yard\u0131mc\u0131 do\u00e7entlik&#8221; yerine &#8220;doktor \u00f6\u011fretim \u00fcyesi&#8221; kadrosu getirilmesini i\u00e7eren kanun teklifi TBMM Ba\u015fkanl\u0131\u011f\u0131&#8217;na sunulmu\u015ftu.<\/p>\n<p><strong>Yard\u0131mc\u0131 do\u00e7entlik kalk\u0131yor<\/strong><\/p>\n<p>Kanun teklifinin Meclis Ba\u015fkanl\u0131\u011f\u0131&#8217;na sunulmas\u0131n\u0131n ard\u0131ndan doktor \u00f6\u011fretim \u00fcyesi kadrosuna ge\u00e7eceklerin maa\u015flar\u0131na y\u00f6nelik karar al\u0131nd\u0131.<\/p>\n<p>Karara g\u00f6re, doktor \u00f6\u011fretim \u00fcyelerinin maa\u015flar\u0131nda k\u0131smi bir iyile\u015ftirmeyle 100 liran\u0131n \u00fczerinde art\u0131\u015f yap\u0131lacak.<\/p>\n<p>Kaynak: TRT Haber<\/p>\n","protected":false},"excerpt":{"rendered":"<p>Yard\u0131mc\u0131 do\u00e7ent kadrosundan &#8220;doktor \u00f6\u011fretim \u00fcyesi&#8221; kadrosuna ge\u00e7enlerin maa\u015flar\u0131nda 100 liran\u0131n \u00fczerinde iyile\u015ftirme yap\u0131lacak.<\/p>\n","protected":false},"author":1000097,"featured_media":2602,"comment_status":"open","ping_status":"closed","sticky":false,"template":"","format":"standard","meta":[],"categories":[63],"tags":[],"_links":{"self":[{"href":"https:\/\/www.vizyon2023.com.tr\/index.php\/wp-json\/wp\/v2\/posts\/2601"}],"collection":[{"href":"https:\/\/www.vizyon2023.com.tr\/index.php\/wp-json\/wp\/v2\/posts"}],"about":[{"href":"https:\/\/www.vizyon2023.com.tr\/index.php\/wp-json\/wp\/v2\/types\/post"}],"author":[{"embeddable":true,"href":"https:\/\/www.vizyon2023.com.tr\/index.php\/wp-json\/wp\/v2\/users\/1000097"}],"replies":[{"embeddable":true,"href":"https:\/\/www.vizyon2023.com.tr\/index.php\/wp-json\/wp\/v2\/comments?post=2601"}],"version-history":[{"count":0,"href":"https:\/\/www.vizyon2023.com.tr\/index.php\/wp-json\/wp\/v2\/posts\/2601\/revisions"}],"wp:featuredmedia":[{"embeddable":true,"href":"https:\/\/www.vizyon2023.com.tr\/index.php\/wp-json\/wp\/v2\/media\/2602"}],"wp:attachment":[{"href":"https:\/\/www.vizyon2023.com.tr\/index.php\/wp-json\/wp\/v2\/media?parent=2601"}],"wp:term":[{"taxonomy":"category","embeddable":true,"href":"https:\/\/www.vizyon2023.com.tr\/index.php\/wp-json\/wp\/v2\/categories?post=2601"},{"taxonomy":"post_tag","embeddable":true,"href":"https:\/\/www.vizyon2023.com.tr\/index.php\/wp-json\/wp\/v2\/tags?post=2601"}],"curies":[{"name":"wp","href":"https:\/\/api.w.org\/{rel}","templated":true}]}}