{"id":2589,"date":"2018-02-17T10:41:33","date_gmt":"2018-02-17T08:41:33","guid":{"rendered":"http:\/\/www.vizyon2023.com.tr\/index.php\/2018\/02\/17\/basbakan-binali-yildirima-sahte-fotograf-gosteren-kisi-gazeteci-degil-provokator-cikti\/"},"modified":"2018-02-17T10:41:33","modified_gmt":"2018-02-17T08:41:33","slug":"basbakan-binali-yildirima-sahte-fotograf-gosteren-kisi-gazeteci-degil-provokator-cikti","status":"publish","type":"post","link":"https:\/\/www.vizyon2023.com.tr\/index.php\/2018\/02\/17\/basbakan-binali-yildirima-sahte-fotograf-gosteren-kisi-gazeteci-degil-provokator-cikti\/","title":{"rendered":"Ba\u015fbakan Binali Y\u0131ld\u0131r\u0131m\u2019a sahte foto\u011fraf g\u00f6steren ki\u015fi gazeteci de\u011fil provokat\u00f6r \u00e7\u0131kt\u0131"},"content":{"rendered":"<p>Ba\u015fbakan Binali Y\u0131ld\u0131r\u0131m ile Almanya Ba\u015fbakan\u0131 Angela Merkel\u2019in Almanya&#8217;daki bas\u0131n toplant\u0131s\u0131 s\u0131ras\u0131nda araya giren ki\u015finin kim oldu\u011fu ortaya \u00e7\u0131kt\u0131. Toplant\u0131 s\u0131ras\u0131nda Afrin\u2019e ait olmayan eski foto\u011fraflar\u0131 sanki Afrin\u2019denmi\u015f gibi g\u00f6steren s\u00f6zde gazetecinin PKK yanl\u0131s\u0131 Armanc Agid Nerweyi oldu\u011fu belirlendi.<\/p>\n<p>Almanya Ba\u015fbakan\u0131 Merkel ile ortak bas\u0131n toplant\u0131s\u0131 s\u0131ras\u0131nda bir foto\u011fraf ile kara propaganda yapan gazeteciye Ba\u015fbakan Y\u0131ld\u0131r\u0131m&#8217;dan tepki: Afrin&#8217;de neler oldu\u011funu bilmek istiyorsan oraya gel orada do\u011frusunu g\u00f6r\u00fcrs\u00fcn.https:\/\/t.co\/2pn5hLTuV4 pic.twitter.com\/OPpmjCWT2t<\/p>\n<p>\u2014 TRT Haber Canl\u0131 (@trthabercanli) 15 \u015eubat 2018<\/p>\n<p>S\u00f6z konusu yalan foto\u011fraflar\u0131n ise 17 A\u011fustos 2016\u2019da, &#8220;Ruslar, \u0130ran topraklar\u0131n\u0131 kullanarak Halep ve \u0130dil\u2019i bombard\u0131mana tutuyorlar&#8221; ba\u015fl\u0131\u011f\u0131yla yay\u0131mland\u0131\u011f\u0131, di\u011ferinin ise Almanya\u2019da yay\u0131n yapan Frankfurter Allgemeine Gazetesi&#8217;nin 18 Aral\u0131k 2015 tarihli Suriye&#8217;deki i\u00e7 sava\u015f\u0131 konu eden haberine ait eski foto\u011fraflar oldu\u011fu anla\u015f\u0131ld\u0131.<\/p>\n<p>Ba\u015fbakan Binali Y\u0131ld\u0131r\u0131m\u2019\u0131n kara propaganda yapan s\u00f6zde gazeteciye tepkisi ise sert oldu. Y\u0131ld\u0131r\u0131m, PKK yanl\u0131s\u0131 provokat\u00f6re&#8221; &#8220;Propaganda yapma. O elindeki foto\u011fraflar sahte. Ger\u00e7e\u011fi g\u00f6rmek istiyorsan Afrin\u2019e gel&#8221; diyerek \u00e7\u0131k\u0131\u015ft\u0131.<\/p>\n<p>Y\u0131ld\u0131r\u0131m, &#8220;M\u00fclteci konusu tek ba\u015f\u0131na bizim sorunumuz de\u011fil, bizim \u00fcretti\u011fimiz bir sorun da de\u011fil. Bu sorunlar\u0131n hi\u00e7birini ba\u015flatan da biz de\u011filiz. Biz sadece sonu\u00e7lar\u0131na katlan\u0131yoruz. Suriye&#8217;deki sava\u015f\u0131 biz ba\u015flatmad\u0131k. Oradaki m\u00fclteci ak\u0131n\u0131 biz ba\u015flatmad\u0131k ama orada can\u0131n\u0131 kurtarmaya \u00e7al\u0131\u015fan 3,5 milyon insan\u0131 biz ba\u011fr\u0131m\u0131za bast\u0131k, ekme\u011fimizi payla\u015ft\u0131k. Bize yalan yanl\u0131\u015f resim g\u00f6steren arkada\u015f bu ger\u00e7e\u011fi g\u00f6rs\u00fcn. Ne yapt\u0131\u011f\u0131m\u0131z\u0131 b\u00fct\u00fcn d\u00fcnya biliyor. Dolay\u0131s\u0131yla aln\u0131m\u0131z ak. Yapt\u0131\u011f\u0131m\u0131z i\u015fi biliyoruz&#8221; dedi.<\/p>\n<p><strong>Bas\u0131n toplant\u0131s\u0131na gazeteci kimli\u011fiyle girmedi<\/strong><\/p>\n<p>\u00d6te yandan provokat\u00f6r\u00fcn i\u00e7eriye kimlik g\u00f6stermeden girdi\u011fi ve \u00fczerinde gazeteci kimli\u011fi olmad\u0131\u011f\u0131 iddia ediliyor.<\/p>\n<p>Kaynak: TRT Haber, AA<\/p>\n","protected":false},"excerpt":{"rendered":"<p>Ba\u015fbakan Binali Y\u0131ld\u0131r\u0131m ve Angela Merkel\u2019in bas\u0131n toplant\u0131s\u0131n\u0131, g\u00f6sterdi\u011fi yalan foto\u011fraflarla provoke eden sahte gazetecinin PKK yanl\u0131s\u0131 Armanc Agid Nerweyi oldu\u011fu ortaya \u00e7\u0131kt\u0131.<\/p>\n","protected":false},"author":1000097,"featured_media":2590,"comment_status":"open","ping_status":"closed","sticky":false,"template":"","format":"standard","meta":[],"categories":[61],"tags":[],"_links":{"self":[{"href":"https:\/\/www.vizyon2023.com.tr\/index.php\/wp-json\/wp\/v2\/posts\/2589"}],"collection":[{"href":"https:\/\/www.vizyon2023.com.tr\/index.php\/wp-json\/wp\/v2\/posts"}],"about":[{"href":"https:\/\/www.vizyon2023.com.tr\/index.php\/wp-json\/wp\/v2\/types\/post"}],"author":[{"embeddable":true,"href":"https:\/\/www.vizyon2023.com.tr\/index.php\/wp-json\/wp\/v2\/users\/1000097"}],"replies":[{"embeddable":true,"href":"https:\/\/www.vizyon2023.com.tr\/index.php\/wp-json\/wp\/v2\/comments?post=2589"}],"version-history":[{"count":0,"href":"https:\/\/www.vizyon2023.com.tr\/index.php\/wp-json\/wp\/v2\/posts\/2589\/revisions"}],"wp:featuredmedia":[{"embeddable":true,"href":"https:\/\/www.vizyon2023.com.tr\/index.php\/wp-json\/wp\/v2\/media\/2590"}],"wp:attachment":[{"href":"https:\/\/www.vizyon2023.com.tr\/index.php\/wp-json\/wp\/v2\/media?parent=2589"}],"wp:term":[{"taxonomy":"category","embeddable":true,"href":"https:\/\/www.vizyon2023.com.tr\/index.php\/wp-json\/wp\/v2\/categories?post=2589"},{"taxonomy":"post_tag","embeddable":true,"href":"https:\/\/www.vizyon2023.com.tr\/index.php\/wp-json\/wp\/v2\/tags?post=2589"}],"curies":[{"name":"wp","href":"https:\/\/api.w.org\/{rel}","templated":true}]}}