{"id":2583,"date":"2018-02-17T10:40:34","date_gmt":"2018-02-17T08:40:34","guid":{"rendered":"http:\/\/www.vizyon2023.com.tr\/index.php\/2018\/02\/17\/turkiye-ve-abdden-ortak-deklarasyon\/"},"modified":"2018-02-17T10:40:34","modified_gmt":"2018-02-17T08:40:34","slug":"turkiye-ve-abdden-ortak-deklarasyon","status":"publish","type":"post","link":"https:\/\/www.vizyon2023.com.tr\/index.php\/2018\/02\/17\/turkiye-ve-abdden-ortak-deklarasyon\/","title":{"rendered":"T\u00fcrkiye ve ABD&#8217;den ortak deklarasyon"},"content":{"rendered":"<p>ABD D\u0131\u015fi\u015fleri Bakan\u0131 Rex Tillerson T\u00fcrkiye ziyeretinde Cumhurba\u015fkan\u0131 Recep Tayyip Erdo\u011fan ve D\u0131\u015fi\u015fleri Bakan\u0131 Mevl\u00fct \u00c7avu\u015fo\u011flu&#8217;yla g\u00f6r\u00fc\u015ft\u00fc.<\/p>\n<p><strong>T\u00fcrkiye-ABD ili\u015fkilerinin normalle\u015fmesi konusunda mutabakat sa\u011fland\u0131<\/strong><\/p>\n<p>Tillerson&#8217;\u0131n yapt\u0131\u011f\u0131 g\u00f6r\u00fc\u015fmelerin ard\u0131ndan, T\u00fcrkiye ve ABD ortak bir deklarasyon yay\u0131nlad\u0131.<\/p>\n<p>ABD ile ili\u015fkilerin normalle\u015ftirme konusunda \u00e7ok \u00f6nemli bir ad\u0131m at\u0131ld\u0131.<\/p>\n<p>T\u00fcrkiye ve ABD&#8217;nin yay\u0131nlad\u0131\u011f\u0131 ortak deklarasyonda, kurulacak ortak mekanizmada ilk toplant\u0131 Mart ay\u0131nda yap\u0131lacak ve farkl\u0131 kurumlar mekanizmada yer alacak. Sonu\u00e7 odakl\u0131 yeni bir mekanizma kurulacak.<\/p>\n<p>Ortak \u00e7al\u0131\u015fma gurubunun \u00f6ncelikli konusu ise M\u00fcnbi\u00e7 olacak. Ortak grubun \u00e7al\u0131\u015fma alan\u0131 ter\u00f6r \u00f6rg\u00fct\u00fc YPG ve FET\u00d6&#8217;y\u00fc de kapsayacak. Suriye&#8217;nin toprak b\u00fct\u00fcnl\u00fc\u011f\u00fcne vurgu yap\u0131lan a\u00e7\u0131klamada, bu konuda ortak bir duru\u015f sergilenecek.<\/p>\n<p>Taraflar\u0131n 65 y\u0131ld\u0131r NATO m\u00fcttefiki ve stratejik ortak oldu\u011fu vurgulanan a\u00e7\u0131klamada, &#8220;iki halk, ili\u015fkilerini, payla\u015ft\u0131klar\u0131 hedeflerin ve \u00e7\u0131karlar\u0131n ilerletilmesi, ayr\u0131ca d\u00fcnya genelinde demokrasi, hukukun \u00fcst\u00fcnl\u00fc\u011f\u00fc ve bireysel \u00f6zg\u00fcrl\u00fcklerin te\u015fviki i\u00e7in hayati g\u00f6rmektedir.&#8221; denildi.<\/p>\n<p>ABD&#8217;nin T\u00fcrkiye&#8217;de 15 Temmuz 2016 tarihinde meydana gelen hain darbe giri\u015fimini k\u0131nad\u0131\u011f\u0131 belirtilen a\u00e7\u0131klamada, T\u00fcrkiye&#8217;nin demokratik yollarla se\u00e7ilmi\u015f h\u00fck\u00fcmetiyle ve T\u00fcrk halk\u0131yla tam dayan\u0131\u015fma i\u00e7erisinde oldu\u011fu kaydedildi.<\/p>\n<p>A\u00e7\u0131klamada iki devletin, uzun s\u00fcreli m\u00fcttefikli\u011fi \u0131\u015f\u0131\u011f\u0131nda, ikili ili\u015fkilerde \u00f6ne \u00e7\u0131kan meseleleri \u00e7\u00f6zme konusundaki vaadini teyit etti\u011fi, bu amaca y\u00f6nelik olarak sonu\u00e7 odakl\u0131 bir mekanizma olu\u015fturulmas\u0131 konusunda anla\u015fmaya vard\u0131\u011f\u0131, bu mekanizman\u0131n en ge\u00e7 mart ay\u0131 ortas\u0131na kadar hayata ge\u00e7irilece\u011fi ifade edildi.<\/p>\n<p><strong>&#8220;DEA\u015e, PKK, El-Kaide ve di\u011fer t\u00fcm ter\u00f6r \u00f6rg\u00fctleriyle m\u00fccadelede kararl\u0131l\u0131k vurgusu&#8221;<\/strong><\/p>\n<p>Ortak g\u00fcndemin k\u00fcresel bir g\u00fcndem oldu\u011fu belirtilen a\u00e7\u0131klamada, bunun ter\u00f6rle m\u00fccadele, kitle imha silahlar\u0131n\u0131n yay\u0131lmas\u0131na kar\u015f\u0131 koyma, Suriye ve Irak dahil Ortado\u011fu&#8217;ya kal\u0131c\u0131 bar\u0131\u015f ve istikrar getirme, enerji g\u00fcvenli\u011fini sa\u011flama, radikalle\u015fme ve \u015fiddete varan a\u015f\u0131r\u0131c\u0131l\u0131k ve \u0130slam kar\u015f\u0131tl\u0131\u011f\u0131yla m\u00fccadele gibi bir\u00e7ok konuyu kapsad\u0131\u011f\u0131 teyit edildi.<\/p>\n","protected":false},"excerpt":{"rendered":"<p>ABD D\u0131\u015fi\u015fleri Bakan\u0131 Tillerson&#8217;\u0131n T\u00fcrkiye ziyaretinde yapt\u0131\u011f\u0131 g\u00f6r\u00fc\u015fmelerin ard\u0131ndan T\u00fcrkiye ve ABD ortak deklarasyon yay\u0131nlad\u0131.<\/p>\n","protected":false},"author":1000097,"featured_media":2584,"comment_status":"open","ping_status":"closed","sticky":false,"template":"","format":"standard","meta":[],"categories":[61],"tags":[],"_links":{"self":[{"href":"https:\/\/www.vizyon2023.com.tr\/index.php\/wp-json\/wp\/v2\/posts\/2583"}],"collection":[{"href":"https:\/\/www.vizyon2023.com.tr\/index.php\/wp-json\/wp\/v2\/posts"}],"about":[{"href":"https:\/\/www.vizyon2023.com.tr\/index.php\/wp-json\/wp\/v2\/types\/post"}],"author":[{"embeddable":true,"href":"https:\/\/www.vizyon2023.com.tr\/index.php\/wp-json\/wp\/v2\/users\/1000097"}],"replies":[{"embeddable":true,"href":"https:\/\/www.vizyon2023.com.tr\/index.php\/wp-json\/wp\/v2\/comments?post=2583"}],"version-history":[{"count":0,"href":"https:\/\/www.vizyon2023.com.tr\/index.php\/wp-json\/wp\/v2\/posts\/2583\/revisions"}],"wp:featuredmedia":[{"embeddable":true,"href":"https:\/\/www.vizyon2023.com.tr\/index.php\/wp-json\/wp\/v2\/media\/2584"}],"wp:attachment":[{"href":"https:\/\/www.vizyon2023.com.tr\/index.php\/wp-json\/wp\/v2\/media?parent=2583"}],"wp:term":[{"taxonomy":"category","embeddable":true,"href":"https:\/\/www.vizyon2023.com.tr\/index.php\/wp-json\/wp\/v2\/categories?post=2583"},{"taxonomy":"post_tag","embeddable":true,"href":"https:\/\/www.vizyon2023.com.tr\/index.php\/wp-json\/wp\/v2\/tags?post=2583"}],"curies":[{"name":"wp","href":"https:\/\/api.w.org\/{rel}","templated":true}]}}