{"id":2581,"date":"2018-02-17T10:40:08","date_gmt":"2018-02-17T08:40:08","guid":{"rendered":"http:\/\/www.vizyon2023.com.tr\/index.php\/2018\/02\/17\/basbakan-yildirim-almanya-ile-sikintilar-giderilmis-gozukuyor\/"},"modified":"2018-02-17T10:40:08","modified_gmt":"2018-02-17T08:40:08","slug":"basbakan-yildirim-almanya-ile-sikintilar-giderilmis-gozukuyor","status":"publish","type":"post","link":"https:\/\/www.vizyon2023.com.tr\/index.php\/2018\/02\/17\/basbakan-yildirim-almanya-ile-sikintilar-giderilmis-gozukuyor\/","title":{"rendered":"Ba\u015fbakan Y\u0131ld\u0131r\u0131m: Almanya ile s\u0131k\u0131nt\u0131lar giderilmi\u015f g\u00f6z\u00fck\u00fcyor"},"content":{"rendered":"<p>Almanya&#8217;da temaslar\u0131n\u0131 s\u00fcrd\u00fcren Ba\u015fbakan Binali Y\u0131ld\u0131r\u0131m, T\u00fcrkiye-Almanya ili\u015fkilerine dair \u00f6nemli a\u00e7\u0131klamalarda bulundu.<\/p>\n<p><strong>Ba\u015fbakan Binali Y\u0131ld\u0131r\u0131m: Almanya ile yeni bir d\u00f6nemdeyiz<\/strong><\/p>\n<p>Diyanet \u0130\u015fleri T\u00fcrk \u0130slam Merkezi (D\u0130T\u0130M) M\u00fcnih Camii&#8217;nde cuma namaz\u0131 \u00e7\u0131k\u0131\u015f\u0131 gazetecilerin sorular\u0131n\u0131 yan\u0131tlayan Y\u0131ld\u0131r\u0131m, &#8220;\u0130ki \u00fclke aras\u0131ndaki s\u0131k\u0131nt\u0131lar giderilmi\u015f g\u00f6z\u00fck\u00fcyor. \u0130n\u015fallah daha iyi olacak. Bundan sonra ili\u015fkilerimizi geli\u015ftirecek ad\u0131mlar\u0131 kar\u015f\u0131l\u0131kl\u0131 ataca\u011f\u0131z&#8221; dedi.<\/p>\n<p><strong>&#8220;Ter\u00f6r \u00f6rg\u00fctlerine m\u00fcsamaha g\u00f6sterilmemeli&#8221;<\/strong><\/p>\n<p>Almanya&#8217;dan beklentinin T\u00fcrkiye&#8217;nin birlik-beraberli\u011fini bozmaya y\u00f6nelik zararl\u0131 faaliyetlere izin vermemesi oldu\u011funu s\u00f6yleyen Y\u0131ld\u0131r\u0131m, ter\u00f6r \u00f6rg\u00fctlerine m\u00fcsamaha g\u00f6sterilmemesinin T\u00fcrkiye&#8217;nin olmazsa olmaz\u0131 oldu\u011funu belirtti.<\/p>\n<p>Ba\u015fbakan Y\u0131ld\u0131r\u0131m, gerek PKK, gerek T\u00fcrkiye&#8217;nin birli\u011fi, karde\u015fli\u011fi, demokrasisine kast ederek darbe te\u015febb\u00fcs\u00fcnde bulunan FET\u00d6&#8217;n\u00fcn bu \u00fclkelerde alan sahibi olarak geli\u015fmesinin asla kabul edilemeyece\u011fini de s\u00f6yledi.<\/p>\n<p><strong>&#8220;Entegre olun ama asla asimile olmay\u0131n&#8221;<\/strong><\/p>\n<p>Cami avlusunda kendisini bekleyen vatanda\u015flara Cumhurba\u015fkan\u0131 Recep Tayyip Erdo\u011fan&#8217;\u0131n selam\u0131n\u0131 ileten Y\u0131ld\u0131r\u0131m, y\u0131llar\u0131n\u0131, emeklerini Almanya&#8217;ya vermi\u015f olan gurbet\u00e7ilere seslendi:<\/p>\n<p>&#8220;Bulundu\u011funuz \u00fclkeye entegre olun ama asla asimile olmay\u0131n. Onlar\u0131n de\u011ferleri onlara, bizim de\u011ferlerimiz bize ait. De\u011ferlerimizi muhafaza ederek b\u00fct\u00fcnle\u015fece\u011fiz. Dolay\u0131s\u0131yla herkes bizim de\u011ferlerimize, k\u00fclt\u00fcr\u00fcm\u00fcze, inanc\u0131m\u0131za sayg\u0131 duymak mecburiyetinde. Burada olman\u0131z bu ger\u00e7e\u011fi de\u011fi\u015ftirmez.&#8221;<\/p>\n<p>T\u00fcrkiye&#8217;nin, g\u00fcney s\u0131n\u0131rlar\u0131nda ter\u00f6r \u00f6rg\u00fctlerine kar\u015f\u0131 b\u00fcy\u00fck m\u00fccadele verdi\u011fine dikkati \u00e7eken Y\u0131ld\u0131r\u0131m, Afrin&#8217;de Ter\u00f6r \u00f6rg\u00fct\u00fc PKK\/PYD\/YPG ve DEA\u015e&#8217;a kar\u015f\u0131 y\u00fcr\u00fct\u00fclen Zeytin Dal\u0131 Harekat\u0131&#8217;n\u0131n kararl\u0131l\u0131kla devam etti\u011fini an\u0131msatt\u0131.<\/p>\n<p>D\u00fcn Almanya Ba\u015fbakan\u0131 Angela Merkel ile g\u00f6r\u00fc\u015ft\u00fc\u011f\u00fcn\u00fc, bug\u00fcn de de\u011fi\u015fik \u00fclkelerden gelen \u00fcst d\u00fczey yetkililerle g\u00fcvenlik konular\u0131n\u0131 ele ald\u0131\u011f\u0131n\u0131 dile getiren Y\u0131ld\u0131r\u0131m, yar\u0131n 54. Uluslararas\u0131 M\u00fcnih G\u00fcvenlik Konferans\u0131 kapsam\u0131nda, Ortado\u011fu&#8217;nun g\u00fcvenli\u011fi konusunda kat\u0131l\u0131mc\u0131lara hitap edece\u011fini belirtti.<\/p>\n<p>Y\u0131ld\u0131r\u0131m, G\u00fcvenlik Konferans\u0131 kapsam\u0131nda bulundu\u011fu M\u00fcnih&#8217;te ger\u00e7ekle\u015ftirdi\u011fi iki\u015fli g\u00f6r\u00fc\u015fmeler kapsam\u0131nda, Bulgaristan Ba\u015fbakan\u0131 Boyko Borisov ve Katar Emiri \u015eeyh Temim bin Hamed Al Sani ile ayr\u0131 ayr\u0131 g\u00f6r\u00fc\u015ft\u00fc.<\/p>\n<p>Kaynak: TRT Haber, AA<\/p>\n","protected":false},"excerpt":{"rendered":"<p>Ba\u015fbakan Binali Y\u0131ld\u0131r\u0131m, &#8220;Almanya-T\u00fcrkiye ili\u015fkilerinde ge\u00e7ti\u011fimiz d\u00f6nemde meydana gelen baz\u0131 s\u0131k\u0131nt\u0131lar bug\u00fcn giderilmi\u015f gibi g\u00f6z\u00fck\u00fcyor. \u0130n\u015fallah daha iyi olacak.&#8221; dedi.<\/p>\n","protected":false},"author":1000097,"featured_media":2582,"comment_status":"open","ping_status":"closed","sticky":false,"template":"","format":"standard","meta":[],"categories":[61],"tags":[],"_links":{"self":[{"href":"https:\/\/www.vizyon2023.com.tr\/index.php\/wp-json\/wp\/v2\/posts\/2581"}],"collection":[{"href":"https:\/\/www.vizyon2023.com.tr\/index.php\/wp-json\/wp\/v2\/posts"}],"about":[{"href":"https:\/\/www.vizyon2023.com.tr\/index.php\/wp-json\/wp\/v2\/types\/post"}],"author":[{"embeddable":true,"href":"https:\/\/www.vizyon2023.com.tr\/index.php\/wp-json\/wp\/v2\/users\/1000097"}],"replies":[{"embeddable":true,"href":"https:\/\/www.vizyon2023.com.tr\/index.php\/wp-json\/wp\/v2\/comments?post=2581"}],"version-history":[{"count":0,"href":"https:\/\/www.vizyon2023.com.tr\/index.php\/wp-json\/wp\/v2\/posts\/2581\/revisions"}],"wp:featuredmedia":[{"embeddable":true,"href":"https:\/\/www.vizyon2023.com.tr\/index.php\/wp-json\/wp\/v2\/media\/2582"}],"wp:attachment":[{"href":"https:\/\/www.vizyon2023.com.tr\/index.php\/wp-json\/wp\/v2\/media?parent=2581"}],"wp:term":[{"taxonomy":"category","embeddable":true,"href":"https:\/\/www.vizyon2023.com.tr\/index.php\/wp-json\/wp\/v2\/categories?post=2581"},{"taxonomy":"post_tag","embeddable":true,"href":"https:\/\/www.vizyon2023.com.tr\/index.php\/wp-json\/wp\/v2\/tags?post=2581"}],"curies":[{"name":"wp","href":"https:\/\/api.w.org\/{rel}","templated":true}]}}