{"id":2579,"date":"2018-02-17T10:39:46","date_gmt":"2018-02-17T08:39:46","guid":{"rendered":"http:\/\/www.vizyon2023.com.tr\/index.php\/2018\/02\/17\/zeytin-dali-harekatinda-1595-terorist-etkisiz-hale-getirildi\/"},"modified":"2018-02-17T10:39:46","modified_gmt":"2018-02-17T08:39:46","slug":"zeytin-dali-harekatinda-1595-terorist-etkisiz-hale-getirildi","status":"publish","type":"post","link":"https:\/\/www.vizyon2023.com.tr\/index.php\/2018\/02\/17\/zeytin-dali-harekatinda-1595-terorist-etkisiz-hale-getirildi\/","title":{"rendered":"Zeytin Dal\u0131 Harekat\u0131&#8217;nda 1595 ter\u00f6rist etkisiz hale getirildi"},"content":{"rendered":"<p>TSK taraf\u0131ndan hudutlar ile b\u00f6lgede g\u00fcvenlik ve istikrar\u0131 sa\u011flamak, Afrin b\u00f6lgesinde PKK\/KCK\/PYD-YPG ve DEA\u015e mensuplar\u0131n\u0131 etkisiz hale getirmek, b\u00f6lge halk\u0131n\u0131 ter\u00f6r \u00f6rg\u00fct\u00fc \u00fcyelerinin bask\u0131 ve zulm\u00fcnden kurtarmak amac\u0131yla 20 Ocak&#8217;ta ba\u015flat\u0131lan Zeytin Dal\u0131 Harekat\u0131 planland\u0131\u011f\u0131 \u015fekilde devam ediyor.<\/p>\n<p><strong>Burseya Da\u011f\u0131&#8217;na uzanan 5 kilometrelik hendek bulundu<\/strong><\/p>\n<p><strong>Hasan Kelkavi ve Celeme k\u00f6yleri YPG\/PKK&#8217;dan kurtar\u0131ld\u0131<\/strong><\/p>\n<p>Harekat\u0131n ba\u015flang\u0131c\u0131ndan itibaren etkisiz hale getirilen ter\u00f6rist say\u0131s\u0131 1595 y\u00fckseldi.<\/p>\n<p>Genelkurmay Ba\u015fkanl\u0131\u011f\u0131ndan yap\u0131lan a\u00e7\u0131klamaya g\u00f6re, Zeytin Dal\u0131 Harekat\u0131 kapsam\u0131nda bug\u00fcn, kara ve hava operasyonlar\u0131 sonucunda ter\u00f6r \u00f6rg\u00fctleri PKK\/KCK\/PYD-YPG ve DEA\u015e mensubu 44 ter\u00f6rist etkisiz hale getirildi.<\/p>\n<p><strong>T\u00fcrk Silahl\u0131 Kuvvetleri&#8217;nin keskin ni\u015fanc\u0131lar\u0131 Afrin&#8217;de<\/strong><\/p>\n<p>T\u00fcrk Silahl\u0131 Kuvvetleri&#8217;nin keskin ni\u015fanc\u0131lar\u0131 Afrin&#8217;deTSK taraf\u0131ndan y\u00fcr\u00fct\u00fclen Zeytin Dal\u0131 Harekat\u0131 kapsam\u0131nda Mehmet\u00e7ik ilerleyi\u015fini s\u00fcrd\u00fcr\u00fcrken, ter\u00f6ristlerin korkulu r\u00fcyas\u0131 keskin ni\u015fanc\u0131lar da birliklere ate\u015f g\u00fcc\u00fc sa\u011fl\u0131yor.<\/p>\n<p>T\u00fcrkiye s\u0131n\u0131r\u0131ndaki ter\u00f6r \u00f6rg\u00fct\u00fc PYD\/PKK&#8217;ya ait s\u0131\u011f\u0131nak, bar\u0131nak ve ma\u011faralar\u0131 imha eden, Afrin hatt\u0131ndaki k\u00f6yleri ve hakim noktalar\u0131 ter\u00f6r \u00f6rg\u00fct\u00fcn\u00fcn i\u015fgalinden kurtaran birlikler, ter\u00f6ristlerin korkulu r\u00fcyas\u0131 \u00f6zel e\u011fitimli keskin ni\u015fanc\u0131lardan da yo\u011fun olarak istifade ediyor.<\/p>\n<p>\u00d6zel Kuvvetler ve komando birlikleriyle hareket eden keskin ni\u015fanc\u0131lar, ter\u00f6ristlerden ar\u0131nd\u0131r\u0131lan b\u00f6lgelerdeki \u00fcs noktalar\u0131 ile \u00f6rg\u00fct \u00fcyelerinin ge\u00e7i\u015f g\u00fczergahlar\u0131nda olu\u015fturduklar\u0131 gizlenme alanlar\u0131nda g\u00f6rev yaparak, b\u00f6lgeyi 24 saat g\u00f6zetim alt\u0131nda tutuyor.<\/p>\n<p>Arazide gizlenmelerine yard\u0131mc\u0131 olan \u00f6zel k\u0131yafetleri ile dal par\u00e7alar\u0131, ot, toprak ve kayalardan kendilerine mevzi olu\u015fturan keskin ni\u015fanc\u0131lar, her t\u00fcrl\u00fc hava \u015fart\u0131nda at\u0131\u015f yapabilme kabiliyetine sahip gece g\u00f6r\u00fc\u015f d\u00fcrb\u00fcnl\u00fc silahlar\u0131yla ate\u015f deste\u011fi sa\u011fl\u0131yor.<\/p>\n<p><strong>Birliklere g\u00fcven, ter\u00f6riste korku<\/strong><\/p>\n<p>Ter\u00f6ristlerin s\u0131zma giri\u015fimlerine kar\u015f\u0131 hakim b\u00f6lgelerde konu\u015flanan keskin ni\u015fanc\u0131lar, alan g\u00fcvenli\u011fini sa\u011flaman\u0131n d\u0131\u015f\u0131nda g\u00f6zetleme yapmak isteyen ter\u00f6ristleri de izliyor.<\/p>\n<p>Gizlendikleri mevzilerde yer yer 48 saat hareketsiz bekleyen keskin ni\u015fanc\u0131lar, teknolojinin t\u00fcm imkanlar\u0131n\u0131 kullan\u0131yor.<\/p>\n<p>Birliklerin meskun mahal harekatlar\u0131na da destek veren keskin ni\u015fanc\u0131lar, bug\u00fcne kadar \u00e7ok say\u0131da ter\u00f6risti etkisiz hale getirerek, hem harekata kat\u0131lan birliklerin hem de sivillerin can g\u00fcvenli\u011finin sa\u011flanmas\u0131nda \u00f6nemli katk\u0131da bulundu.<\/p>\n<p>Kaynak: TRT Haber<\/p>\n","protected":false},"excerpt":{"rendered":"<p>T\u00fcrk Silahl\u0131 Kuvvetleri&#8217;nin Afrin&#8217;e y\u00f6nelik ba\u015flatt\u0131\u011f\u0131 Zeytin Dal\u0131 Harekat\u0131 planland\u0131\u011f\u0131 \u015fekilde devam ediyor. Ter\u00f6r hedefleri hem havadan hem karadan tek tek vuruluyor.<\/p>\n","protected":false},"author":1000097,"featured_media":2580,"comment_status":"open","ping_status":"closed","sticky":false,"template":"","format":"standard","meta":[],"categories":[61,58,85],"tags":[],"_links":{"self":[{"href":"https:\/\/www.vizyon2023.com.tr\/index.php\/wp-json\/wp\/v2\/posts\/2579"}],"collection":[{"href":"https:\/\/www.vizyon2023.com.tr\/index.php\/wp-json\/wp\/v2\/posts"}],"about":[{"href":"https:\/\/www.vizyon2023.com.tr\/index.php\/wp-json\/wp\/v2\/types\/post"}],"author":[{"embeddable":true,"href":"https:\/\/www.vizyon2023.com.tr\/index.php\/wp-json\/wp\/v2\/users\/1000097"}],"replies":[{"embeddable":true,"href":"https:\/\/www.vizyon2023.com.tr\/index.php\/wp-json\/wp\/v2\/comments?post=2579"}],"version-history":[{"count":0,"href":"https:\/\/www.vizyon2023.com.tr\/index.php\/wp-json\/wp\/v2\/posts\/2579\/revisions"}],"wp:featuredmedia":[{"embeddable":true,"href":"https:\/\/www.vizyon2023.com.tr\/index.php\/wp-json\/wp\/v2\/media\/2580"}],"wp:attachment":[{"href":"https:\/\/www.vizyon2023.com.tr\/index.php\/wp-json\/wp\/v2\/media?parent=2579"}],"wp:term":[{"taxonomy":"category","embeddable":true,"href":"https:\/\/www.vizyon2023.com.tr\/index.php\/wp-json\/wp\/v2\/categories?post=2579"},{"taxonomy":"post_tag","embeddable":true,"href":"https:\/\/www.vizyon2023.com.tr\/index.php\/wp-json\/wp\/v2\/tags?post=2579"}],"curies":[{"name":"wp","href":"https:\/\/api.w.org\/{rel}","templated":true}]}}