{"id":2555,"date":"2018-02-10T09:06:36","date_gmt":"2018-02-10T07:06:36","guid":{"rendered":"http:\/\/www.vizyon2023.com.tr\/index.php\/2018\/02\/10\/cumhurbaskani-erdogandan-ucretli-ogretmenlere-maas-duzenlemesi-mujdesi\/"},"modified":"2018-02-10T09:06:36","modified_gmt":"2018-02-10T07:06:36","slug":"cumhurbaskani-erdogandan-ucretli-ogretmenlere-maas-duzenlemesi-mujdesi","status":"publish","type":"post","link":"https:\/\/www.vizyon2023.com.tr\/index.php\/2018\/02\/10\/cumhurbaskani-erdogandan-ucretli-ogretmenlere-maas-duzenlemesi-mujdesi\/","title":{"rendered":"Cumhurba\u015fkan\u0131 Erdo\u011fan&#8217;dan \u00fccretli \u00f6\u011fretmenlere maa\u015f d\u00fczenlemesi m\u00fcjdesi"},"content":{"rendered":"<p>Cumhurba\u015fkan\u0131 ve AK Parti Genel Ba\u015fkan\u0131 Recep Tayyip Erdo\u011fan&#8217;\u0131n ba\u015fkanl\u0131\u011f\u0131nda parti genel merkezinde d\u00fczenlenen programa, 24 ilin AK Parti&#8217;li milletvekilleri kat\u0131ld\u0131.<\/p>\n<p>Bas\u0131na kapal\u0131 ger\u00e7ekle\u015fen toplant\u0131, yakla\u015f\u0131k 2,5 saat s\u00fcrd\u00fc.<\/p>\n<p><strong>&#8220;Maa\u015flar\u0131yla ilgili bir d\u00fczenleme yap\u0131lacak&#8221;<\/strong><\/p>\n<p>OHAL Komisyonu&#8217;nun \u00e7al\u0131\u015fmalar\u0131yla ilgili konu\u015fan Cumhurba\u015fkan\u0131 Erdo\u011fan, &#8220;Bizim komisyona g\u00fcvenimiz tam. Ne karar \u00e7\u0131karsa uyaca\u011f\u0131z.&#8221; dedi. Cumhurba\u015fkan\u0131 Erdo\u011fan, \u00fccretli \u00f6\u011fretmenlerin maa\u015flar\u0131yla ilgili de bir d\u00fczenlemenin yap\u0131laca\u011f\u0131n\u0131n m\u00fcjdesini verdi.<\/p>\n<p>Programda Antalya, Bayburt, Bitlis, Denizli, Diyarbak\u0131r, Elaz\u0131\u011f, \u0130zmir, Karaman, Kars, Kayseri, K\u0131r\u015fehir, Kocaeli, K\u00fctahya, Malatya, Mardin, Mu\u011fla, Nev\u015fehir, Ni\u011fde, Samsun, Siirt, Sinop, \u015eanl\u0131urfa, Tekirda\u011f ve Yozgat milletvekilleri yer ald\u0131.<\/p>\n<p>Kaynak: \u0130HA<\/p>\n","protected":false},"excerpt":{"rendered":"<p>Cumhurba\u015fkan\u0131 Recep Tayyip Erdo\u011fan, \u00fccretli \u00f6\u011fretmenlerin maa\u015flar\u0131yla ilgili bir d\u00fczenleme yap\u0131laca\u011f\u0131n\u0131 s\u00f6yledi.<\/p>\n","protected":false},"author":1000097,"featured_media":2556,"comment_status":"open","ping_status":"closed","sticky":false,"template":"","format":"standard","meta":[],"categories":[63],"tags":[],"_links":{"self":[{"href":"https:\/\/www.vizyon2023.com.tr\/index.php\/wp-json\/wp\/v2\/posts\/2555"}],"collection":[{"href":"https:\/\/www.vizyon2023.com.tr\/index.php\/wp-json\/wp\/v2\/posts"}],"about":[{"href":"https:\/\/www.vizyon2023.com.tr\/index.php\/wp-json\/wp\/v2\/types\/post"}],"author":[{"embeddable":true,"href":"https:\/\/www.vizyon2023.com.tr\/index.php\/wp-json\/wp\/v2\/users\/1000097"}],"replies":[{"embeddable":true,"href":"https:\/\/www.vizyon2023.com.tr\/index.php\/wp-json\/wp\/v2\/comments?post=2555"}],"version-history":[{"count":0,"href":"https:\/\/www.vizyon2023.com.tr\/index.php\/wp-json\/wp\/v2\/posts\/2555\/revisions"}],"wp:featuredmedia":[{"embeddable":true,"href":"https:\/\/www.vizyon2023.com.tr\/index.php\/wp-json\/wp\/v2\/media\/2556"}],"wp:attachment":[{"href":"https:\/\/www.vizyon2023.com.tr\/index.php\/wp-json\/wp\/v2\/media?parent=2555"}],"wp:term":[{"taxonomy":"category","embeddable":true,"href":"https:\/\/www.vizyon2023.com.tr\/index.php\/wp-json\/wp\/v2\/categories?post=2555"},{"taxonomy":"post_tag","embeddable":true,"href":"https:\/\/www.vizyon2023.com.tr\/index.php\/wp-json\/wp\/v2\/tags?post=2555"}],"curies":[{"name":"wp","href":"https:\/\/api.w.org\/{rel}","templated":true}]}}