{"id":2553,"date":"2018-02-09T18:13:03","date_gmt":"2018-02-09T16:13:03","guid":{"rendered":"http:\/\/www.vizyon2023.com.tr\/index.php\/2018\/02\/09\/enerji-ve-tabii-kaynaklar-bakani-albayrak-turkiyeye-yatirim-yapan-kaybetmedi\/"},"modified":"2018-02-09T18:13:03","modified_gmt":"2018-02-09T16:13:03","slug":"enerji-ve-tabii-kaynaklar-bakani-albayrak-turkiyeye-yatirim-yapan-kaybetmedi","status":"publish","type":"post","link":"https:\/\/www.vizyon2023.com.tr\/index.php\/2018\/02\/09\/enerji-ve-tabii-kaynaklar-bakani-albayrak-turkiyeye-yatirim-yapan-kaybetmedi\/","title":{"rendered":"Enerji ve Tabii Kaynaklar Bakan\u0131 Albayrak: T\u00fcrkiye&#8217;ye yat\u0131r\u0131m yapan kaybetmedi"},"content":{"rendered":"<p>Enerji ve Tabii Kaynaklar Bakan\u0131 Albayrak, Hac\u0131 \u00d6mer Sabanc\u0131 Holding ve Alman enerji \u015firketi E.ON&#8217;un hissedarlar\u0131 oldu\u011fu Enerjisa Enerji A\u015e&#8217;nin halka arz gong t\u00f6reninde konu\u015ftu.<\/p>\n<p>Mali a\u00e7\u0131dan g\u00fc\u00e7l\u00fc, istikrarl\u0131 ve \u015feffaf bir enerji piyasas\u0131n\u0131n varl\u0131\u011f\u0131n\u0131n, sa\u011flam bir ekonominin olmazsa olmaz\u0131 oldu\u011funu belirten Albayrak, son 10 y\u0131lda ortalama y\u0131ll\u0131k 55 milyar dolarl\u0131k enerji ithalat\u0131 ger\u00e7ekle\u015fti\u011fine dikkati \u00e7ekti.<\/p>\n<p>Albayrak, bu rakam\u0131n T\u00fcrkiye&#8217;nin en son cari a\u00e7\u0131\u011f\u0131n\u0131n neredeyse bir bu\u00e7uk kat\u0131 oldu\u011funa dikkati \u00e7ekerek, &#8220;Bu nedenle son d\u00f6nemde enerji piyasalar\u0131n\u0131n liberalizasyonu i\u00e7in gerekli reform ve te\u015fvikleri \u00e7ok h\u0131zl\u0131 bir \u015fekilde hayata ge\u00e7irdik. Bu ad\u0131mlardan birinin de bug\u00fcn ba\u015far\u0131l\u0131 bir \u015fekilde hayata ge\u00e7irildi\u011fini g\u00f6rmekten memnuniyet duyuyorum.&#8221; diye konu\u015ftu.<\/p>\n<p>Ge\u00e7en y\u0131l kamuoyuyla payla\u015ft\u0131klar\u0131 Milli Enerji ve Maden Politikas\u0131&#8217;n\u0131n en \u00f6nemli sac ayaklar\u0131ndan birisinin de \u00f6ng\u00f6r\u00fclebilir piyasalar oldu\u011funu vurgulayan Albayrak, \u00f6zel sekt\u00f6r\u00fcn yat\u0131r\u0131mlar\u0131n\u0131 daha da h\u0131zl\u0131 yapabildi\u011fi, yat\u0131r\u0131mlar\u0131n \u00f6n\u00fcndeki yap\u0131sal sorunlar\u0131n giderildi\u011fi s\u00fcre\u00e7leri ciddi anlamda h\u0131zland\u0131rd\u0131klar\u0131n\u0131 s\u00f6yledi.<\/p>\n<p><strong>&#8220;T\u00fcrkiye, hedefini en b\u00fcy\u00fck ilk 10 ekonomi aras\u0131nda yer almak i\u00e7in yukar\u0131lara yazd\u0131&#8221;<\/strong><\/p>\n<p>Albayrak, yat\u0131r\u0131mc\u0131 dostu ve \u00f6ng\u00f6r\u00fclebilir bir enerji piyasas\u0131n\u0131n, ekonominin de rekabet\u00e7i yap\u0131s\u0131n\u0131 s\u00fcrd\u00fcrebilmesi a\u00e7\u0131s\u0131ndan \u00e7ok b\u00fcy\u00fck \u00f6nem ta\u015f\u0131d\u0131\u011f\u0131na de\u011finerek, \u015f\u00f6yle konu\u015ftu:<\/p>\n<p>&#8220;\u00d6zellikle enerji gibi yat\u0131r\u0131m maliyetlerinin y\u00fcksek, geri d\u00f6n\u00fc\u015flerin de orta ve uzun vadeli oldu\u011fu bir piyasada&#8230; Hi\u00e7bir yat\u0131r\u0131mc\u0131 siyasi istikrar ve piyasaya sahip olmayan bir \u00fclkeye yat\u0131r\u0131m yapmak istemez. 16 Nisan referandumuyla birlikte siyasi istikrar\u0131n sa\u011flanmas\u0131 a\u00e7\u0131s\u0131ndan bu anlamda \u00e7ok \u00f6nemli bir ad\u0131m att\u0131k. 2019&#8217;dan itibaren g\u00fc\u00e7l\u00fc bir liderlik ve siyasi istikrarla hedeflere in\u015fallah daha h\u0131zl\u0131 ilerleyece\u011fiz. Bug\u00fcn d\u00fcnyan\u0131n en b\u00fcy\u00fck 20 ekonomisi aras\u0131nda olan T\u00fcrkiye, hedefini en b\u00fcy\u00fck ilk 10 ekonomi aras\u0131nda yer almak i\u00e7in yukar\u0131lara yazd\u0131. Bunu ger\u00e7ekle\u015ftirebilecek b\u00fct\u00fcn enstr\u00fcmanlar elimizde mevcut. Uygun rekabet ortam\u0131, yat\u0131r\u0131m te\u015fvikini sa\u011flayan yasal d\u00fczenlemeler ve altyap\u0131lar, yeni pazarlara ula\u015f\u0131m kolayl\u0131\u011f\u0131, geli\u015fmi\u015f ula\u015f\u0131m altyap\u0131s\u0131n\u0131n yan\u0131nda siyasi istikrar\u0131, artan n\u00fcfusu, e\u011fitimli ve kaliteli i\u015fg\u00fcc\u00fcyle ve bunun yan\u0131nda ham madde ve ara girdilere eri\u015fim kolayl\u0131\u011f\u0131 itibar\u0131yla, T\u00fcrkiye d\u00fcnyadaki enerji kaynaklar\u0131n\u0131n \u00fc\u00e7te ikisinin oldu\u011fu bir co\u011frafyada bu hedefe \u00e7ok da uzakta de\u011fil.&#8221;<\/p>\n<p><strong>&#8220;180 milyar dolar do\u011frudan yat\u0131r\u0131m geldi&#8221;<\/strong><\/p>\n<p>T\u00fcrkiye&#8217;nin ge\u00e7en y\u0131l\u0131n son \u00e7eyre\u011findeki b\u00fcy\u00fcme rakamlar\u0131yla d\u00fcnyada birinci s\u0131rada yer ald\u0131\u011f\u0131n\u0131 ve ba\u015far\u0131l\u0131 bir 2017&#8217;yi arkas\u0131nda b\u0131rakt\u0131\u011f\u0131n\u0131 an\u0131msatan Albayrak, &#8220;T\u00fcrkiye ya\u015fad\u0131\u011f\u0131 onca badireye ra\u011fmen, 16 y\u0131ld\u0131r ayaklar\u0131 yere sa\u011flam basan, \u00fcretim ve b\u00fcy\u00fcme odakl\u0131 b\u00fcy\u00fcmenin temellerini att\u0131. Dinamik oldu\u011fu kadar g\u00fc\u00e7l\u00fc ve g\u00fcven veren bir ekonomiyi in\u015fa etti. Sa\u011flanan g\u00fcven ve istikrar\u0131n yan\u0131s\u0131ra dinamik ve \u00fcretken bir \u00f6zel sekt\u00f6r\u00fcn pay\u0131 ka\u00e7\u0131n\u0131lmaz. Bug\u00fcn yap\u0131lan yat\u0131r\u0131mlar\u0131n y\u00fczde 75&#8217;inden fazlas\u0131 \u00f6zel sekt\u00f6r taraf\u0131ndan hayata ge\u00e7irildi.&#8221; dedi.<\/p>\n<p>Albayrak, T\u00fcrkiye&#8217;de yerli sermayenin yat\u0131r\u0131m i\u015ftah\u0131n\u0131n her y\u0131l artt\u0131\u011f\u0131n\u0131 belirterek, \u015f\u00f6yle devam etti:<\/p>\n<p>&#8220;Di\u011fer yandan yabanc\u0131 sermaye giri\u015fi de art\u0131yor. T\u00fcrkiye 2002, 2016 y\u0131llar\u0131 aras\u0131nda haks\u0131z su\u00e7lamalara, ideolojik yakla\u015f\u0131mlara ve sald\u0131r\u0131lara ra\u011fmen 180 milyar dolardan fazla do\u011frudan yabanc\u0131 yat\u0131r\u0131m\u0131 \u00e7ekmi\u015f \u00f6nemli bir \u00fclke. Ancak hi\u00e7bir zaman T\u00fcrkiye bu ideolojik sald\u0131r\u0131lar\u0131 yerli ve yabanc\u0131 yat\u0131r\u0131mc\u0131lara yans\u0131tmad\u0131. T\u00fcrkiye i\u00e7in men\u015fei ne olursa olsun yat\u0131r\u0131m yapan her firma T\u00fcrkiye firmas\u0131d\u0131r, bizim firmam\u0131zd\u0131r. Bug\u00fcn ba\u015fta Avrupa olmak \u00fczere yabanc\u0131 yat\u0131r\u0131mc\u0131lar\u0131n T\u00fcrkiye piyasas\u0131na girme ya da mevcutlar\u0131n operasyonunu daha da derinle\u015ftirme arzusu,T\u00fcrkiye&#8217;nin g\u00fc\u00e7l\u00fc ekonomi ve enerji vizyonuna duyulan g\u00fcvenin en net g\u00f6stergesidir.&#8221;<\/p>\n<p><strong>&#8220;T\u00fcrkiye&#8217;ye yat\u0131r\u0131m yapan kaybetmedi&#8221;<\/strong><\/p>\n<p>Albayrak, bug\u00fcn sadece elektrik da\u011f\u0131t\u0131m sekt\u00f6r\u00fcnde 12 lisansl\u0131 \u015firketin \u00f6nemli k\u0131sm\u0131nda yabanc\u0131 yat\u0131r\u0131mc\u0131lar\u0131n sahip oldu\u011fu do\u011frudan ve dolayl\u0131 yat\u0131r\u0131m miktar\u0131yla 10 milyar liran\u0131n \u00fczerinde bir rakamdan bahsettiklerini ve 21 da\u011f\u0131t\u0131m b\u00f6lgesine ayr\u0131larak \u00f6zelle\u015ftirilen elektrik da\u011f\u0131t\u0131m aya\u011f\u0131nda Alman, Japon, \u00c7ek ve d\u00fcnyadan bir\u00e7ok firman\u0131n T\u00fcrkiye&#8217;de yat\u0131r\u0131mc\u0131 bulundu\u011funu vurgulad\u0131.<\/p>\n<p>Do\u011falgaz sekt\u00f6r\u00fcnde ise Avrupa&#8217;dan Amerika&#8217;ya ve Avustralya&#8217;ya kadar 51 yabanc\u0131 ger\u00e7ek ve t\u00fczel ki\u015finin faaliyet g\u00f6sterdi\u011fi anlatan Albayrak, &#8220;Akaryak\u0131t sekt\u00f6r\u00fcnde d\u00fcnyan\u0131n en b\u00fcy\u00fck 10 \u015firketinden d\u00f6rd\u00fc faaliyetlerine uzun y\u0131llard\u0131r ba\u015far\u0131l\u0131 bir \u015fekilde devam ediyor. Sekt\u00f6rdeki yabanc\u0131 men\u015feli \u015firketlerin pazar pay\u0131 y\u00fczde 48&#8217;i a\u015fm\u0131\u015f. Rafinaj sekt\u00f6r\u00fcnde ise bu y\u0131l\u0131n \u00fc\u00e7\u00fcnc\u00fc \u00e7eyre\u011fi bitmeden Azeri SOCAR&#8217;\u0131n STAR Rafinerisi de devreye girerek T\u00fcrkiye i\u00e7in \u00f6nemli bir yat\u0131r\u0131m daha hayata ge\u00e7ecek.&#8221; de\u011ferlendirmesinde bulundu.<\/p>\n<p>Albayrak, Enerjisa&#8217;n\u0131n halka arz\u0131n\u0131n da yabanc\u0131 yat\u0131r\u0131mc\u0131n\u0131n enerji sekt\u00f6r\u00fcne yo\u011fun ilgisini g\u00f6steren en g\u00fczel \u00f6rneklerden biri oldu\u011funa de\u011finerek, \u015funlar\u0131 kaydetti:<\/p>\n<p>&#8220;\u00c7ok yo\u011fun bir talep geldi. Yerlilerden \u015fikayet gelerek yerli yat\u0131r\u0131mc\u0131ya ayr\u0131lan pay\u0131n y\u00fczde 15&#8217;ten 24&#8217;e \u00e7\u0131kmas\u0131 da yabanc\u0131 ilgisinin ne kadar yo\u011fun oldu\u011funu g\u00f6steriyor. Bu yo\u011fun ilgi Enerjisa&#8217;n\u0131n halka arz\u0131yla ilgili s\u00fcre\u00e7 in\u015fallah sekt\u00f6rdeki \u00e7ok b\u00fcy\u00fck bir d\u00f6n\u00fc\u015f\u00fcm\u00fcn ba\u015flang\u0131c\u0131 olur. Di\u011fer b\u00fcy\u00fck enerji firmalar\u0131n\u0131n da sonuna kadar arkalar\u0131nda oldu\u011fumuzu ve in\u015fallah yak\u0131n zamanda onlar\u0131n da halka arz\u0131n\u0131 bekledi\u011fimizi ifade etmek istiyorum. \u0130n\u015fallah, bu \u00f6ng\u00f6r\u00fclebilir piyasalarla birlikte bir iki sene i\u00e7erisinde Enerjisa&#8217;dan \u00fcretim taraf\u0131nda da g\u00fczel geli\u015fmeleri duyaca\u011f\u0131z. Global yat\u0131r\u0131m \u015firketlerinin ilgisinin yo\u011fun olmas\u0131 \u00f6zellikle alt\u0131 \u00e7izilmesi gereken bir husus. T\u00fcrkiye, son d\u00f6nemde d\u00fcnyada artan dalgalanma ortam\u0131nda yat\u0131r\u0131mc\u0131lar i\u00e7in g\u00fcvenli bir ortam sunuyor. T\u00fcrkiye&#8217;ye yat\u0131r\u0131m yapan hi\u00e7bir zaman kaybetmedi. T\u00fcrkiye sa\u011flam ekonomisi, sundu\u011fu cazip f\u0131rsatlar\u0131, i\u00e7 pazar\u0131n\u0131n b\u00fcy\u00fckl\u00fc\u011f\u00fc ve siyasi istikrar\u0131yla yat\u0131r\u0131mc\u0131lar i\u00e7in her zaman g\u00fcvenilir bir liman olmaya bug\u00fcn oldu\u011fu gibi yar\u0131n da devam edecek.&#8221;<\/p>\n<p><strong>T\u00fcketici memnuniyetleri anketleri<\/strong><\/p>\n<p>Elektrik sekt\u00f6r\u00fcnde son d\u00f6nemde ortaya koyduklar\u0131 m\u00fc\u015fteri memnuniyeti yakla\u015f\u0131m\u0131na dikkati \u00e7eken Albayrak, &#8220;Vatanda\u015f memnuniyeti ne kadar y\u00fcksek olursa, vatanda\u015f, \u015firket ve dolay\u0131s\u0131yla kamu da kazan\u0131yor. Enerjisa&#8217;n\u0131n halka arz\u0131 bu anlamda ba\u015far\u0131l\u0131 bir \u00f6rnek. M\u00fc\u015fteri memnuniyeti odakl\u0131 bir anlay\u0131\u015f\u0131n benimsenmesi halka arza bu denli yo\u011fun ve rekor talebin gelmesinin ba\u015f fakt\u00f6rlerinden birisi oldu\u011funu d\u00fc\u015f\u00fcn\u00fcyorum.&#8221; diye konu\u015ftu.<\/p>\n<p>Elektrik da\u011f\u0131t\u0131m\u0131nda y\u0131lda en az bir iki kere vatanda\u015f memnuniyeti anketleri yapt\u0131klar\u0131n\u0131 ve \u00fc\u00e7\u00fcnc\u00fcs\u00fcn\u00fcn de bir ka\u00e7 ay i\u00e7inde \u00e7\u0131kaca\u011f\u0131n\u0131 belirten Albayrak, &#8220;2016 ve 2017&#8217;de m\u00fc\u015fteri memnuniyeti ciddi anlamda artt\u0131. Hala istedi\u011fimiz noktada de\u011filiz ama \u00fcmit ediyorum 2019 gibi&#8230; \u0130n\u015fallah, Avrupa M\u00fckemmelliyet Kalite \u00d6d\u00fcl\u00fc&#8217;n\u00fc de alacak bir \u015firketi d\u00f6rt g\u00f6zle bekliyoruz. Sabanc\u0131 olursa ne ala. Bu h\u0131zla devam etmemiz laz\u0131m. Almanya&#8217;n\u0131n sayg\u0131n bir kurumu olan E.ON gibi bir grupla ortaya koydu\u011funuz sinerji de in\u015fallah bir ilki ger\u00e7ekle\u015ftirmenize vesile olur. Enerjide kamu \u00f6zel sekt\u00f6r sinerjisini en ileri noktaya ta\u015f\u0131yarak vatanda\u015f\u0131n en iyi hizmeti alabilmesi i\u00e7in elimizden geleni yapmaya devam edece\u011fiz.&#8221; de\u011ferlendirmesinde bulundu.<\/p>\n<p>Bakan Albayrak, &#8220;Ne kadar m\u00fc\u015fteri memnuniyeti varsa \u015firketlere de o kadar havu\u00e7 var&#8221; diyerek, m\u00fc\u015fteri memnuniyeti y\u00fcksek olanla olmayan \u015firketlerin bir tutulmayaca\u011f\u0131n\u0131 s\u00f6zlerine ekledi.<\/p>\n<p>Kaynak: AA<\/p>\n","protected":false},"excerpt":{"rendered":"<p>Enerji ve Tabii Kaynaklar Bakan\u0131 Berat Albayrak, Enerjisa&#8217;n\u0131n halka arz\u0131na gelen yo\u011fun talebin T\u00fcrkiye ekonomi ve enerji piyasalar\u0131na duyulan g\u00fcvenin g\u00f6stergesi oldu\u011funu s\u00f6yledi.<\/p>\n","protected":false},"author":1000097,"featured_media":2554,"comment_status":"open","ping_status":"closed","sticky":false,"template":"","format":"standard","meta":[],"categories":[60],"tags":[],"_links":{"self":[{"href":"https:\/\/www.vizyon2023.com.tr\/index.php\/wp-json\/wp\/v2\/posts\/2553"}],"collection":[{"href":"https:\/\/www.vizyon2023.com.tr\/index.php\/wp-json\/wp\/v2\/posts"}],"about":[{"href":"https:\/\/www.vizyon2023.com.tr\/index.php\/wp-json\/wp\/v2\/types\/post"}],"author":[{"embeddable":true,"href":"https:\/\/www.vizyon2023.com.tr\/index.php\/wp-json\/wp\/v2\/users\/1000097"}],"replies":[{"embeddable":true,"href":"https:\/\/www.vizyon2023.com.tr\/index.php\/wp-json\/wp\/v2\/comments?post=2553"}],"version-history":[{"count":0,"href":"https:\/\/www.vizyon2023.com.tr\/index.php\/wp-json\/wp\/v2\/posts\/2553\/revisions"}],"wp:featuredmedia":[{"embeddable":true,"href":"https:\/\/www.vizyon2023.com.tr\/index.php\/wp-json\/wp\/v2\/media\/2554"}],"wp:attachment":[{"href":"https:\/\/www.vizyon2023.com.tr\/index.php\/wp-json\/wp\/v2\/media?parent=2553"}],"wp:term":[{"taxonomy":"category","embeddable":true,"href":"https:\/\/www.vizyon2023.com.tr\/index.php\/wp-json\/wp\/v2\/categories?post=2553"},{"taxonomy":"post_tag","embeddable":true,"href":"https:\/\/www.vizyon2023.com.tr\/index.php\/wp-json\/wp\/v2\/tags?post=2553"}],"curies":[{"name":"wp","href":"https:\/\/api.w.org\/{rel}","templated":true}]}}