{"id":2549,"date":"2018-02-09T18:11:59","date_gmt":"2018-02-09T16:11:59","guid":{"rendered":"http:\/\/www.vizyon2023.com.tr\/index.php\/2018\/02\/09\/maliye-bakani-agbal-ortaya-cikan-rakamlar-buyume-trendinin-devam-ettigini-gosteriyor\/"},"modified":"2018-02-09T18:11:59","modified_gmt":"2018-02-09T16:11:59","slug":"maliye-bakani-agbal-ortaya-cikan-rakamlar-buyume-trendinin-devam-ettigini-gosteriyor","status":"publish","type":"post","link":"https:\/\/www.vizyon2023.com.tr\/index.php\/2018\/02\/09\/maliye-bakani-agbal-ortaya-cikan-rakamlar-buyume-trendinin-devam-ettigini-gosteriyor\/","title":{"rendered":"Maliye Bakan\u0131 A\u011fbal: Ortaya \u00e7\u0131kan rakamlar b\u00fcy\u00fcme trendinin devam etti\u011fini g\u00f6steriyor"},"content":{"rendered":"<p>Maliye Bakan\u0131 Naci A\u011fbal, &#8220;B\u00fcy\u00fcme konusunda 2018\u2019de y\u00fczde 5.5 b\u00fcy\u00fcme tahminimiz var. \u0130lk ortaya \u00e7\u0131kan rakamlar ekonomideki b\u00fcy\u00fcme trendinin devam etti\u011fini g\u00f6steriyor&#8221; dedi.<\/p>\n<p><strong>&#8220;\u0130lk ortaya \u00e7\u0131kan rakamlar ekonomideki b\u00fcy\u00fcme trendinin devam etti\u011fini g\u00f6steriyor&#8221;<\/strong><\/p>\n<p>Bakan A\u011fbal, TBMM Plan ve B\u00fct\u00e7e Komisyonunda Vergi Kanunlar\u0131 ile Baz\u0131 Kanun ve Kanun H\u00fckm\u00fcnde Kararnamelerde De\u011fi\u015fiklik Yap\u0131lmas\u0131 Hakk\u0131nda Kanun Tasar\u0131s\u0131 hakk\u0131nda bilgi verdi.<\/p>\n<p>A\u011fbal, b\u00fcy\u00fcme tahmininden bahsederek, &#8220;2017 y\u0131l\u0131nda alm\u0131\u015f oldu\u011fumuz tedbirlerin etkileri olumlu y\u00f6nde etkisini s\u00fcrd\u00fcr\u00fcyor. B\u00fcy\u00fcme konusunda 2018\u2019de y\u00fczde 5.5 b\u00fcy\u00fcme tahminimiz var. \u0130lk ortaya \u00e7\u0131kan rakamlar ekonomideki b\u00fcy\u00fcme trendinin devam etti\u011fini g\u00f6steriyor, enflasyon a\u015fa\u011f\u0131ya do\u011fru inmeye ba\u015flad\u0131&#8221; dedi.<\/p>\n<p>A\u011fbal, tasar\u0131da \u00f6nemli d\u00fczenlemelerin oldu\u011funu belirterek, &#8220;D\u00fczenleme \u00e7ok kapsaml\u0131, son derece \u00f6nemli d\u00fczenlemeler var. 2018-2019 y\u0131llar\u0131nda makine ve te\u00e7hizat al\u0131mlar\u0131nda KDV istisnad\u0131r. Yurt d\u0131\u015f\u0131ndan gelecek sermaye kur de\u011ferlendirilmesine tabi tutulmayacak. Yeni bir kurulmu\u015f \u015firket olacak, bu \u015firket yurt d\u0131\u015f\u0131ndan d\u00f6viz olarak sermaye getirecek, te\u015fvikte kullanacak. Yurt d\u0131\u015f\u0131ndan getirdi\u011fi d\u00f6vizi ara d\u00f6nemde olu\u015fabilecek kur fark\u0131 gelirleri, kar zarar hesab\u0131na dahil edilmeden bilan\u00e7oda a\u00e7\u0131lacak hesapta tutulacak. 2 y\u0131l s\u00fcre zarf\u0131nda te\u015fvik belgeli kullan\u0131lan durumda vergi hesaplanmayacak. \u00d6zel fonda tutulan bu tutar \u00e7ekilmedi\u011fi suretle vergi yans\u0131t\u0131lmayacak&#8221; ifadelerini kulland\u0131.<\/p>\n<p><strong>&#8220;Yenilenebilir enerji kaynaklar\u0131ndan elektrik \u00fcretimi te\u015fvik edilmektedir&#8221;<\/strong><\/p>\n<p>A\u011fbal, yenilenebilir enerjinin te\u015fvik edildi\u011fini kaydederek, &#8220;Yenilenebilir enerji kaynaklar\u0131ndan elektrik \u00fcretimi te\u015fvik edilmektedir. 10 kilovata kadar elektrik tesislerinin kurulmas\u0131, sisteme verilen elektrikten vergiden muaf yap\u0131yoruz. KDV\u2019den de muaf olacak. Evinin \u00e7at\u0131s\u0131na bu sistemi kurup, kullanmay\u0131p sisteme satt\u0131\u011f\u0131 elektrikten dolay\u0131 vergi olmayacak. Bu te\u015fviki vermi\u015f olaca\u011f\u0131z&#8221; diye konu\u015ftu.<\/p>\n<p><strong>&#8220;T\u00fcrk ekonomisi b\u00fcy\u00fcmeye \u00e7ok g\u00fc\u00e7l\u00fc bir \u015fekilde devam ediyor&#8221;<\/strong><\/p>\n<p>A\u011fbal \u015funlar\u0131 kaydetti:<\/p>\n<p>&#8220;Kad\u0131n \u00e7al\u0131\u015fana kre\u015f yard\u0131m\u0131 300 TL&#8217;ye y\u00f6nelik destek var. Bakanlar Kurulu&#8217;nda y\u00fczde 50\u2019ye \u00e7\u0131kar\u0131lmas\u0131 konusunda planlamam\u0131z var. Ayda 883 TL, 12 ay boyunca ise 10 bin 500 TL&#8217;lik deste\u011fimiz olacak. Bir i\u015fverenimiz devlete \u00f6demesi gereken 10 bin 596 TL&#8217;lik y\u00fckten kurtulmu\u015f olacak. \u0130malat sanayinde y\u0131ll\u0131k destek 25 bin TL&#8217;yi buluyor. Sanki ekonomide bir sorun varm\u0131\u015f gibi ifade kullan\u0131yorlar, arg\u00fcman geli\u015ftiriyorlar. Bunlar\u0131n hi\u00e7biri ge\u00e7erli de\u011fil. T\u00fcrk ekonomisi b\u00fcy\u00fcmeye \u00e7ok g\u00fc\u00e7l\u00fc bir \u015fekilde devam ediyor. \u015eehit olanlar\u0131n ailelerinde istihdam hakk\u0131n\u0131 ikiye \u00e7\u0131kart\u0131yoruz. Yay\u0131n \u00f6zg\u00fcrl\u00fc\u011f\u00fcne s\u0131k\u0131nt\u0131 yaratmayan bir internet ortam\u0131 yaratmaya, herkesin hakk\u0131n\u0131 koruyan, imkan verecek bir d\u00fczenleme yap\u0131yoruz. Kimse olmayan bir \u015fey \u00fczerinden varm\u0131\u015f gibi s\u00f6zler s\u00f6ylemesin.&#8221;<\/p>\n<p>Kaynak: \u0130HA<\/p>\n","protected":false},"excerpt":{"rendered":"<p>Maliye Bakan\u0131 Naci A\u011fbal, 2017&#8217;de al\u0131nan tedbirlerin etkisinin olumlu y\u00f6nde devam etti\u011fini belirterek, &#8220;Enflasyon a\u015fa\u011f\u0131ya do\u011fru inmeye ba\u015flad\u0131.&#8221; dedi.<\/p>\n","protected":false},"author":1000097,"featured_media":2550,"comment_status":"open","ping_status":"closed","sticky":false,"template":"","format":"standard","meta":[],"categories":[60],"tags":[],"_links":{"self":[{"href":"https:\/\/www.vizyon2023.com.tr\/index.php\/wp-json\/wp\/v2\/posts\/2549"}],"collection":[{"href":"https:\/\/www.vizyon2023.com.tr\/index.php\/wp-json\/wp\/v2\/posts"}],"about":[{"href":"https:\/\/www.vizyon2023.com.tr\/index.php\/wp-json\/wp\/v2\/types\/post"}],"author":[{"embeddable":true,"href":"https:\/\/www.vizyon2023.com.tr\/index.php\/wp-json\/wp\/v2\/users\/1000097"}],"replies":[{"embeddable":true,"href":"https:\/\/www.vizyon2023.com.tr\/index.php\/wp-json\/wp\/v2\/comments?post=2549"}],"version-history":[{"count":0,"href":"https:\/\/www.vizyon2023.com.tr\/index.php\/wp-json\/wp\/v2\/posts\/2549\/revisions"}],"wp:featuredmedia":[{"embeddable":true,"href":"https:\/\/www.vizyon2023.com.tr\/index.php\/wp-json\/wp\/v2\/media\/2550"}],"wp:attachment":[{"href":"https:\/\/www.vizyon2023.com.tr\/index.php\/wp-json\/wp\/v2\/media?parent=2549"}],"wp:term":[{"taxonomy":"category","embeddable":true,"href":"https:\/\/www.vizyon2023.com.tr\/index.php\/wp-json\/wp\/v2\/categories?post=2549"},{"taxonomy":"post_tag","embeddable":true,"href":"https:\/\/www.vizyon2023.com.tr\/index.php\/wp-json\/wp\/v2\/tags?post=2549"}],"curies":[{"name":"wp","href":"https:\/\/api.w.org\/{rel}","templated":true}]}}