{"id":2527,"date":"2018-02-09T18:07:29","date_gmt":"2018-02-09T16:07:29","guid":{"rendered":"http:\/\/www.vizyon2023.com.tr\/index.php\/2018\/02\/09\/zorla-cepheye-surulen-afrinliler-yasadiklarini-trt-habere-anlatti\/"},"modified":"2018-02-09T18:07:29","modified_gmt":"2018-02-09T16:07:29","slug":"zorla-cepheye-surulen-afrinliler-yasadiklarini-trt-habere-anlatti","status":"publish","type":"post","link":"https:\/\/www.vizyon2023.com.tr\/index.php\/2018\/02\/09\/zorla-cepheye-surulen-afrinliler-yasadiklarini-trt-habere-anlatti\/","title":{"rendered":"Zorla cepheye s\u00fcr\u00fclen Afrinliler ya\u015fad\u0131klar\u0131n\u0131 TRT Haber&#8217;e anlatt\u0131"},"content":{"rendered":"<p>Zeytin Dal\u0131 Harekat\u0131 karal\u0131l\u0131kla s\u00fcr\u00fcyor. K\u00f6\u015feye s\u0131k\u0131\u015fan ter\u00f6ristler \u00e7\u00f6z\u00fclme ba\u015flad\u0131.Azez&#8217;e getirilen ki\u015filer, ter\u00f6r \u00f6rg\u00fct\u00fcn\u00fcn \u00e7irkin i\u00e7 y\u00fcz\u00fcn\u00fc TRT Haber&#8217;e anlatt\u0131.<\/p>\n<p>Zeytin Dal\u0131 Harekat\u0131&#8217;yla a\u011f\u0131r darbe alan \u00e7\u00f6k\u00fc\u015f s\u00fcreci devam eden ter\u00f6r \u00f6rg\u00fct\u00fc YPG\/PKK&#8217;da \u00e7\u00f6z\u00fclme devam ediyor. Bu kez eline silah verdirilen gen\u00e7ler bir bir \u00d6zg\u00fcr Suriye Ordusu&#8217;na teslim olmaya ba\u015flad\u0131.<\/p>\n<p>YPG\/PKK \u00fcyesi 2 ki\u015fi, Afrin&#8217;in Arapcuma b\u00f6lgesinde \u00d6zg\u00fcr Suriye Ordusuna teslim oldu.<\/p>\n<p>Anlatt\u0131klar\u0131 ise ter\u00f6r \u00f6rg\u00fct\u00fcn\u00fcn \u00e7irkin y\u00fcz\u00fcn\u00fc bir kez daha ortaya koydu.<\/p>\n<p>\u00d6SO&#8217;ya teslim olanlar\u0131n zorla silah alt\u0131na al\u0131nan Afrinli gen\u00e7lere bir de mesaj\u0131 var; &#8220;K\u00fcrdistan kuraca\u011f\u0131z. B\u00fct\u00fcn d\u00fcnya \u00fclkeleri bizimle diyerek gen\u00e7leri ikna etmeye \u00e7al\u0131\u015f\u0131yorlar. B\u00f6yle bir \u015fey yok. Kanmas\u0131nlar.Gen\u00e7lerden oradan bir \u015fekilde \u00e7\u0131kmalar\u0131n\u0131 istiyorum. Burada bize \u00e7ok iyi davran\u0131yorlar. Afrinli gen\u00e7lerden korkmamalar\u0131n\u0131 istiyorum. Onlar\u0131 korkutuyorlar. \u00d6zg\u00fcr Suriye Ordusu askerleri hi\u00e7 de anlat\u0131ld\u0131\u011f\u0131 gibi de\u011fil. Bizi \u00f6ld\u00fcrmeye kalkmad\u0131lar. Kafalar\u0131m\u0131z\u0131 keseceklerini s\u00f6yl\u00fcyorlard\u0131. \u00d6yle bir \u015fey yok.&#8221;<\/p>\n<p>TRT Haber<\/p>\n","protected":false},"excerpt":{"rendered":"<p>Afrin&#8217;deki YPG\/PKK ter\u00f6r \u00f6rg\u00fct\u00fc \u00e7\u00f6z\u00fcl\u00fcyor. Ter\u00f6r \u00f6rg\u00fct\u00fcn\u00fcn zorla cepheye s\u00fcrd\u00fc\u011f\u00fc iki Afrinli, \u00e7at\u0131\u015fmalar\u0131n devam etti\u011fi Arapcuma b\u00f6lgesinde \u00d6zg\u00fcr Suriye Ordusuna teslim oldu.<\/p>\n","protected":false},"author":1000097,"featured_media":2528,"comment_status":"open","ping_status":"closed","sticky":false,"template":"","format":"standard","meta":[],"categories":[85],"tags":[],"_links":{"self":[{"href":"https:\/\/www.vizyon2023.com.tr\/index.php\/wp-json\/wp\/v2\/posts\/2527"}],"collection":[{"href":"https:\/\/www.vizyon2023.com.tr\/index.php\/wp-json\/wp\/v2\/posts"}],"about":[{"href":"https:\/\/www.vizyon2023.com.tr\/index.php\/wp-json\/wp\/v2\/types\/post"}],"author":[{"embeddable":true,"href":"https:\/\/www.vizyon2023.com.tr\/index.php\/wp-json\/wp\/v2\/users\/1000097"}],"replies":[{"embeddable":true,"href":"https:\/\/www.vizyon2023.com.tr\/index.php\/wp-json\/wp\/v2\/comments?post=2527"}],"version-history":[{"count":0,"href":"https:\/\/www.vizyon2023.com.tr\/index.php\/wp-json\/wp\/v2\/posts\/2527\/revisions"}],"wp:featuredmedia":[{"embeddable":true,"href":"https:\/\/www.vizyon2023.com.tr\/index.php\/wp-json\/wp\/v2\/media\/2528"}],"wp:attachment":[{"href":"https:\/\/www.vizyon2023.com.tr\/index.php\/wp-json\/wp\/v2\/media?parent=2527"}],"wp:term":[{"taxonomy":"category","embeddable":true,"href":"https:\/\/www.vizyon2023.com.tr\/index.php\/wp-json\/wp\/v2\/categories?post=2527"},{"taxonomy":"post_tag","embeddable":true,"href":"https:\/\/www.vizyon2023.com.tr\/index.php\/wp-json\/wp\/v2\/tags?post=2527"}],"curies":[{"name":"wp","href":"https:\/\/api.w.org\/{rel}","templated":true}]}}