{"id":2525,"date":"2018-02-09T18:07:10","date_gmt":"2018-02-09T16:07:10","guid":{"rendered":"http:\/\/www.vizyon2023.com.tr\/index.php\/2018\/02\/09\/cumhurbaskani-erdogan-sp-genel-baskani-karamollaoglunu-kabul-edecek\/"},"modified":"2018-02-09T18:07:10","modified_gmt":"2018-02-09T16:07:10","slug":"cumhurbaskani-erdogan-sp-genel-baskani-karamollaoglunu-kabul-edecek","status":"publish","type":"post","link":"https:\/\/www.vizyon2023.com.tr\/index.php\/2018\/02\/09\/cumhurbaskani-erdogan-sp-genel-baskani-karamollaoglunu-kabul-edecek\/","title":{"rendered":"Cumhurba\u015fkan\u0131 Erdo\u011fan, SP Genel Ba\u015fkan\u0131 Karamollao\u011flu&#8217;nu kabul edecek"},"content":{"rendered":"<p>Cumhurba\u015fkanl\u0131\u011f\u0131 K\u00fclliyesi&#8217;ndeki kabul yar\u0131n saat 14.15&#8217;te ger\u00e7ekle\u015fecek.<\/p>\n<p>Kaynak: TRT Haber<\/p>\n","protected":false},"excerpt":{"rendered":"<p>Cumhurba\u015fkan\u0131 Recep Tayyip Erdo\u011fan, Saadet Partisi Genel Ba\u015fkan\u0131 Temel Karamollao\u011flu&#8217;nu yar\u0131n kabul edecek.<\/p>\n","protected":false},"author":1000097,"featured_media":2526,"comment_status":"open","ping_status":"closed","sticky":false,"template":"","format":"standard","meta":[],"categories":[85],"tags":[],"_links":{"self":[{"href":"https:\/\/www.vizyon2023.com.tr\/index.php\/wp-json\/wp\/v2\/posts\/2525"}],"collection":[{"href":"https:\/\/www.vizyon2023.com.tr\/index.php\/wp-json\/wp\/v2\/posts"}],"about":[{"href":"https:\/\/www.vizyon2023.com.tr\/index.php\/wp-json\/wp\/v2\/types\/post"}],"author":[{"embeddable":true,"href":"https:\/\/www.vizyon2023.com.tr\/index.php\/wp-json\/wp\/v2\/users\/1000097"}],"replies":[{"embeddable":true,"href":"https:\/\/www.vizyon2023.com.tr\/index.php\/wp-json\/wp\/v2\/comments?post=2525"}],"version-history":[{"count":0,"href":"https:\/\/www.vizyon2023.com.tr\/index.php\/wp-json\/wp\/v2\/posts\/2525\/revisions"}],"wp:featuredmedia":[{"embeddable":true,"href":"https:\/\/www.vizyon2023.com.tr\/index.php\/wp-json\/wp\/v2\/media\/2526"}],"wp:attachment":[{"href":"https:\/\/www.vizyon2023.com.tr\/index.php\/wp-json\/wp\/v2\/media?parent=2525"}],"wp:term":[{"taxonomy":"category","embeddable":true,"href":"https:\/\/www.vizyon2023.com.tr\/index.php\/wp-json\/wp\/v2\/categories?post=2525"},{"taxonomy":"post_tag","embeddable":true,"href":"https:\/\/www.vizyon2023.com.tr\/index.php\/wp-json\/wp\/v2\/tags?post=2525"}],"curies":[{"name":"wp","href":"https:\/\/api.w.org\/{rel}","templated":true}]}}