{"id":2516,"date":"2018-01-18T09:05:53","date_gmt":"2018-01-18T07:05:53","guid":{"rendered":"http:\/\/www.vizyon2023.com.tr\/index.php\/2018\/01\/18\/2017-yilinda-egitimde-neler-oldu\/"},"modified":"2018-01-18T09:05:53","modified_gmt":"2018-01-18T07:05:53","slug":"2017-yilinda-egitimde-neler-oldu","status":"publish","type":"post","link":"https:\/\/www.vizyon2023.com.tr\/index.php\/2018\/01\/18\/2017-yilinda-egitimde-neler-oldu\/","title":{"rendered":"2017 y\u0131l\u0131nda e\u011fitimde neler oldu?"},"content":{"rendered":"<p>E\u011fitim alan\u0131nda en \u00f6nemli konular\u0131n ba\u015f\u0131nda yer alan Temel E\u011fitimden Orta\u00f6\u011fretime Ge\u00e7i\u015f Sistemi(TEOG) kald\u0131r\u0131ld\u0131. TEOG yerine getirilen ve mahalli yerle\u015ftirmeye dayal\u0131 yeni liselere giri\u015f sistemi getirildi.<\/p>\n<p>Yeni sisteme g\u00f6re, mahalli kay\u0131t alan okullarda \u00f6\u011frenim g\u00f6recek \u00f6\u011frenciler, ikamet etti\u011fi e\u011fitim b\u00f6lgesinde bulunan liselere devam edecek. S\u0131navla \u00f6\u011frenci alan liseler fen, sosyal bilimler ve proje okullar\u0131ndan olu\u015facak. Bu okullara, haziran ay\u0131 ba\u015f\u0131nda yap\u0131lan ve iste\u011fe ba\u011fl\u0131 girilen bir s\u0131nav ile yerle\u015ftirme yap\u0131lacak. S\u0131nav, sadece 8&#8217;inci s\u0131n\u0131f m\u00fcfredat\u0131n\u0131 kapsayacak.<\/p>\n<p>Milli E\u011fitim Bakanl\u0131\u011f\u0131nca, ilkokul ve ortaokul d\u00fczeyinde 17, lise d\u00fczeyinde 24, imam hatip ortaokulu ve imam hatip lisesi d\u00fczeyinde 10 olmak \u00fczere toplam 51 ayr\u0131 dersin m\u00fcfredat\u0131 yenilendi. Yenilenen m\u00fcfredat, 1&#8217;inci, 5&#8217;inci ve 9&#8217;uncu s\u0131n\u0131flarda 2017-2018 e\u011fitim \u00f6\u011fretim y\u0131l\u0131ndan itibaren kademeli olarak okutulmaya ba\u015fland\u0131.<\/p>\n<p>\u00d6\u011fretmen yeti\u015ftirme ve geli\u015ftirme s\u00fcrecinde bir yol haritas\u0131 niteli\u011finde olan, 2017-2023 y\u0131llar\u0131ndaki eylemleri kapsayan &#8220;\u00d6\u011fretmen Strateji Belgesi&#8221; Resmi Gazete&#8217;de yay\u0131mland\u0131. T\u00fcrkiye genelinde 12 ilde pilot \u00f6\u011fretmen performans de\u011ferlendirme sistemi ba\u015flat\u0131ld\u0131.<\/p>\n<p>\u00dccretsiz ders kitaplar\u0131n\u0131n yan\u0131nda ilkokul, ortaokul ve lise kademelerindeki \u00f6\u011frencilere, seviyelerine uygun \u015fekilde haz\u0131rlanan 15 Temmuz Milli \u0130rade Destan\u0131 kitap\u00e7\u0131klar\u0131 da\u011f\u0131t\u0131ld\u0131.<\/p>\n<p>\u0130lkokul birinci s\u0131n\u0131flarda &#8220;biti\u015fik e\u011fik el yaz\u0131s\u0131&#8221; \u00f6\u011fretmenlerin tercihine b\u0131rak\u0131ld\u0131. \u0130lkokul \u00fc\u00e7\u00fcnc\u00fc s\u0131n\u0131ftan itibaren de \u00f6\u011frencilere haftal\u0131k 8 saatlik T\u00fcrk\u00e7e derslerinde 2 saat g\u00fczel yaz\u0131 dersi verilecek.<\/p>\n<p>Milli E\u011fitim Bakanl\u0131\u011f\u0131nca 20 bin s\u00f6zle\u015fmeli \u00f6\u011fretmen atamas\u0131 yap\u0131ld\u0131. S\u00f6zle\u015fmeli \u00f6\u011fretmenlere e\u015flerinin yan\u0131na tayin hakk\u0131 verildi. Ortaokul 5&#8217;inci s\u0131n\u0131flar yabanc\u0131 dil a\u011f\u0131rl\u0131kl\u0131 e\u011fitimi pilot uygulamas\u0131, 81 ilde 620 okulda ba\u015flat\u0131ld\u0131. Bakanl\u0131k, tam g\u00fcn e\u011fitime ge\u00e7mek i\u00e7in yol haritas\u0131n\u0131 belirledi.<\/p>\n<p><strong>\u00d6\u011frenci yurtlar\u0131n\u0131n ruhsatlar\u0131n\u0131 MEB verecek<\/strong><\/p>\n<p>\u00d6\u011frencilere bar\u0131nma hizmeti veren ticari i\u015fletmeler i\u00e7in kurum a\u00e7ma ve ruhsat d\u00fczenlenme yetkisi Milli E\u011fitim Bakanl\u0131\u011f\u0131na devredildi. Bakanl\u0131k\u00e7a, konuya ili\u015fkin alt mevzuatlar yay\u0131nland\u0131. \u00d6zel \u00f6\u011frenci yurdu, pansiyonu, apart\u0131 ve st\u00fcdyo dairesine ruhsat al\u0131nabilmesi i\u00e7in binalar\u0131n tavan y\u00fcksekli\u011finden kap\u0131, merdiven ve koridor geni\u015fliklerine kadar bir dizi standart getirildi.<\/p>\n<p>Ortaokullarda Arnavut\u00e7a ve Bo\u015fnak\u00e7a dilleri se\u00e7meli ders olarak m\u00fcfredata al\u0131nd\u0131. Programlar\u0131 Talim ve Terbiye Kurulunun onay\u0131ndan ge\u00e7en her iki dil, Ya\u015fayan Diller ve Leh\u00e7eler dersi kapsam\u0131nda ortaokullarda se\u00e7meli okutulmaya ba\u015fland\u0131.<\/p>\n<p>\u00d6zel okullar\u0131n talepleri do\u011frultusunda okul \u00f6ncesi ile ilkokullara y\u00f6nelik &#8220;\u00d6zel \u00d6\u011fretim Kurumlar\u0131 Kur&#8217;an-\u0131 Kerim \u00d6\u011fretim Program\u0131&#8221; haz\u0131rland\u0131.<\/p>\n<p><strong>Karnenin yan\u0131nda sosyal etkinlik belgesi<\/strong><\/p>\n<p>Okullarda pilot olarak ba\u015flat\u0131lan \u00e7al\u0131\u015fma kapsam\u0131nda, \u00f6\u011frencilerin okul ve okul d\u0131\u015f\u0131nda yapt\u0131\u011f\u0131 her t\u00fcrl\u00fc sosyal etkinlik, e-okul sisteminde kay\u0131t alt\u0131na al\u0131nmaya ba\u015fland\u0131. Kay\u0131tlar, e-okul sisteminin d\u0131\u015f\u0131nda karne ile birlikte &#8220;sosyal etkinlik belgesi&#8221; olarak \u00f6\u011frenciye verilecek.<\/p>\n<p>\u00d6\u011frenci ba\u015far\u0131s\u0131ndaki geli\u015fimin izlenmesi amac\u0131yla 38 bin 8&#8217;inci s\u0131n\u0131f \u00f6\u011frencisinin kat\u0131l\u0131m\u0131yla haz\u0131rlanan Akademik Becerilerin \u0130zlenmesi ve De\u011ferlendirilmesi (AB\u0130DE) Projesi&#8217;nin verilerinden olu\u015fan ilk raporun sonu\u00e7lar\u0131 belli oldu.<\/p>\n<p>Yeniden d\u00fczenlenen Rehberlik Hizmetleri Y\u00f6netmeli\u011fi ile e\u011fitim \u00f6\u011fretim kurumlar\u0131ndaki rehberlik \u00f6\u011fretmenlerinin g\u00f6revleri aras\u0131na, e\u011fitimlerini evde ve hastanede yapan \u00f6\u011frencileri ziyaret de eklendi.<\/p>\n<p>Milli E\u011fitim Bakanl\u0131\u011f\u0131nca, 38 Afrika \u00fclkesinin e\u011fitim bakanlar\u0131na y\u00f6nelik d\u00fczenlenen konferansta, FET\u00d6 okullar\u0131yla ilgili bilgilendirme yap\u0131larak, T\u00fcrkiye Maarif Vakf\u0131na devrine ili\u015fkin prosed\u00fcr\u00fcn h\u0131zland\u0131r\u0131lmas\u0131n\u0131n \u00f6nemi vurguland\u0131.<\/p>\n<p>Milli E\u011fitim Bakanl\u0131\u011f\u0131nca, \u00e7\u0131rakl\u0131k e\u011fitimini zorunlu e\u011fitim kapsam\u0131na alan kanuna dayan\u0131larak haz\u0131rlanan y\u00f6netmelik de\u011fi\u015fikli\u011fi ile 18 ya\u015f\u0131n\u0131 bitirenlerin mesleki e\u011fitim merkezlerine kay\u0131t olup lise mezunu olabilmelerinin \u00f6n\u00fc a\u00e7\u0131ld\u0131.<\/p>\n<p>Kanun de\u011fi\u015fikli\u011fi ile &#8220;\u00f6\u011frenci et\u00fct e\u011fitim merkezleri&#8221; tan\u0131m\u0131 y\u00fcr\u00fcrl\u00fckten kald\u0131r\u0131ld\u0131. Bu merkezlerin yerine &#8220;sosyal etkinlik merkezleri&#8221; a\u00e7\u0131lmas\u0131 h\u00fckme ba\u011fland\u0131.<\/p>\n<p>Milli E\u011fitim Bakan\u0131 \u0130smet Y\u0131lmaz&#8217;\u0131n imzas\u0131yla yay\u0131nlanan genelge kapsam\u0131nda, meslek liselerinde \u00f6\u011frenim g\u00f6ren 1 milyon 700 bin \u00f6\u011frencinin, kimsesi olmayan ya\u015fl\u0131lar\u0131n evlerinde toplum hizmeti vermesi i\u00e7in 81 il genelinde proje ba\u015flat\u0131ld\u0131.<\/p>\n<p><strong>Y\u00fcksek\u00f6\u011fretim Kurulu kararlar\u0131<\/strong><\/p>\n<p>\u00dcniversiteye giri\u015fte, Y\u00fcksek\u00f6\u011fretime Ge\u00e7i\u015f S\u0131nav\u0131 (YGS) ile Lisans Yerle\u015ftirme S\u0131nav\u0131 (LYS) yerine yeni sistem Y\u00fcksek\u00f6\u011fretim Kurumlar\u0131 S\u0131nav\u0131 (YKS) getirildi. YKS&#8217;nin birinci oturumu olan Temel Yeterlilik Testi (TYT) 23 Haziran 2018 Cumartesi sabah\u0131, ikinci oturumu olan Alan Yeterlilik Testi (AYT) ise 24 Haziran 2018 Pazar g\u00fcn\u00fc yap\u0131lacak. YKS&#8217;nin ilk oturumu olan Temel Yeterlilik S\u0131nav\u0131&#8217;nda, T\u00fcrk\u00e7e testindeki 40 soruya ek olarak 20 sosyal bilimler sorusu, matematik testindeki 40 soruya ek olarak 20 fen bilimleri sorusu olmak \u00fczere toplam 120 sorunun yer almas\u0131 kararla\u015ft\u0131r\u0131ld\u0131. S\u0131nav s\u00fcresi ise 135 dakika olarak belirlendi. \u00d6SYM taraf\u0131ndan, TYT&#8217;ye ili\u015fkin ilk \u00f6rnek sorular kamuoyu ile payla\u015f\u0131ld\u0131.<\/p>\n<p>YKS&#8217;de a\u00e7\u0131k u\u00e7lu soru sorulmayaca\u011f\u0131 a\u00e7\u0131kland\u0131.<\/p>\n<p><strong>Do\u00e7entlik s\u00fcre\u00e7leri kamuoyunun g\u00f6r\u00fc\u015f\u00fcne a\u00e7\u0131ld\u0131<\/strong><\/p>\n<p>Y\u00d6K Kanunu ile ilgili 10 dolay\u0131ndaki madde teklifi, \u00dcretim Reformu Paketi&#8217;ne dahil edildi. Y\u00d6K Ba\u015fkan\u0131 Prof. Dr. Yekta Sara\u00e7&#8217;\u0131n &#8220;y\u00fcksek\u00f6\u011fretimde sessiz devrim&#8221; olarak nitelendirdi\u011fi d\u00fczenlemeler kapsam\u0131nda, Kalite Kurulu Y\u00d6K&#8217;ten ba\u011f\u0131ms\u0131z hale getirilirken, \u00f6\u011fretim \u00fcyelerine 75 ya\u015f\u0131na kadar \u00e7al\u0131\u015fma hakk\u0131 verildi. Bilimsel ara\u015ft\u0131rma projelerinde g\u00f6rev alacak tezli y\u00fcksek lisans ve doktora \u00f6\u011frencilerine burs verilebilmesinin \u00f6n\u00fc a\u00e7\u0131ld\u0131 ve \u00fcniversitelerin, sermaye \u015firketi stat\u00fcs\u00fcnde teknoloji transfer \u015firketi kurabilmelerine olanak verildi. Doktoras\u0131n\u0131 tamamlayanlar i\u00e7in 3 y\u0131la kadar, \u00fcniversitelerde yeni bir istihdam imkan\u0131 (post-doc) sunuldu.<\/p>\n<p>Ayr\u0131ca, meslek y\u00fcksekokullar\u0131 ve programlar\u0131n a\u00e7\u0131lmas\u0131na y\u00f6nelik standartlar\u0131n belirlenmesini sa\u011flayacak Meslek Y\u00fcksekokullar\u0131 Koordinasyon Kurulu ile kontenjan planlamas\u0131ndan istihdam odakl\u0131 politikalar\u0131n olu\u015fturulmas\u0131na kadar \u00e7e\u015fitli alanlarda \u00e7al\u0131\u015fmalar yapmak \u00fczere Y\u00fcksek\u00f6\u011fretim E\u011fitim Programlar\u0131 Dan\u0131\u015fma Kurulu kurulma karar\u0131 al\u0131nd\u0131.<\/p>\n<p>Y\u00d6K, do\u00e7entlik s\u00fcre\u00e7lerini kamuoyunun g\u00f6r\u00fc\u015f\u00fcne a\u00e7t\u0131.<\/p>\n<p>OHAL kapsam\u0131nda \u00e7\u0131kar\u0131lan KHK ile T\u00fcrkiye&#8217;deki devlet \u00fcniversitelerinin, yurt d\u0131\u015f\u0131nda akademik birim ve sosyal tesisler kurabilmesine imkan tan\u0131nd\u0131.<\/p>\n<p>Y\u00fcksek\u00f6\u011fretim Kurulu (Y\u00d6K) Ba\u015fkan\u0131 Yekta Sara\u00e7, &#8220;Y\u00fcksek\u00f6\u011fretim Genel Kurulunda, Ter\u00f6rle M\u00fccadele Kanunu kapsam\u0131nda, hem yurt i\u00e7i hem de yurt d\u0131\u015f\u0131ndaki ter\u00f6rle m\u00fccadele s\u0131ras\u0131nda \u015fehit olan Emniyet Genel M\u00fcd\u00fcrl\u00fc\u011f\u00fc, Jandarma Genel Komutanl\u0131\u011f\u0131, Sahil G\u00fcvenlik Komutanl\u0131\u011f\u0131 ve T\u00fcrk Silahl\u0131 Kuvvetleri personeli ile 15 Temmuz darbe giri\u015fiminde \u015fehit d\u00fc\u015fen vatanda\u015flar\u0131n \u00fcniversitelerde kay\u0131tl\u0131 e\u015f ve \u00e7ocuklar\u0131n\u0131n talepleri halinde, 2017-2018 e\u011fitim \u00f6\u011fretim d\u00f6neminden itibaren diledikleri \u00fcniversitelerde \u00f6zel \u00f6\u011frenci stat\u00fcs\u00fcnde \u00f6\u011frenim g\u00f6rmelerine ili\u015fkin bir karar ald\u0131k.&#8221; a\u00e7\u0131klamas\u0131n\u0131 yapt\u0131.<\/p>\n<p>Y\u00d6K taraf\u0131ndan, devlet ve vak\u0131f dahil \u00fcniversite kadrosunda bulunmayan profes\u00f6r ve do\u00e7entlerin, t\u0131p ve di\u015f hekimli\u011fi fak\u00fcltelerinde s\u00f6zle\u015fmeli \u00f6\u011fretim \u00fcyesi olarak \u00e7al\u0131\u015fabilmesine imkan tan\u0131nd\u0131.<\/p>\n<p>T\u00fcrkiye&#8217;deki Suriyeli \u00fcniversite \u00f6\u011frencilerine y\u00f6nelik s\u00fcrecin kolayla\u015ft\u0131r\u0131lmas\u0131 ve yurt i\u00e7i ve yurt d\u0131\u015f\u0131 kurumlar nezdinde takibi i\u00e7in Y\u00d6K b\u00fcnyesinde koordinasyon birimi olu\u015fturulmas\u0131 karar\u0131 verildi.<\/p>\n<p>Y\u00fcksek\u00f6\u011fretim Kurulunca ba\u015flat\u0131lan uygulama ile Y\u00d6K-Temel Bilimler Programlar\u0131 (TEB\u0130P) kapsam\u0131nda, fizik, kimya, matematik ve biyoloji programlar\u0131nda \u00fcst\u00fcn ba\u015far\u0131 s\u0131n\u0131flar\u0131 olu\u015fturuldu.<\/p>\n<p><strong>\u00d6SYM&#8217;de g\u00f6rev de\u011fi\u015fimi<\/strong><\/p>\n<p>\u00d6SYM taraf\u0131ndan yap\u0131lan 2017 LYS&#8217;de ilk kez a\u00e7\u0131k u\u00e7lu sorular soruldu. LYS sonras\u0131 yap\u0131lan kontrollerde, 7 bin 84 \u00fcniversite aday\u0131n\u0131n yerle\u015ftirme puanlar\u0131n\u0131n yeniden hesapland\u0131\u011f\u0131 a\u00e7\u0131kland\u0131.<\/p>\n<p>\u00dcniversiteye yerle\u015ftirmede ise baz\u0131 okul t\u00fcrlerinde kullan\u0131lan ek puan hesaplamalar\u0131na ili\u015fkin g\u00fcncelleme nedeniyle bin 110 aday\u0131n ilan edilen yerle\u015ftirmesinin de\u011fi\u015fti\u011fi, bin 628 aday\u0131n daha \u00f6nce bir programa yerle\u015fmemi\u015fken yerle\u015fir duruma geldi\u011fi, daha \u00f6nce bir programa yerle\u015fti\u011fi ilan edilen bin 499 aday\u0131n ise yeni durumda herhangi bir programa yerle\u015femedi\u011fi a\u00e7\u0131kland\u0131.<\/p>\n<p>\u00d6SYM Ba\u015fkan\u0131 Prof. Dr. \u00d6mer Demir, ilgili personelin kas\u0131t ta\u015f\u0131mayan dikkatsizlikleri sonucu ortaya \u00e7\u0131kan yerle\u015ftirme hatas\u0131 nedeniyle \u00d6SYM&#8217;nin kurum olarak tart\u0131\u015f\u0131lmas\u0131n\u0131n \u00f6n\u00fcne ge\u00e7mek maksad\u0131yla istifa etti\u011fini a\u00e7\u0131klamas\u0131n\u0131n ard\u0131ndan \u00d6SYM Ba\u015fkanl\u0131\u011f\u0131na Prof. Dr. Mahmut \u00d6zer atand\u0131.<\/p>\n<p>\u00d6zer, kamuoyunda \u00e7ok tart\u0131\u015f\u0131lan &#8220;09.45&#8221; kural\u0131n\u0131 kald\u0131rd\u0131klar\u0131n\u0131, adaylar\u0131n saat 10.00&#8217;dan sonra s\u0131nav binalar\u0131na al\u0131nmayaca\u011f\u0131n\u0131 a\u00e7\u0131klad\u0131. \u00d6zer, ayr\u0131ca son 10 y\u0131lda yap\u0131lan s\u0131nav sonu\u00e7lar\u0131na y\u00f6nelik detayl\u0131 incelemeler yapmak \u00fczere S\u0131nav Sonu\u00e7lar\u0131n\u0131 \u0130zleme ve De\u011ferlendirme Birimi kurduklar\u0131n\u0131 bildirdi.<\/p>\n<p>Kaynak: AA<\/p>\n","protected":false},"excerpt":{"rendered":"<p>E\u011fitim alan\u0131nda 2017&#8217;de, \u00fcniversiteye ve liseye giri\u015fte uygulanacak yeni sistemler, kamuoyu taraf\u0131ndan en \u00e7ok konu\u015fulan konular oldu.<\/p>\n","protected":false},"author":1000097,"featured_media":2517,"comment_status":"open","ping_status":"closed","sticky":false,"template":"","format":"standard","meta":[],"categories":[63],"tags":[],"_links":{"self":[{"href":"https:\/\/www.vizyon2023.com.tr\/index.php\/wp-json\/wp\/v2\/posts\/2516"}],"collection":[{"href":"https:\/\/www.vizyon2023.com.tr\/index.php\/wp-json\/wp\/v2\/posts"}],"about":[{"href":"https:\/\/www.vizyon2023.com.tr\/index.php\/wp-json\/wp\/v2\/types\/post"}],"author":[{"embeddable":true,"href":"https:\/\/www.vizyon2023.com.tr\/index.php\/wp-json\/wp\/v2\/users\/1000097"}],"replies":[{"embeddable":true,"href":"https:\/\/www.vizyon2023.com.tr\/index.php\/wp-json\/wp\/v2\/comments?post=2516"}],"version-history":[{"count":0,"href":"https:\/\/www.vizyon2023.com.tr\/index.php\/wp-json\/wp\/v2\/posts\/2516\/revisions"}],"wp:featuredmedia":[{"embeddable":true,"href":"https:\/\/www.vizyon2023.com.tr\/index.php\/wp-json\/wp\/v2\/media\/2517"}],"wp:attachment":[{"href":"https:\/\/www.vizyon2023.com.tr\/index.php\/wp-json\/wp\/v2\/media?parent=2516"}],"wp:term":[{"taxonomy":"category","embeddable":true,"href":"https:\/\/www.vizyon2023.com.tr\/index.php\/wp-json\/wp\/v2\/categories?post=2516"},{"taxonomy":"post_tag","embeddable":true,"href":"https:\/\/www.vizyon2023.com.tr\/index.php\/wp-json\/wp\/v2\/tags?post=2516"}],"curies":[{"name":"wp","href":"https:\/\/api.w.org\/{rel}","templated":true}]}}