{"id":2512,"date":"2018-01-18T09:05:14","date_gmt":"2018-01-18T07:05:14","guid":{"rendered":"http:\/\/www.vizyon2023.com.tr\/index.php\/2018\/01\/18\/milli-egitim-bakani-yilmaz-yeni-sistemde-evlatlarimiz-kendi-muhitinde-egitim-alacak\/"},"modified":"2018-01-18T09:05:14","modified_gmt":"2018-01-18T07:05:14","slug":"milli-egitim-bakani-yilmaz-yeni-sistemde-evlatlarimiz-kendi-muhitinde-egitim-alacak","status":"publish","type":"post","link":"https:\/\/www.vizyon2023.com.tr\/index.php\/2018\/01\/18\/milli-egitim-bakani-yilmaz-yeni-sistemde-evlatlarimiz-kendi-muhitinde-egitim-alacak\/","title":{"rendered":"Milli E\u011fitim Bakan\u0131 Y\u0131lmaz: Yeni sistemde evlatlar\u0131m\u0131z kendi muhitinde e\u011fitim alacak"},"content":{"rendered":"<p>Milli E\u011fitim Bakan\u0131 \u0130smet Y\u0131lmaz, AK Parti Ordu \u0130l Ba\u015fkanl\u0131\u011f\u0131n\u0131 ziyareti s\u0131ras\u0131nda yapt\u0131\u011f\u0131 konu\u015fmada, Ordu&#8217;da e\u011fitim yat\u0131r\u0131mlar\u0131n\u0131n aral\u0131ks\u0131z s\u00fcrd\u00fc\u011f\u00fcn\u00fc s\u00f6yledi.<\/p>\n<p>Y\u0131lmaz, liselere ge\u00e7i\u015fte uygulanacak yeni sistem hakk\u0131nda, &#8220;Yeni sistemde in\u015fallah evlatlar\u0131m\u0131z\u0131n y\u00fczde 90&#8217;\u0131n\u0131n kendi muhitinde e\u011fitim almas\u0131n\u0131 sa\u011flayaca\u011f\u0131z. Ben kendi muhitimde okudum. Herkes de \u00f6yledir. Kesinlikle evlatlar\u0131n en iyi yeti\u015fti\u011fi ortam aile ortam\u0131d\u0131r. Annesinin, babas\u0131n\u0131n s\u0131cakl\u0131\u011f\u0131, karde\u015flerinin koruyuculu\u011fu. Mahallenin bile bir koruyuculu\u011fu vard\u0131r. Dolay\u0131s\u0131yla b\u0131rak\u0131n mahallesinde olsunlar.&#8221; dedi.<\/p>\n<p>Kendi mahallesini, ilini ve beldesini terk edenlerin farkl\u0131 davran\u0131\u015f kal\u0131plar\u0131na girebilece\u011fini, farkl\u0131 yerlere \u00e7ekilebilece\u011fini anlatan Y\u0131lmaz, \u015funlar\u0131 kaydetti:<\/p>\n<p>&#8220;Bence kesinlikle bu \u00e7ok daha iyi olacakt\u0131r. Bizim iddiam\u0131z ve \u00e7al\u0131\u015fmam\u0131z odur ki sadece s\u0131navla \u00f6\u011frenci alan okullardan mezun olanlar \u00fcniversiteyi kazanm\u0131yor. S\u0131navla \u00f6\u011frenci almay\u0131p da mahalledeki okullardan mezun olanlar\u0131n da di\u011ferleri kadar ba\u015far\u0131l\u0131 oldu\u011funu g\u00f6sterdi\u011fimizde o zaman bu s\u0131nav stresi ve s\u0131nav kayg\u0131s\u0131 ortadan kalkacakt\u0131r. &#8216;S\u0131nava bile gitmeye gerek yok.&#8217; diyece\u011fiz. \u0130n\u015fallah onu da \u00f6n\u00fcm\u00fczdeki d\u00f6nemde ger\u00e7ekle\u015ftirece\u011fiz. \u015euna ad\u0131m gibi eminim ki inan\u0131n T\u00fcrkiye iyi noktada gidiyor. \u0130n\u015fallah gelece\u011fimiz ayd\u0131nl\u0131k, bundan hi\u00e7 \u015f\u00fcpheniz olmas\u0131n.&#8221;<\/p>\n<p><strong>&#8220;Yeni gelen sistem kesinlikle daha demokratik&#8221;<\/strong><\/p>\n<p>Cumhurba\u015fkanl\u0131\u011f\u0131 h\u00fck\u00fcmet sistemine de de\u011finen Bakan Y\u0131lmaz, &#8220;Yeni sistemde h\u00fck\u00fcmeti millet kuracak. Millet sabah oyunu verecek, ak\u015fam h\u00fck\u00fcmeti kimin kurdu\u011funu bilecek.&#8221; diye konu\u015ftu.<\/p>\n<p>Y\u0131lmaz, se\u00e7imler sonras\u0131nda h\u00fck\u00fcmet kurulamamas\u0131n\u0131n \u00fclkelerde zaman kayb\u0131na yol a\u00e7t\u0131\u011f\u0131n\u0131 ifade ederek, &#8220;Yeni gelen bu sistemde h\u00fck\u00fcmete ve parlamentoya be\u015f y\u0131l veriyorsunuz. B\u00fct\u00fcn yetki de iki sand\u0131k aras\u0131nda. E\u011fer vatanda\u015f memnunsa ikinci be\u015f y\u0131lda da yine yoluna devam eder. Memnun de\u011filse de de\u011fi\u015ftirir. Bu millet bir se\u00e7imde y\u00fczde 21 oy verdi\u011fi bir partiyi, bir sonraki se\u00e7imde y\u00fczde 1&#8217;e d\u00fc\u015f\u00fcrm\u00fc\u015ft\u00fc. Yeni gelen sistem kesinlikle daha demokratik.&#8221; de\u011ferlendirmesinde bulundu.<\/p>\n<p>Yeni sistemin T\u00fcrkiye&#8217;nin birli\u011fi ve b\u00fct\u00fcnl\u00fc\u011f\u00fcn\u00fcn de garantisi oldu\u011funu belirten Y\u0131lmaz, &#8220;\u00c7\u00fcnk\u00fc her b\u00f6lgeden oy alamayan bu d\u00f6nemde iktidar olamaz, h\u00fck\u00fcmeti y\u00f6netemez. Y\u00fczde 34&#8217;le \u00fclkeyi y\u00f6netmektense y\u00fczde 50+1 ile y\u00f6netmek daha demokratiktir. Daha \u00e7ok milli iradeye uygundur.&#8221; dedi.<\/p>\n<p>Y\u0131lmaz, bu sistemin istikrar getirece\u011fini aktararak, &#8220;Kavgalardan ka\u00e7\u0131n\u0131lacakt\u0131r. Bu sistemde hakem millettir. Milletin hakem oldu\u011fu bir yerde kayg\u0131ya gerek var m\u0131? Hi\u00e7 kayg\u0131ya gerek yok. Millet ne yaparsa do\u011frusunu yapar.&#8221; diye konu\u015ftu.<\/p>\n","protected":false},"excerpt":{"rendered":"<p>Milli E\u011fitim Bakan\u0131 Y\u0131lmaz, liselere ge\u00e7i\u015fte uygulanacak yeni sisteme i\u00e7in, &#8220;Yeni sistemde in\u015fallah evlatlar\u0131m\u0131z\u0131n y\u00fczde 90&#8217;\u0131n\u0131n kendi muhitinde e\u011fitim almas\u0131n\u0131 sa\u011flayaca\u011f\u0131z&#8221; dedi.<\/p>\n","protected":false},"author":1000097,"featured_media":2513,"comment_status":"open","ping_status":"closed","sticky":false,"template":"","format":"standard","meta":[],"categories":[63],"tags":[],"_links":{"self":[{"href":"https:\/\/www.vizyon2023.com.tr\/index.php\/wp-json\/wp\/v2\/posts\/2512"}],"collection":[{"href":"https:\/\/www.vizyon2023.com.tr\/index.php\/wp-json\/wp\/v2\/posts"}],"about":[{"href":"https:\/\/www.vizyon2023.com.tr\/index.php\/wp-json\/wp\/v2\/types\/post"}],"author":[{"embeddable":true,"href":"https:\/\/www.vizyon2023.com.tr\/index.php\/wp-json\/wp\/v2\/users\/1000097"}],"replies":[{"embeddable":true,"href":"https:\/\/www.vizyon2023.com.tr\/index.php\/wp-json\/wp\/v2\/comments?post=2512"}],"version-history":[{"count":0,"href":"https:\/\/www.vizyon2023.com.tr\/index.php\/wp-json\/wp\/v2\/posts\/2512\/revisions"}],"wp:featuredmedia":[{"embeddable":true,"href":"https:\/\/www.vizyon2023.com.tr\/index.php\/wp-json\/wp\/v2\/media\/2513"}],"wp:attachment":[{"href":"https:\/\/www.vizyon2023.com.tr\/index.php\/wp-json\/wp\/v2\/media?parent=2512"}],"wp:term":[{"taxonomy":"category","embeddable":true,"href":"https:\/\/www.vizyon2023.com.tr\/index.php\/wp-json\/wp\/v2\/categories?post=2512"},{"taxonomy":"post_tag","embeddable":true,"href":"https:\/\/www.vizyon2023.com.tr\/index.php\/wp-json\/wp\/v2\/tags?post=2512"}],"curies":[{"name":"wp","href":"https:\/\/api.w.org\/{rel}","templated":true}]}}