{"id":2492,"date":"2018-01-18T09:00:42","date_gmt":"2018-01-18T07:00:42","guid":{"rendered":"http:\/\/www.vizyon2023.com.tr\/index.php\/2018\/01\/18\/milli-guvenlik-kurulu-bildirisinde-afrin-vurgusu\/"},"modified":"2018-01-18T09:00:42","modified_gmt":"2018-01-18T07:00:42","slug":"milli-guvenlik-kurulu-bildirisinde-afrin-vurgusu","status":"publish","type":"post","link":"https:\/\/www.vizyon2023.com.tr\/index.php\/2018\/01\/18\/milli-guvenlik-kurulu-bildirisinde-afrin-vurgusu\/","title":{"rendered":"Milli G\u00fcvenlik Kurulu bildirisinde Afrin vurgusu"},"content":{"rendered":"<p>Cumhurba\u015fkan\u0131 Recep Tayyip Erdo\u011fan&#8217;\u0131n ba\u015fkanl\u0131\u011f\u0131nda olas\u0131 Afrin operasyonu ve OHAL&#8217;in uzat\u0131lmas\u0131 g\u00fcndemiyle toplanan y\u0131l\u0131n ilk Milli G\u00fcvenlik Kurulu toplant\u0131s\u0131 sona erdi.<\/p>\n<p>Cumhurba\u015fkanl\u0131\u011f\u0131 K\u00fclliyesi&#8217;nde ger\u00e7ekle\u015ftirilen MGK toplant\u0131s\u0131 4,5 saat s\u00fcrd\u00fc ve yaz\u0131l\u0131 a\u00e7\u0131klama yap\u0131ld\u0131.<\/p>\n<p><strong>OHAL&#8217;in uzat\u0131lmas\u0131<\/strong><\/p>\n<p>Milli G\u00fcvenlik Kurulunda, h\u00fck\u00fcmete ola\u011fan\u00fcst\u00fc halin uzat\u0131lmas\u0131 tavsiyesinde bulunulmas\u0131 kararla\u015ft\u0131r\u0131ld\u0131.<\/p>\n<p><strong>&#8220;Ter\u00f6r koridoruna izin verilmeyecek&#8221;<\/strong><\/p>\n<p>MGK bildirisinde T\u00fcrkiye&#8217;nin, s\u0131n\u0131rlar\u0131n\u0131n hemen yan\u0131 ba\u015f\u0131nda bir ter\u00f6r koridoru olu\u015fturulmas\u0131na ve bir ter\u00f6rist ordusu kurulmas\u0131na izin verilmece\u011fi ve bu konuda gereken her t\u00fcrl\u00fc tedbirin al\u0131naca\u011f\u0131 vurgusu yap\u0131ld\u0131.<\/p>\n<p>Milli G\u00fcvenlik Kurulu bildirisi a\u00e7\u0131kland\u0131, TRT Haber Muhabiri Zeynep Ery\u0131lmaz detaylar\u0131 aktar\u0131yor. pic.twitter.com\/XPzGReIYLL<\/p>\n<p>\u2014 TRT HABER (@trthaber) 17 Ocak 2018<\/p>\n<p><strong>&#8220;Gereken ad\u0131mlar derhal at\u0131lacak&#8221;<\/strong><\/p>\n<p>A\u00e7\u0131klamada, &#8220;S\u0131n\u0131r emniyetimizi tahkim etmenin yan\u0131 s\u0131ra vatanda\u015flar\u0131m\u0131z ile b\u00f6lge halk\u0131n\u0131n can ve mal g\u00fcvenli\u011fini sa\u011flamak amac\u0131yla ilk a\u015famada Suriye&#8217;nin bat\u0131s\u0131ndan \u00fclkemize y\u00f6neltilen tehditlerin bertaraf edilmesi i\u00e7in gereken ad\u0131mlar\u0131n derhal ve kararl\u0131l\u0131kla at\u0131laca\u011f\u0131 vurgulanm\u0131\u015ft\u0131r.&#8221; denildi.<\/p>\n<p><strong>&#8220;PKK\/PYD-YPG ter\u00f6r \u00f6rg\u00fct\u00fcne verilen silahlar toplanmal\u0131&#8221;<\/strong><\/p>\n<p>ABD&#8217;nin ter\u00f6r \u00f6rg\u00fctlerine deste\u011fine de\u011finilen bildiride \u015funlar aktar\u0131ld\u0131:<\/p>\n<p>&#8220;Ter\u00f6r \u00f6rg\u00fctlerinin \u00fclkemize y\u00f6nelik a\u00e7\u0131k tehdidi s\u00f6z konusu iken NATO \u00e7at\u0131s\u0131 alt\u0131nda ve ikili ili\u015fkilerimizde m\u00fcttefikimiz olan bir devletin, g\u00fcvenli\u011fimizi dikkate almadan ter\u00f6ristleri ortak ilan edip silahland\u0131rmas\u0131 \u00fcz\u00fcnt\u00fcyle kar\u015f\u0131lanm\u0131\u015ft\u0131r. Suriye&#8217;de DEA\u015e ile fiili m\u00fccadelenin b\u00fcy\u00fck \u00f6l\u00e7\u00fcde tamamlanm\u0131\u015f olmas\u0131 sebebiyle PKK\/PYD-YPG ter\u00f6r \u00f6rg\u00fct\u00fcne verilen silah, ara\u00e7 ve gere\u00e7lerin gecikmesizin toplanmas\u0131 gerekti\u011fi kuvvetle vurgulanm\u0131\u015ft\u0131r.<\/p>\n<p>\u00dclkemizin \u00fcyesi oldu\u011fu uluslararas\u0131 \u00f6rg\u00fctlerden ve taraf oldu\u011fu uluslararas\u0131 s\u00f6zle\u015fmelerden kaynaklanan sorumluluklar\u0131n\u0131, ter\u00f6rle m\u00fccadele dahil yerine getirmek suretiyle b\u00f6lge ve d\u00fcnya bar\u0131\u015f\u0131na \u00f6nemli katk\u0131lar sa\u011flad\u0131\u011f\u0131n\u0131 alt\u0131 \u00e7izilerek m\u00fcttefiklerimizden de ayn\u0131 ilkeli tutumun beklendi\u011fi ifade edilmi\u015ftir.&#8221;<\/p>\n<p>Ayr\u0131nt\u0131lar geliyor&#8230;<\/p>\n<p>Kaynak: TRT Haber<\/p>\n","protected":false},"excerpt":{"rendered":"<p>Milli G\u00fcvenlik Kurulu, Cumhurba\u015fkan\u0131 Recep Tayyip Erdo\u011fan ba\u015fkanl\u0131\u011f\u0131nda 4,5 saat s\u00fcren bir toplant\u0131 ger\u00e7ekle\u015ftirdi.<\/p>\n","protected":false},"author":1000097,"featured_media":2493,"comment_status":"open","ping_status":"closed","sticky":false,"template":"","format":"standard","meta":[],"categories":[85],"tags":[],"_links":{"self":[{"href":"https:\/\/www.vizyon2023.com.tr\/index.php\/wp-json\/wp\/v2\/posts\/2492"}],"collection":[{"href":"https:\/\/www.vizyon2023.com.tr\/index.php\/wp-json\/wp\/v2\/posts"}],"about":[{"href":"https:\/\/www.vizyon2023.com.tr\/index.php\/wp-json\/wp\/v2\/types\/post"}],"author":[{"embeddable":true,"href":"https:\/\/www.vizyon2023.com.tr\/index.php\/wp-json\/wp\/v2\/users\/1000097"}],"replies":[{"embeddable":true,"href":"https:\/\/www.vizyon2023.com.tr\/index.php\/wp-json\/wp\/v2\/comments?post=2492"}],"version-history":[{"count":0,"href":"https:\/\/www.vizyon2023.com.tr\/index.php\/wp-json\/wp\/v2\/posts\/2492\/revisions"}],"wp:featuredmedia":[{"embeddable":true,"href":"https:\/\/www.vizyon2023.com.tr\/index.php\/wp-json\/wp\/v2\/media\/2493"}],"wp:attachment":[{"href":"https:\/\/www.vizyon2023.com.tr\/index.php\/wp-json\/wp\/v2\/media?parent=2492"}],"wp:term":[{"taxonomy":"category","embeddable":true,"href":"https:\/\/www.vizyon2023.com.tr\/index.php\/wp-json\/wp\/v2\/categories?post=2492"},{"taxonomy":"post_tag","embeddable":true,"href":"https:\/\/www.vizyon2023.com.tr\/index.php\/wp-json\/wp\/v2\/tags?post=2492"}],"curies":[{"name":"wp","href":"https:\/\/api.w.org\/{rel}","templated":true}]}}