{"id":2490,"date":"2018-01-18T09:00:10","date_gmt":"2018-01-18T07:00:10","guid":{"rendered":"http:\/\/www.vizyon2023.com.tr\/index.php\/2018\/01\/18\/bakanlar-kurulu-toplantisi-sona-erdi\/"},"modified":"2018-01-18T09:00:10","modified_gmt":"2018-01-18T07:00:10","slug":"bakanlar-kurulu-toplantisi-sona-erdi","status":"publish","type":"post","link":"https:\/\/www.vizyon2023.com.tr\/index.php\/2018\/01\/18\/bakanlar-kurulu-toplantisi-sona-erdi\/","title":{"rendered":"Bakanlar Kurulu toplant\u0131s\u0131 sona erdi"},"content":{"rendered":"<p>Cumhurba\u015fkan\u0131 Recep Tayyip Erdo\u011fan ba\u015fkanl\u0131\u011f\u0131nda, Cumhurba\u015fkanl\u0131\u011f\u0131 K\u00fclliyesi&#8217;nden yap\u0131lan toplant\u0131 1 saat s\u00fcrd\u00fc.<\/p>\n<p>Kurul&#8217;da 19 Ocak\u2019ta sona erecek OHAL&#8217;in \u00fc\u00e7 ay s\u00fcreyle uzat\u0131lmas\u0131na karar verilmesi bekleniyor.<\/p>\n<p>Ard\u0131ndan OHAL karar\u0131yla ilgili Ba\u015fbakanl\u0131k tezkeresi, TBMM Genel Kurulu&#8217;nda g\u00f6r\u00fc\u015f\u00fclecek.<\/p>\n<p>B\u00f6ylece 21 Temmuz 2016&#8217;da ilan edilen OHAL, 6. kez uzat\u0131lm\u0131\u015f olacak.<\/p>\n<p>Ter\u00f6rle m\u00fccadele kapsam\u0131nda s\u00fcrd\u00fcr\u00fclen operasyonlar ba\u015fta olmak \u00fczere Afrin&#8217;e olas\u0131 operasyon da ele al\u0131nacak di\u011fer konular aras\u0131nda yer al\u0131yor.<\/p>\n<p>Kaynak: AA\/TRT Haber<\/p>\n","protected":false},"excerpt":{"rendered":"<p>Cumhurba\u015fkan\u0131 Erdo\u011fan ba\u015fkanl\u0131\u011f\u0131nda yap\u0131lan Bakanlar Kurulu toplant\u0131s\u0131 1 saat s\u00fcrd\u00fc.<\/p>\n","protected":false},"author":1000097,"featured_media":2491,"comment_status":"open","ping_status":"closed","sticky":false,"template":"","format":"standard","meta":[],"categories":[85],"tags":[],"_links":{"self":[{"href":"https:\/\/www.vizyon2023.com.tr\/index.php\/wp-json\/wp\/v2\/posts\/2490"}],"collection":[{"href":"https:\/\/www.vizyon2023.com.tr\/index.php\/wp-json\/wp\/v2\/posts"}],"about":[{"href":"https:\/\/www.vizyon2023.com.tr\/index.php\/wp-json\/wp\/v2\/types\/post"}],"author":[{"embeddable":true,"href":"https:\/\/www.vizyon2023.com.tr\/index.php\/wp-json\/wp\/v2\/users\/1000097"}],"replies":[{"embeddable":true,"href":"https:\/\/www.vizyon2023.com.tr\/index.php\/wp-json\/wp\/v2\/comments?post=2490"}],"version-history":[{"count":0,"href":"https:\/\/www.vizyon2023.com.tr\/index.php\/wp-json\/wp\/v2\/posts\/2490\/revisions"}],"wp:featuredmedia":[{"embeddable":true,"href":"https:\/\/www.vizyon2023.com.tr\/index.php\/wp-json\/wp\/v2\/media\/2491"}],"wp:attachment":[{"href":"https:\/\/www.vizyon2023.com.tr\/index.php\/wp-json\/wp\/v2\/media?parent=2490"}],"wp:term":[{"taxonomy":"category","embeddable":true,"href":"https:\/\/www.vizyon2023.com.tr\/index.php\/wp-json\/wp\/v2\/categories?post=2490"},{"taxonomy":"post_tag","embeddable":true,"href":"https:\/\/www.vizyon2023.com.tr\/index.php\/wp-json\/wp\/v2\/tags?post=2490"}],"curies":[{"name":"wp","href":"https:\/\/api.w.org\/{rel}","templated":true}]}}