{"id":2474,"date":"2018-01-02T09:25:56","date_gmt":"2018-01-02T07:25:56","guid":{"rendered":"http:\/\/www.vizyon2023.com.tr\/index.php\/2018\/01\/02\/basbakan-binali-yildirim-turk-ordusu-mazlumlarin-ordusudur\/"},"modified":"2018-01-02T09:25:56","modified_gmt":"2018-01-02T07:25:56","slug":"basbakan-binali-yildirim-turk-ordusu-mazlumlarin-ordusudur","status":"publish","type":"post","link":"https:\/\/www.vizyon2023.com.tr\/index.php\/2018\/01\/02\/basbakan-binali-yildirim-turk-ordusu-mazlumlarin-ordusudur\/","title":{"rendered":"Ba\u015fbakan Binali Y\u0131ld\u0131r\u0131m: T\u00fcrk ordusu, mazlumlar\u0131n ordusudur"},"content":{"rendered":"<p>Ba\u015fbakan Binali Y\u0131ld\u0131r\u0131m, beraberindeki Milli Savunma Bakan\u0131 Nurettin Canikli, Genelkurmay Ba\u015fkan\u0131 Orgeneral Hulusi Akar ve kuvvet komutanlar\u0131yla E\u011firdir Da\u011f Komando Okulu ve E\u011fitim Merkezi Komutanl\u0131\u011f\u0131n\u0131 ziyaret etti.<\/p>\n<p><strong>Y\u0131ld\u0131r\u0131m: T\u00fcrk ordusu, mazlumlar\u0131n ordusudur<\/strong><\/p>\n<p>Daha sonra karargaha ge\u00e7erek brifing alan Ba\u015fbakan Y\u0131ld\u0131r\u0131m, ard\u0131ndan yemekte askerlerle bir araya geldi. Yemekte, Ba\u015fbakan Y\u0131ld\u0131r\u0131m&#8217;\u0131n e\u015fi Semiha Y\u0131ld\u0131r\u0131m&#8217;\u0131n g\u00f6nderdi\u011fi baklava da askerlere ikram edildi.<\/p>\n<p>Yemek s\u0131ras\u0131nda baz\u0131 askerlerin ailelerini telefonla arayan Y\u0131ld\u0131r\u0131m, ailelerle \u00f6nce kendisi konu\u015ftu, ard\u0131ndan telefonu askerlere verdi.<\/p>\n<p>Yemek masas\u0131nda yan yana oturdu\u011fu T\u00fcrkmen kursiyer Te\u011fmen Atayew Geldimurat&#8217;\u0131n annesi B\u00f6r\u00fc Geldimurat&#8217;\u0131 telefonla arayan Y\u0131ld\u0131r\u0131m, &#8220;O\u011flun burada iyi, merak etme. Yeni y\u0131l\u0131n\u0131z kutlu olsun. B\u00fct\u00fcn aile fertlerine selam s\u00f6yleyin.&#8221; dedi.<\/p>\n<p>Ba\u015fbakan Y\u0131ld\u0131r\u0131m, burada yapt\u0131\u011f\u0131 konu\u015fmada, yeni y\u0131la askerlerle, komandolarla birlikte girmenin bahtiyarl\u0131\u011f\u0131n\u0131 ya\u015fad\u0131klar\u0131n\u0131 belirtti.<\/p>\n<p>Ba\u015fbakan Binali Y\u0131ld\u0131r\u0131m, 1926&#8217;da kurulan komando okulunun, bug\u00fcn 13 aktif kursta 6 bin 430 komandoyu en yetkin \u015fekilde e\u011fitti\u011fini, ordunun g\u00fcc\u00fcne g\u00fc\u00e7, kabiliyetine kabiliyet katt\u0131\u011f\u0131n\u0131 vurgulayarak, \u015f\u00f6yle konu\u015ftu:<\/p>\n<p>&#8220;Uluslararas\u0131 i\u015f birli\u011fi kapsam\u0131nda bug\u00fcne kadar 20 farkl\u0131 \u00fclkeden 2 bin 500&#8217;den fazla komando da burada e\u011fitim ald\u0131. Bug\u00fcn bu masada yan\u0131m\u0131zda T\u00fcrkmenistan, KKTC ve di\u011fer \u00fclkelerden varlar. Halihaz\u0131rda 8 farkl\u0131 kurs ve 3 farkl\u0131 e\u011fitim kapasitesi de bu okulda sa\u011flanmakta. Bu g\u00fczide e\u011fitim kurumunda d\u00fcnyan\u0131n en zorlu parkurunda e\u011fitimler al\u0131n\u0131yor. Az \u00f6nce \u015fahit oldu\u011fumuz k\u00fc\u00e7\u00fck bir g\u00f6steri bize buradaki e\u011fitimlerin ne kadar \u00e7etin ne kadar \u00f6nemli oldu\u011funu bir kez daha ortaya koymu\u015ftur. Burada yeti\u015fen komandolar, sizler, T\u00fcrk milletinin gururusunuz, ba\u015f tac\u0131s\u0131n\u0131z. T\u00fcrk ordusu, mazlumlar\u0131n ordusudur. T\u00fcrk ordusu, &#8216;Vefal\u0131 T\u00fcrk geldi yine, selam T\u00fcrk\u00fcn bayra\u011f\u0131na&#8217; demeyi bekleyen insanlar\u0131n umududur. T\u00fcrk komandosu, d\u00fcnyan\u0131n neresinde olursa olsun, huzurun, g\u00fcvenin, bar\u0131\u015f\u0131n, ay y\u0131ld\u0131zl\u0131 bayra\u011f\u0131m\u0131z\u0131n teminat\u0131d\u0131r. El-Bab&#8217;da, F\u0131rat Kalkan\u0131 operasyonunda yazd\u0131\u011f\u0131 destan\u0131, c\u00fcmle alem g\u00f6rd\u00fc. Tarih, \u015fehirleri y\u0131k\u0131p yakmak isteyen e\u015fk\u0131yalar\u0131 nas\u0131l yendi\u011finizi, sivil halk\u0131 nas\u0131l kurtard\u0131\u011f\u0131n\u0131z\u0131 yazd\u0131 ve buna b\u00fct\u00fcn d\u00fcnya \u015fahit oldu. Y\u00fcre\u011finiz g\u00fc\u00e7l\u00fc, bile\u011finiz daima b\u00fck\u00fclmez olsun.&#8221;<\/p>\n<p><strong>&#8220;Sizlere olan inanc\u0131m tamd\u0131r&#8221;<\/strong><\/p>\n<p>Y\u0131ld\u0131r\u0131m, konu\u015fmas\u0131n\u0131n ard\u0131ndan Cumhurba\u015fkan\u0131 Recep Tayyip Erdo\u011fan&#8217;\u0131 telefonla arayarak, komandolarla E\u011firdir Da\u011f Komando Okulu ve E\u011fitim Merkezi Komutanl\u0131\u011f\u0131nda, yemek masas\u0131nda bir araya geldi\u011fini aktard\u0131.<\/p>\n<p>Bunun \u00fczerine Cumhurba\u015fkan\u0131 Erdo\u011fan da telefonla askerlere hitaben, \u015fu konu\u015fmay\u0131 yapt\u0131:<\/p>\n<p>&#8220;Say\u0131n Ba\u015fbakan\u0131m, Silahl\u0131 Kuvvetlerimizin ba\u015fta Genelkurmay Ba\u015fkan\u0131, kuvvet komutanlar\u0131 ve Milli Savunma Bakan\u0131m\u0131z, sevgili komandolar, sizleri 2017&#8217;nin bu son g\u00fcn\u00fcn\u00fcn ak\u015fam\u0131nda en kalbi duygularla selaml\u0131yorum. 2017 ger\u00e7ekten sizin ba\u015far\u0131lar\u0131n\u0131zla milletimizin \u00f6vg\u00fc dolu bir y\u0131l\u0131 oldu. Ter\u00f6rle m\u00fccadelede ger\u00e7ekten destanlar yazd\u0131n\u0131z. Bu ba\u015far\u0131lar\u0131n\u0131z\u0131n 2018 y\u0131l\u0131nda da ayn\u0131 \u015fekilde devam edece\u011fine olan inanc\u0131m tamd\u0131r. Milletimin ayn\u0131 \u015fekilde sizlere olan inanc\u0131 tamd\u0131r. Sizler bu inanc\u0131 her ge\u00e7en g\u00fcn art\u0131rd\u0131n\u0131z, art\u0131r\u0131yorsunuz. Gerek Silahl\u0131 Kuvvetlerimiz gerek elde etti\u011fi bu teknolojik imkanlarla gerekse sizdeki bu g\u00fc\u00e7l\u00fc imanla inan\u0131yorum ki d\u00fcnyada \u00f6rnek bir ordu olman\u0131n da her t\u00fcrl\u00fc uygulamalar\u0131yla destan\u0131n\u0131 yazacakt\u0131r. Ben bu duygular i\u00e7inde sizleri g\u00f6zlerinizden \u00f6p\u00fcyorum. Ba\u015far\u0131lar\u0131n\u0131zla iftihar ediyoruz. 2018&#8217;in ba\u015far\u0131larla tekrar dolu olmas\u0131n\u0131 Allah&#8217;tan temenni ediyorum.&#8221;<\/p>\n<p>Ba\u015fbakan Y\u0131ld\u0131r\u0131m da &#8220;Buradaki b\u00fct\u00fcn arkada\u015flar\u0131m\u0131z\u0131n, komandolar\u0131n, komutanlar\u0131n selamlar\u0131 var. Ayn\u0131 duygularla yeni y\u0131l\u0131n\u0131z\u0131 tebrik ediyoruz. Hay\u0131rl\u0131 ak\u015famlar diliyoruz. Aile efrad\u0131 ve milletimizle birlikte g\u00fczel bir yeni y\u0131l ge\u00e7irmemizi mevlam nasip etsin.&#8221; diyerek g\u00f6r\u00fc\u015fmeyi tamamlad\u0131.<\/p>\n<p>Y\u0131ld\u0131r\u0131m, hat\u0131ra foto\u011fraf\u0131 \u00e7ekilmesinin ard\u0131ndan, komutanl\u0131ktan ayr\u0131ld\u0131.<\/p>\n<p>Ba\u015fbakan Y\u0131ld\u0131r\u0131m&#8217;a ziyaretinde, D\u0131\u015fi\u015fleri Bakan\u0131 Mevl\u00fct \u00c7avu\u015fo\u011flu, Ekonomi Bakan\u0131 Nihat Zeybekci, Milli E\u011fitim Bakan\u0131 \u0130smet Y\u0131lmaz, Orman ve Su \u0130\u015fleri Bakan\u0131 Veysel Ero\u011flu, AK Parti Grup Ba\u015fkanvekili Naci Bostanc\u0131, AK Parti Genel Ba\u015fkan Yard\u0131mc\u0131lar\u0131 Ahmet Sorgun, Erol Kaya ve Mahir \u00dcnal, TBMM Plan ve B\u00fct\u00e7e Komisyonu Ba\u015fkan\u0131 ve AK Parti Isparta Milletvekili S\u00fcreyya Sadi Bilgi\u00e7, TBMM Darbe Giri\u015fimini Ara\u015ft\u0131rma Komisyonu Ba\u015fkan\u0131 ve AK Parti Burdur Milletvekili Re\u015fat Petek ve D\u0131\u015f Ekonomik \u0130li\u015fkiler Kurulu (DE\u0130K) Y\u00f6netim Kurulu Ba\u015fkan\u0131 Nail Olpak ile b\u00f6lge milletvekilleri e\u015flik etti.<\/p>\n<p>Kaynak: AA<\/p>\n","protected":false},"excerpt":{"rendered":"<p>Ba\u015fbakan Y\u0131ld\u0131r\u0131m, Milli Savunma Bakan\u0131 Canikli, Genelkurmay Ba\u015fkan\u0131 Orgeneral Akar ve kuvvet komutanlar\u0131yla E\u011firdir Da\u011f Komando Okulu ve E\u011fitim Merkezi Komutanl\u0131\u011f\u0131n\u0131 ziyaret etti.<\/p>\n","protected":false},"author":1000097,"featured_media":2475,"comment_status":"open","ping_status":"closed","sticky":false,"template":"","format":"standard","meta":[],"categories":[85],"tags":[],"_links":{"self":[{"href":"https:\/\/www.vizyon2023.com.tr\/index.php\/wp-json\/wp\/v2\/posts\/2474"}],"collection":[{"href":"https:\/\/www.vizyon2023.com.tr\/index.php\/wp-json\/wp\/v2\/posts"}],"about":[{"href":"https:\/\/www.vizyon2023.com.tr\/index.php\/wp-json\/wp\/v2\/types\/post"}],"author":[{"embeddable":true,"href":"https:\/\/www.vizyon2023.com.tr\/index.php\/wp-json\/wp\/v2\/users\/1000097"}],"replies":[{"embeddable":true,"href":"https:\/\/www.vizyon2023.com.tr\/index.php\/wp-json\/wp\/v2\/comments?post=2474"}],"version-history":[{"count":0,"href":"https:\/\/www.vizyon2023.com.tr\/index.php\/wp-json\/wp\/v2\/posts\/2474\/revisions"}],"wp:featuredmedia":[{"embeddable":true,"href":"https:\/\/www.vizyon2023.com.tr\/index.php\/wp-json\/wp\/v2\/media\/2475"}],"wp:attachment":[{"href":"https:\/\/www.vizyon2023.com.tr\/index.php\/wp-json\/wp\/v2\/media?parent=2474"}],"wp:term":[{"taxonomy":"category","embeddable":true,"href":"https:\/\/www.vizyon2023.com.tr\/index.php\/wp-json\/wp\/v2\/categories?post=2474"},{"taxonomy":"post_tag","embeddable":true,"href":"https:\/\/www.vizyon2023.com.tr\/index.php\/wp-json\/wp\/v2\/tags?post=2474"}],"curies":[{"name":"wp","href":"https:\/\/api.w.org\/{rel}","templated":true}]}}