{"id":2462,"date":"2018-01-01T09:44:04","date_gmt":"2018-01-01T07:44:04","guid":{"rendered":"http:\/\/www.vizyon2023.com.tr\/index.php\/2018\/01\/01\/cumhurbaskani-recep-tayyip-erdogandan-yeni-yil-mesaji\/"},"modified":"2018-01-01T09:44:04","modified_gmt":"2018-01-01T07:44:04","slug":"cumhurbaskani-recep-tayyip-erdogandan-yeni-yil-mesaji","status":"publish","type":"post","link":"https:\/\/www.vizyon2023.com.tr\/index.php\/2018\/01\/01\/cumhurbaskani-recep-tayyip-erdogandan-yeni-yil-mesaji\/","title":{"rendered":"Cumhurba\u015fkan\u0131 Recep Tayyip Erdo\u011fan&#8217;dan yeni y\u0131l mesaj\u0131"},"content":{"rendered":"<p>Cumhurba\u015fkan\u0131 Recep Tayyip Erdo\u011fan, yeni y\u0131l dolay\u0131s\u0131yla yay\u0131mlad\u0131\u011f\u0131 g\u00f6r\u00fcnt\u00fcl\u00fc mesaj\u0131nda, 2018&#8217;in hay\u0131rl\u0131 olmas\u0131 temennisinde bulundu.<\/p>\n<p>Cumhurba\u015fkan\u0131 olarak 2017&#8217;de yurt genelinde 51 \u015fehre 64 ziyaret ger\u00e7ekle\u015ftirdi\u011fini belirten Erdo\u011fan, her f\u0131rsatta vatanda\u015flarla kucakla\u015fman\u0131n, hasbihal etmenin, hasret giderme gayretinde oldu\u011funu bildirdi.<\/p>\n<p>Cumhurba\u015fkan\u0131 Erdo\u011fan, Ankara ve \u0130stanbul&#8217;da kat\u0131ld\u0131\u011f\u0131 \u00e7ok say\u0131da programla hem kurumlar\u0131n \u00e7al\u0131\u015fmalar\u0131n\u0131 yak\u0131ndan g\u00f6rd\u00fc\u011f\u00fcn\u00fc hem de mesajlar\u0131n\u0131 yurt i\u00e7i ve d\u0131\u015f\u0131na iletme imkan\u0131 buldu\u011funu aktard\u0131.<\/p>\n<p>Y\u0131l i\u00e7inde 25 \u00fclkeye 34 ziyaret ger\u00e7ekle\u015ftirdi\u011fine de\u011finen Erdo\u011fan, &#8220;\u00dclkemizi uluslararas\u0131 alanda en iyi \u015fekilde temsil etmeye \u00e7al\u0131\u015ft\u0131k&#8221; diye konu\u015ftu.<\/p>\n<p>\u00d6nceki y\u0131l\u0131n PKK&#8217;n\u0131n ter\u00f6r eylemleri, tarihin en b\u00fcy\u00fck ihanetlerinden 15 Temmuz&#8217;daki Fetullah\u00e7\u0131 Ter\u00f6r \u00d6rg\u00fct\u00fc&#8217;n\u00fcn (FET\u00d6) darbe giri\u015fimi gibi olaylar\u0131n g\u00f6lgesinde tamamland\u0131\u011f\u0131n\u0131 an\u0131msatan Erdo\u011fan, &#8220;Bu ter\u00f6r eylemlerini ve darbe giri\u015fimini hem i\u00e7eride y\u00fcr\u00fctt\u00fc\u011f\u00fcm\u00fcz operasyonlar hem de Suriye&#8217;de ba\u015flatt\u0131\u011f\u0131m\u0131z F\u0131rat Kalkan\u0131 Harekat\u0131&#8217;yla bo\u015fa \u00e7\u0131karmam\u0131z tarihimizin en \u00f6nemli hadiselerinden biri oldu&#8221; ifadesini kulland\u0131.<\/p>\n<p><strong>&#8220;\u0130stihdam seferberli\u011fi s\u00fcrecek&#8221;<\/strong><\/p>\n<p>Bu y\u0131l\u0131n da benzer m\u00fccadelelerle dolu ge\u00e7ti\u011fine dikkati \u00e7eken Erdo\u011fan, \u015f\u00f6yle devam etti:<\/p>\n<p>&#8220;FET\u00d6 ve PKK ba\u015fta olmak \u00fczere ter\u00f6r \u00f6rg\u00fctleriyle m\u00fccadele konusunda \u00e7ok \u00f6nemli ad\u0131mlar\u0131 att\u0131\u011f\u0131m\u0131z 2017 y\u0131l\u0131nda \u00f6zellikle ekonomi alan\u0131nda ciddi sald\u0131r\u0131larla kar\u015f\u0131 kar\u015f\u0131ya kald\u0131k. Hamdolsun milletimizin feraseti, h\u00fck\u00fcmetimizin dirayeti ve dostlar\u0131m\u0131z\u0131n deste\u011fiyle t\u00fcm bu sald\u0131r\u0131lar\u0131 akamete u\u011fratt\u0131k. Ald\u0131\u011f\u0131m\u0131z tedbirler sayesinde ilk \u00fc\u00e7 \u00e7eyrekte y\u00fczde 7,4&#8217;l\u00fck b\u00fcy\u00fcme elde etmeyi, ihracat\u0131m\u0131z\u0131 155 milyar dolar\u0131n \u00fczerine \u00e7\u0131karmay\u0131, i\u015fsizli\u011fi yeniden d\u00fc\u015f\u00fc\u015fe ge\u00e7irmeyi ba\u015fard\u0131k. \u0130\u015f d\u00fcnyam\u0131zla birlikte ge\u00e7ti\u011fimiz y\u0131l mevcut \u00e7al\u0131\u015fanlar\u0131n \u00fczerine art\u0131 1 olarak ba\u015flatt\u0131\u011f\u0131m\u0131z istihdam seferberli\u011fini \u00f6n\u00fcm\u00fczdeki y\u0131l mevcut \u00e7al\u0131\u015fanlar\u0131n \u00fczerine art\u0131 2 olarak s\u00fcrd\u00fcrme karar\u0131 ald\u0131k. \u0130n\u015fallah i\u015fsizli\u011fi \u00fclkemizin g\u00fcndeminden tamamen \u00e7\u0131kartana kadar durmayacak, bu \u00e7al\u0131\u015fmalar\u0131 devam ettirece\u011fiz.&#8221;<\/p>\n<p><strong>&#8220;Stratejik bir \u00f6nceli\u011fimizdir&#8221;<\/strong><\/p>\n<p>Kamu kurulu\u015flar\u0131na hizmet veren firmalardaki i\u015f\u00e7ilerin kurumlar\u0131nda daimi olarak \u00e7al\u0131\u015fmaya devam etmelerini sa\u011flayacak d\u00fczenlemenin de bu y\u0131l\u0131n \u00f6nemli geli\u015fmeleri aras\u0131nda yer ald\u0131\u011f\u0131n\u0131 vurgulayan Erdo\u011fan, &#8220;Kamuoyunda &#8216;Ta\u015feron i\u015f\u00e7ilere kadro verilmesi&#8217; olarak bilinen bu d\u00fczenlemeyle uzun zamand\u0131r konu\u015fulan, tart\u0131\u015f\u0131lan bir meseleyi daha \u00e7\u00f6zm\u00fc\u015f olduk.&#8221; dedi.<\/p>\n<p>S\u00f6z konusu d\u00fczenlemenin hay\u0131rl\u0131 olmas\u0131 temennisinde bulunan Cumhurba\u015fkan\u0131 Erdo\u011fan, \u015fu de\u011ferlendirmelerde bulundu:<\/p>\n<p>&#8220;\u00dclkemizin en \u00f6nemli meselelerinden biri olan cari a\u00e7\u0131\u011f\u0131n azalt\u0131lmas\u0131 i\u00e7in, bir yandan enerji \u00fcretiminde kendi potansiyelimizi harekete ge\u00e7irmeye, di\u011fer yandan da ithal etti\u011fimiz \u00fcr\u00fcnleri \u00fclkemizde \u00fcretmeye d\u00f6n\u00fck \u00e7al\u0131\u015fmalara h\u0131z verdik. Enerjide, su, r\u00fczgar, g\u00fcne\u015f, termal, n\u00fckleer ve di\u011fer t\u00fcm kaynaklar\u0131 seferber ederek, d\u0131\u015fa ba\u011f\u0131ml\u0131l\u0131\u011f\u0131m\u0131z\u0131 azaltmak ayn\u0131 zamanda stratejik bir \u00f6nceli\u011fimizdir.&#8221;<\/p>\n<p>Erdo\u011fan, \u00fclkeyi savunma sanayisi ihtiya\u00e7lar\u0131 ve y\u00fcksek teknolojiye dayal\u0131 \u00fcr\u00fcnlerin \u00fcretimleri konusunda da mutlaka \u00e7ok daha ileri bir seviyeye \u00e7\u0131kartmak zorunda olduklar\u0131na i\u015faret etti.<\/p>\n<p>Cumhurba\u015fkan\u0131 Erdo\u011fan, &#8220;Bu meseleyi, istiklalimizi ve istikbalimizi g\u00fcvence alt\u0131na alabilmemizin en \u00f6nemli unsurlar\u0131ndan biri olarak g\u00f6r\u00fcyoruz. Bunun i\u00e7in, \u00f6n\u00fcm\u00fczdeki y\u0131l enerji, savunma sanayi ve y\u00fcksek teknoloji konular\u0131ndaki projelerimizi, yenilerini de ekleyerek s\u00fcrd\u00fcrmekte kararl\u0131y\u0131z.&#8221; ifadesini kulland\u0131.<\/p>\n<p><strong>Cumhurba\u015fkanl\u0131\u011f\u0131 h\u00fck\u00fcmet sistemi <\/strong><\/p>\n<p>Ge\u00e7en y\u0131l\u0131n en \u00f6nemli hadiselerinden birini de \u00fclke y\u00f6netiminde ger\u00e7ekle\u015ftirilen k\u00f6kl\u00fc de\u011fi\u015fik oldu\u011funa de\u011finen Erdo\u011fan, 16 Nisan&#8217;daki halk oylamas\u0131nda kabul edilen anayasa de\u011fi\u015fikli\u011fiyle, T\u00fcrkiye&#8217;nin cumhurba\u015fkanl\u0131\u011f\u0131 h\u00fck\u00fcmet sistemine ge\u00e7me karar\u0131 ald\u0131\u011f\u0131n\u0131 hat\u0131rlatt\u0131.<\/p>\n<p>&#8220;B\u00f6ylece, ge\u00e7mi\u015fte ya\u015fad\u0131\u011f\u0131m\u0131z pek \u00e7ok darbeye, muht\u0131raya, cunta giri\u015fimine, istikrars\u0131zl\u0131\u011fa ve buna ba\u011fl\u0131 olarak ekonomik krize, vesayetin hakimiyetine engel olamayan mevcut sistemi art\u0131k terk ediyoruz&#8221; diyen Erdo\u011fan, bunun yerine, do\u011frudan milletin se\u00e7ti\u011fi cumhurba\u015fkan\u0131n\u0131n \u00fclkeyi y\u00f6netti\u011fi, siyasi istikrar\u0131 garanti alt\u0131na alan bir sistemle yola devam edilece\u011fini bildirdi.<\/p>\n<p>Cumhurba\u015fkan\u0131 Erdo\u011fan, 16 Nisan&#8217;da hayata ge\u00e7irilen bu y\u00f6netim reformunu ayn\u0131 zamanda, T\u00fcrk milletinin 15 Temmuz&#8217;da g\u00f6sterdi\u011fi fedakarl\u0131\u011fa siyaset kurumunun bir te\u015fekk\u00fcr\u00fc olarak da g\u00f6rd\u00fcklerini belirterek, \u015funlar\u0131 ifade etti:<\/p>\n<p>&#8220;\u00dclkesine ve devletine can\u0131 pahas\u0131na sahip \u00e7\u0131kan bu millete, daha g\u00fc\u00e7l\u00fc, daha m\u00fcreffeh, daha g\u00fcvenli bir T\u00fcrkiye b\u0131rakmak en b\u00fcy\u00fck sorumlulu\u011fumuzdur. Cumhurba\u015fkanl\u0131\u011f\u0131 H\u00fck\u00fcmet Sisteminin, 2023 hedeflerimizle somut \u00e7er\u00e7evesini \u00e7izdi\u011fimiz, 2053 ve 2071 vizyonlar\u0131m\u0131zla istikametini belirledi\u011fimiz b\u00fcy\u00fck ve g\u00fc\u00e7l\u00fc T\u00fcrkiye \u00fclk\u00fcs\u00fcn\u00fcn lokomotifi olaca\u011f\u0131na inan\u0131yoruz. T\u00fcrkiye&#8217;nin ger\u00e7ek potansiyelini, ger\u00e7ek b\u00fcy\u00fckl\u00fc\u011f\u00fcn\u00fc, yurt d\u0131\u015f\u0131na yapt\u0131\u011f\u0131m\u0131z seyahatlerde \u00e7ok daha iyi g\u00f6rme imkan\u0131na sahip oluyoruz. Ge\u00e7ti\u011fimiz g\u00fcnlerde yapt\u0131\u011f\u0131m\u0131z Sudan, \u00c7ad, Tunus ziyareti, bunun en g\u00fczel \u00f6rneklerinden biridir. \u00d6zellikle Sudan&#8217;da \u015fahs\u0131m\u0131zda \u00fclkemize ve milletimize g\u00f6sterilen tevecc\u00fch, bizlere tarihi sorumluluklar\u0131m\u0131z\u0131 tekrar ve tekrar hat\u0131rlatm\u0131\u015ft\u0131r.&#8221;<\/p>\n<p>Benzer bir manzaraya, S\u0131rbistan ve Yunanistan seyahatlerinde de \u015fahit olduklar\u0131na dikkati \u00e7eken Erdo\u011fan, \u015funlar\u0131 kaydetti:<\/p>\n<p>&#8220;Biz, Afrika&#8217;ya, Orta Do\u011fu&#8217;ya, Orta Asya&#8217;ya, Balkanlara y\u00f6nelik a\u00e7\u0131l\u0131mlar\u0131m\u0131zla, bu topraklarda senelerdir bekleyen tohumlar\u0131 ye\u015fertmenin gayreti i\u00e7indeyiz. Gitti\u011fimiz yerlerdeki karde\u015flerimizin de bize ayn\u0131 i\u015ftiyakla, ayn\u0131 heyecanla, ayn\u0131 umutla bakt\u0131klar\u0131n\u0131, sar\u0131ld\u0131klar\u0131n\u0131 g\u00f6r\u00fcyoruz. Kar\u015f\u0131l\u0131kl\u0131 sevginin, sayg\u0131n\u0131n ve muhabbetin oldu\u011fu bir yerde, bunun t\u00fcm insanl\u0131k i\u00e7in hay\u0131rlara vesile olacak neticelere tebdil olmas\u0131n\u0131 kimse engelleyemez.&#8221;<\/p>\n<p><strong>&#8220;Kud\u00fcs meselesi yeni bir imtihan haline d\u00f6n\u00fc\u015fm\u00fc\u015ft\u00fcr&#8221;<\/strong><\/p>\n<p>&#8220;Kud\u00fcs meselesi, \u00fclkemiz ve b\u00f6lgemizle birlikte d\u00fcnyan\u0131n her k\u00f6\u015fesindeki M\u00fcsl\u00fcmanlar ve mazlumlar i\u00e7in yeni bir imtihan haline d\u00f6n\u00fc\u015fm\u00fc\u015ft\u00fcr.&#8221; ifadelerini kullanan Erdo\u011fan, \u015funlar\u0131 kaydetti:<\/p>\n<p>&#8220;Amerika&#8217;n\u0131n att\u0131\u011f\u0131 ad\u0131m, \u0130srail d\u0131\u015f\u0131nda hi\u00e7bir \u00fclkeden makes bulmam\u0131\u015f, tam tersine, Kud\u00fcs&#8217;\u00fcn Filistin&#8217;in ba\u015fkenti olarak ilan edilmesiyle hay\u0131rl\u0131 bir geli\u015fmenin kap\u0131lar\u0131n\u0131 aralam\u0131\u015ft\u0131r. T\u00fcm milletime, bu konuda g\u00f6sterdikleri dik duru\u015f ve ortaya koyduklar\u0131 samimi tav\u0131r i\u00e7in \u015f\u00fckranlar\u0131m\u0131 sunuyorum.&#8221;<\/p>\n<p><strong>&#8220;B\u00f6lgedeki geli\u015fmeler T\u00fcrkiye&#8217;nin gelece\u011fini yak\u0131ndan ilgilendiriyor&#8221;<\/strong><\/p>\n<p>Erdo\u011fan, yeni y\u0131l dolay\u0131s\u0131yla yay\u0131mlad\u0131\u011f\u0131 g\u00f6r\u00fcnt\u00fcl\u00fc mesaj\u0131nda, Suriye, Irak, Filistin, Libya ba\u015fta olmak \u00fczere b\u00f6lgedeki geli\u015fmelerin T\u00fcrkiye&#8217;nin gelece\u011fini yak\u0131ndan ilgilendirdi\u011fini belirtti.<\/p>\n<p>&#8220;Her ne kadar baz\u0131lar\u0131 bizim bu co\u011frafyalardaki geli\u015fmeler konusundaki hassasiyetimizin sebebini anlayam\u0131yor olsa da, bu hususta milletimizle tam bir mutabakat i\u00e7inde oldu\u011fumuzu biliyoruz.&#8221; ifadesini kullanan Cumhurba\u015fkan\u0131 Erdo\u011fan, T\u00fcrkiye&#8217;nin b\u00f6lgesindeki meseleleri \u00e7\u00f6zmeden kendi gelece\u011fini g\u00fcvence alt\u0131na alamayaca\u011f\u0131 ger\u00e7e\u011finin kendilerini daha aktif, daha kararl\u0131, yeri geldi\u011finde daha \u00e7ok risk alan bir d\u0131\u015f politika izlemeye y\u00f6neltti\u011fini vurgulad\u0131.<\/p>\n<p>Son d\u00f6nemdeki tecr\u00fcbelerin &#8220;sahada olmadan masada olunamayaca\u011f\u0131n\u0131&#8221; \u00e7ok net bir \u015fekilde g\u00f6sterdi\u011fini ifade eden Erdo\u011fan, \u015funlar\u0131 s\u00f6yledi:<\/p>\n<p>&#8220;Ge\u00e7ti\u011fimiz y\u0131l, Suriye\u2019de \u0130dlib operasyonunu ba\u015flatarak, Irak&#8217;ta b\u00f6lgesel y\u00f6netimin ba\u011f\u0131ms\u0131zl\u0131k giri\u015fimini bo\u015fa \u00e7\u0131kartarak, bu y\u00f6nde \u00f6nemli ad\u0131mlar att\u0131k. Kud\u00fcs meselesi, \u00fclkemiz ve b\u00f6lgemizle birlikte d\u00fcnyan\u0131n her k\u00f6\u015fesindeki M\u00fcsl\u00fcmanlar ve mazlumlar i\u00e7in yeni bir imtihan haline d\u00f6n\u00fc\u015fm\u00fc\u015ft\u00fcr. Amerika&#8217;n\u0131n att\u0131\u011f\u0131 ad\u0131m, \u0130srail d\u0131\u015f\u0131nda hi\u00e7bir \u00fclkeden makes bulmam\u0131\u015f, tam tersine, Kud\u00fcs&#8217;\u00fcn Filistin&#8217;in ba\u015fkenti olarak ilan edilmesiyle hay\u0131rl\u0131 bir geli\u015fmenin kap\u0131lar\u0131n\u0131 aralam\u0131\u015ft\u0131r. T\u00fcm milletime, bu konuda g\u00f6sterdikleri dik duru\u015f ve ortaya koyduklar\u0131 samimi tav\u0131r i\u00e7in \u015f\u00fckranlar\u0131m\u0131 sunuyorum. Bu s\u00fcre\u00e7te teklifimizi destekleyen 127 d\u00fcnya \u00fclkesine te\u015fekk\u00fcr ediyorum.&#8221;<\/p>\n<p><strong>&#8220;\u00c7ok \u00f6nemli geli\u015fmelerin bizi bekledi\u011fini biliyoruz&#8221;<\/strong><\/p>\n<p>Bu s\u00fcre\u00e7te adaletten, hukuktan ve bar\u0131\u015ftan yana tav\u0131r koyan, Kud\u00fcs&#8217;\u00fcn tarihi stat\u00fcs\u00fcne sahip \u00e7\u0131kan b\u00fct\u00fcn \u00fclkelere te\u015fekk\u00fcr eden Erdo\u011fan, \u015f\u00f6yle konu\u015ftu:<\/p>\n<p>&#8220;\u00d6n\u00fcm\u00fczdeki y\u0131l, gerek i\u00e7eride, gerekse d\u0131\u015far\u0131da yine \u00e7ok \u00f6nemli geli\u015fmelerin bizi bekledi\u011fini biliyoruz. Her alanda \u00fclkemizi g\u00fc\u00e7lendirerek, devlet-millet tam bir dayan\u0131\u015fma i\u00e7erisinde kar\u015f\u0131m\u0131za \u00e7\u0131kabilecek yeni s\u0131k\u0131nt\u0131lara haz\u0131rl\u0131kl\u0131 olmak i\u00e7in gece, g\u00fcnd\u00fcz \u00e7al\u0131\u015fmay\u0131 s\u00fcrd\u00fcrece\u011fiz. 2019 y\u0131l\u0131n\u0131n Mart ay\u0131nda yap\u0131lacak mahalli se\u00e7imler ile ayn\u0131 y\u0131l\u0131n Kas\u0131m ay\u0131nda yap\u0131lacak milletvekili ve cumhurba\u015fkanl\u0131\u011f\u0131 se\u00e7imleri, \u00fclkemizin gelece\u011fi bak\u0131m\u0131ndan kritik \u00f6neme sahiptir. T\u00fcm vatanda\u015flar\u0131mdan, \u00fclkemizin ve milletimizin gelece\u011fi i\u00e7in heyecan\u0131, hedefi, projesi, enerjisi olan kadrolara sahip \u00e7\u0131kmalar\u0131n\u0131, onlara yol g\u00f6stermelerini bekliyorum. Bu kritik s\u00fcre\u00e7te k\u0131\u015fk\u0131rtmalara kar\u015f\u0131 uyan\u0131k olmal\u0131, siyasi hesaplar u\u011fruna bizi birbirimize d\u00fc\u015f\u00fcrmek isteyenlere asla f\u0131rsat vermemeliyiz. Son olarak, tek millet, tek bayrak, tek vatan, tek devlet u\u011frunda g\u00f6zlerini k\u0131rpmadan hayatlar\u0131n\u0131 ortaya koyan t\u00fcm \u015fehitlerimize Allah&#8217;tan rahmet, gazilerimize sa\u011fl\u0131k ve afiyet diliyorum.&#8221;<\/p>\n<p>2018&#8217;in millet ve t\u00fcm insanl\u0131k i\u00e7in hay\u0131rl\u0131 olmas\u0131 temennisini yineleyen Erdo\u011fan, &#8220;Yeni y\u0131lda, ac\u0131lar\u0131n, zul\u00fcmlerin, adaletsizliklerin son buldu\u011fu; huzurun, mutlulu\u011fun, refah\u0131n hakim oldu\u011fu yeni bir d\u00fcnyada bulu\u015fmak dile\u011fiyle, hepinize sevgilerimi, sayg\u0131lar\u0131m\u0131 sunuyorum. Kal\u0131n sa\u011fl\u0131cakla.&#8221; ifadeleriyle mesaj\u0131n\u0131 tamamland\u0131.<\/p>\n","protected":false},"excerpt":{"rendered":"<p>Cumhurba\u015fkan\u0131 Erdo\u011fan, yay\u0131mlanan 2018 y\u0131l\u0131 mesaj\u0131nda, istihdam seferberli\u011fi ve ter\u00f6rle m\u00fccadele ba\u015fta olmak \u00fczere \u00f6nemli konulara dikkati \u00e7ekti.<\/p>\n","protected":false},"author":1000097,"featured_media":2463,"comment_status":"open","ping_status":"closed","sticky":false,"template":"","format":"standard","meta":[],"categories":[85],"tags":[],"_links":{"self":[{"href":"https:\/\/www.vizyon2023.com.tr\/index.php\/wp-json\/wp\/v2\/posts\/2462"}],"collection":[{"href":"https:\/\/www.vizyon2023.com.tr\/index.php\/wp-json\/wp\/v2\/posts"}],"about":[{"href":"https:\/\/www.vizyon2023.com.tr\/index.php\/wp-json\/wp\/v2\/types\/post"}],"author":[{"embeddable":true,"href":"https:\/\/www.vizyon2023.com.tr\/index.php\/wp-json\/wp\/v2\/users\/1000097"}],"replies":[{"embeddable":true,"href":"https:\/\/www.vizyon2023.com.tr\/index.php\/wp-json\/wp\/v2\/comments?post=2462"}],"version-history":[{"count":0,"href":"https:\/\/www.vizyon2023.com.tr\/index.php\/wp-json\/wp\/v2\/posts\/2462\/revisions"}],"wp:featuredmedia":[{"embeddable":true,"href":"https:\/\/www.vizyon2023.com.tr\/index.php\/wp-json\/wp\/v2\/media\/2463"}],"wp:attachment":[{"href":"https:\/\/www.vizyon2023.com.tr\/index.php\/wp-json\/wp\/v2\/media?parent=2462"}],"wp:term":[{"taxonomy":"category","embeddable":true,"href":"https:\/\/www.vizyon2023.com.tr\/index.php\/wp-json\/wp\/v2\/categories?post=2462"},{"taxonomy":"post_tag","embeddable":true,"href":"https:\/\/www.vizyon2023.com.tr\/index.php\/wp-json\/wp\/v2\/tags?post=2462"}],"curies":[{"name":"wp","href":"https:\/\/api.w.org\/{rel}","templated":true}]}}