{"id":2450,"date":"2017-12-29T10:13:19","date_gmt":"2017-12-29T08:13:19","guid":{"rendered":"http:\/\/www.vizyon2023.com.tr\/index.php\/2017\/12\/29\/chp-mugla-milletvekili-omer-suha-aldan-hakkinda-suc-duyurusu\/"},"modified":"2017-12-29T10:13:19","modified_gmt":"2017-12-29T08:13:19","slug":"chp-mugla-milletvekili-omer-suha-aldan-hakkinda-suc-duyurusu","status":"publish","type":"post","link":"https:\/\/www.vizyon2023.com.tr\/index.php\/2017\/12\/29\/chp-mugla-milletvekili-omer-suha-aldan-hakkinda-suc-duyurusu\/","title":{"rendered":"CHP Mu\u011fla milletvekili \u00d6mer S\u00fcha Aldan hakk\u0131nda su\u00e7 duyurusu"},"content":{"rendered":"<p>15 Temmuz Derne\u011fi&#8217;nden yap\u0131lan a\u00e7\u0131klamada, Aldan&#8217;\u0131n kat\u0131ld\u0131\u011f\u0131 bir radyo program\u0131nda, 696 say\u0131l\u0131 Kanun H\u00fckm\u00fcnde Kararname&#8217;yi ele\u015ftirirken &#8220;Bu d\u00fczenleme, benim bir s\u00fcr\u00fc itim var, bunlar\u0131 salar\u0131m soka\u011fa ve onlara af bile getirebilirim mant\u0131\u011f\u0131n\u0131 toplumda yayma anlay\u0131\u015f\u0131d\u0131r.&#8221; ifadesini kulland\u0131\u011f\u0131 hat\u0131rlat\u0131larak, Aldan&#8217;\u0131n 15 Temmuz&#8217;da ya\u015fanan hain darbe giri\u015fimini \u00f6nlemek i\u00e7in canlar\u0131n\u0131 ortaya koyan vatan evlatlar\u0131na hakaret etti\u011fi belirtildi.<\/p>\n<p>A\u00e7\u0131klamada, derne\u011fin Aldan hakk\u0131nda su\u00e7 duyusunda bulundu\u011fu ifade edilerek, \u015f\u00f6yle denildi:<\/p>\n<p>&#8220;15 Temmuz Derne\u011fi olarak, FET\u00d6\u2019n\u00fcn hain darbe giri\u015fimini canlar\u0131n\u0131 feda ederek \u00f6nleyen, 250 \u015fehidimiz ve 2 binden fazla gazimiz ba\u015fta olmak \u00fczere, o gece soka\u011fa \u00e7\u0131kan vatanda\u015flar\u0131m\u0131za olan kinini i\u00e7inde tutamayarak kusan \u00d6mer S\u00fcha Aldan hakk\u0131nda, T\u00fcrk Ceza Kanunu 216. Maddesinde belirtilen &#8216;halk\u0131 kin ve d\u00fc\u015fmanl\u0131\u011fa tahrik veya a\u015fa\u011f\u0131lama&#8217; su\u00e7unu i\u015flemekten dolay\u0131 su\u00e7 duyurusunda bulunduk. Daha \u00f6nce de 15 Temmuz hain darbe giri\u015fimini &#8216;Kontroll\u00fc Darbe&#8217; olarak tan\u0131mlayan CHP&#8217;nin bu son aymazl\u0131\u011f\u0131 ile yarg\u0131 \u00f6n\u00fcnde hesapla\u015faca\u011f\u0131z. Aziz \u015fehitlerimizin hat\u0131ras\u0131na ve gazilerimize bu b\u00fcy\u00fck sayg\u0131s\u0131zl\u0131\u011f\u0131 yapan \u015fah\u0131s, hak etti\u011fi en a\u011f\u0131r cezay\u0131 alana kadar bu davan\u0131n takip\u00e7isi olaca\u011f\u0131z.&#8221;<\/p>\n<p>15 Temmuz&#8217;da hain darbe giri\u015fimine kar\u015f\u0131 duran ve tek y\u00fcrek olan vatanda\u015flar\u0131 da Aldan hakk\u0131nda su\u00e7 duyurusunda bulunmaya davet eden a\u00e7\u0131klamada, su\u00e7 duyurusunda bulunmak isteyenlerin &#8220;www.15temmuzdernegi.org&#8221; adresinden dilek\u00e7e metnine ula\u015fabilece\u011fi kaydedildi.<\/p>\n","protected":false},"excerpt":{"rendered":"<p>15 Temmuz Derne\u011fi, CHP Mu\u011fla Milletvekili Aldan&#8217;\u0131n kat\u0131ld\u0131\u011f\u0131 bir radyo program\u0131nda, 696 say\u0131l\u0131 Kanun H\u00fckm\u00fcnde Kararname&#8217;ye ili\u015fkin konu\u015fmas\u0131 nedeniyle su\u00e7 duyurusunda bulundu.<\/p>\n","protected":false},"author":1000097,"featured_media":2451,"comment_status":"open","ping_status":"closed","sticky":false,"template":"","format":"standard","meta":[],"categories":[85],"tags":[],"_links":{"self":[{"href":"https:\/\/www.vizyon2023.com.tr\/index.php\/wp-json\/wp\/v2\/posts\/2450"}],"collection":[{"href":"https:\/\/www.vizyon2023.com.tr\/index.php\/wp-json\/wp\/v2\/posts"}],"about":[{"href":"https:\/\/www.vizyon2023.com.tr\/index.php\/wp-json\/wp\/v2\/types\/post"}],"author":[{"embeddable":true,"href":"https:\/\/www.vizyon2023.com.tr\/index.php\/wp-json\/wp\/v2\/users\/1000097"}],"replies":[{"embeddable":true,"href":"https:\/\/www.vizyon2023.com.tr\/index.php\/wp-json\/wp\/v2\/comments?post=2450"}],"version-history":[{"count":0,"href":"https:\/\/www.vizyon2023.com.tr\/index.php\/wp-json\/wp\/v2\/posts\/2450\/revisions"}],"wp:featuredmedia":[{"embeddable":true,"href":"https:\/\/www.vizyon2023.com.tr\/index.php\/wp-json\/wp\/v2\/media\/2451"}],"wp:attachment":[{"href":"https:\/\/www.vizyon2023.com.tr\/index.php\/wp-json\/wp\/v2\/media?parent=2450"}],"wp:term":[{"taxonomy":"category","embeddable":true,"href":"https:\/\/www.vizyon2023.com.tr\/index.php\/wp-json\/wp\/v2\/categories?post=2450"},{"taxonomy":"post_tag","embeddable":true,"href":"https:\/\/www.vizyon2023.com.tr\/index.php\/wp-json\/wp\/v2\/tags?post=2450"}],"curies":[{"name":"wp","href":"https:\/\/api.w.org\/{rel}","templated":true}]}}