{"id":2446,"date":"2017-12-29T10:12:11","date_gmt":"2017-12-29T08:12:11","guid":{"rendered":"http:\/\/www.vizyon2023.com.tr\/index.php\/2017\/12\/29\/ulastirma-denizcilik-ve-haberlesme-bakani-ahmet-arslan-denizcilikte-firtinali-yillar-geride-kaldi\/"},"modified":"2017-12-29T10:12:11","modified_gmt":"2017-12-29T08:12:11","slug":"ulastirma-denizcilik-ve-haberlesme-bakani-ahmet-arslan-denizcilikte-firtinali-yillar-geride-kaldi","status":"publish","type":"post","link":"https:\/\/www.vizyon2023.com.tr\/index.php\/2017\/12\/29\/ulastirma-denizcilik-ve-haberlesme-bakani-ahmet-arslan-denizcilikte-firtinali-yillar-geride-kaldi\/","title":{"rendered":"Ula\u015ft\u0131rma, Denizcilik ve Haberle\u015fme Bakan\u0131 Ahmet Arslan: Denizcilikte f\u0131rt\u0131nal\u0131 y\u0131llar geride kald\u0131"},"content":{"rendered":"<p>Ula\u015ft\u0131rma, Denizcilik ve Haberle\u015fme Bakan\u0131 Ahmet Arslan y\u0131l\u0131n son Deniz Ticaret Odalar\u0131 Konseyine kat\u0131ld\u0131.<\/p>\n<p>T\u00fcrk denizcili\u011finin geli\u015fimine dikkat \u00e7eken Arslan, &#8220;2004 &#8211; 2016 d\u00f6neminde denizcili\u011fimize yakla\u015f\u0131k 5 milyar 607 milyon liral\u0131k destek sa\u011flad\u0131k. Limanlar\u0131m\u0131zda elle\u00e7lenen y\u00fck miktar\u0131 ge\u00e7en y\u0131l sonunda 2 kat\u0131n \u00fczerinde artarak 430 milyon tonun \u00fczerine \u00e7\u0131kt\u0131. D\u0131\u015f ticaret ta\u015f\u0131malar\u0131 149 milyon iken 310 milyon tonu yakalad\u0131, denizcilikte f\u0131rt\u0131nal\u0131 y\u0131llar geride kald\u0131&#8221; dedi.<\/p>\n<p>Arslan, son 15 y\u0131lda yap\u0131lan yat\u0131r\u0131mlara da \u015fu s\u00f6zlerle dikkat \u00e7ekti;<\/p>\n<p>&#8220;K\u0131rmak, d\u00f6kmek, yakmak yerine \u00fclkemizi kalk\u0131nd\u0131rmak i\u00e7in gece g\u00fcnd\u00fcz demeden \u00e7al\u0131\u015f\u0131yoruz. Sekt\u00f6r\u00fcn \u00f6n\u00fcn\u00fcn a\u00e7\u0131lmas\u0131 ad\u0131na 15 y\u0131lda ulusal ve uluslararas\u0131 351 mevzuat d\u00fczenlemi\u015fiz.&#8221;<\/p>\n<p>Kaynak: TRT Haber<\/p>\n","protected":false},"excerpt":{"rendered":"<p>Deniz Ticaret Odalar\u0131 Konseyi&#8217;ne kat\u0131lan Bakan Arslan, &#8220;15 y\u0131lda denizcili\u011fimize 5 milyar lira destek sa\u011flad\u0131k.&#8221; dedi.<\/p>\n","protected":false},"author":1000097,"featured_media":2447,"comment_status":"open","ping_status":"closed","sticky":false,"template":"","format":"standard","meta":[],"categories":[85],"tags":[],"_links":{"self":[{"href":"https:\/\/www.vizyon2023.com.tr\/index.php\/wp-json\/wp\/v2\/posts\/2446"}],"collection":[{"href":"https:\/\/www.vizyon2023.com.tr\/index.php\/wp-json\/wp\/v2\/posts"}],"about":[{"href":"https:\/\/www.vizyon2023.com.tr\/index.php\/wp-json\/wp\/v2\/types\/post"}],"author":[{"embeddable":true,"href":"https:\/\/www.vizyon2023.com.tr\/index.php\/wp-json\/wp\/v2\/users\/1000097"}],"replies":[{"embeddable":true,"href":"https:\/\/www.vizyon2023.com.tr\/index.php\/wp-json\/wp\/v2\/comments?post=2446"}],"version-history":[{"count":0,"href":"https:\/\/www.vizyon2023.com.tr\/index.php\/wp-json\/wp\/v2\/posts\/2446\/revisions"}],"wp:featuredmedia":[{"embeddable":true,"href":"https:\/\/www.vizyon2023.com.tr\/index.php\/wp-json\/wp\/v2\/media\/2447"}],"wp:attachment":[{"href":"https:\/\/www.vizyon2023.com.tr\/index.php\/wp-json\/wp\/v2\/media?parent=2446"}],"wp:term":[{"taxonomy":"category","embeddable":true,"href":"https:\/\/www.vizyon2023.com.tr\/index.php\/wp-json\/wp\/v2\/categories?post=2446"},{"taxonomy":"post_tag","embeddable":true,"href":"https:\/\/www.vizyon2023.com.tr\/index.php\/wp-json\/wp\/v2\/tags?post=2446"}],"curies":[{"name":"wp","href":"https:\/\/api.w.org\/{rel}","templated":true}]}}