{"id":2440,"date":"2017-12-28T10:14:04","date_gmt":"2017-12-28T08:14:04","guid":{"rendered":"http:\/\/www.vizyon2023.com.tr\/index.php\/2017\/12\/28\/basbakan-yardimcisi-bekir-bozdagdan-chpli-aldanin-khk-aciklamasina-tepki\/"},"modified":"2017-12-28T10:14:04","modified_gmt":"2017-12-28T08:14:04","slug":"basbakan-yardimcisi-bekir-bozdagdan-chpli-aldanin-khk-aciklamasina-tepki","status":"publish","type":"post","link":"https:\/\/www.vizyon2023.com.tr\/index.php\/2017\/12\/28\/basbakan-yardimcisi-bekir-bozdagdan-chpli-aldanin-khk-aciklamasina-tepki\/","title":{"rendered":"Ba\u015fbakan Yard\u0131mc\u0131s\u0131 Bekir Bozda\u011f&#8217;dan CHP&#8217;li Aldan&#8217;\u0131n KHK a\u00e7\u0131klamas\u0131na tepki"},"content":{"rendered":"<p>Ba\u015fbakan Yard\u0131mc\u0131s\u0131 Bekir Bozda\u011f, sosyal payla\u015f\u0131m sitesi Twitter&#8217;dan yapt\u0131\u011f\u0131 a\u00e7\u0131klamada, CHP Mu\u011fla Milletvekili \u00d6mer S\u00fcha Aldan&#8217;\u0131n, yay\u0131mlanan son KHK&#8217;ler hakk\u0131ndaki a\u00e7\u0131klamalar\u0131yla 15 Temmuz 2016&#8217;daki darbe giri\u015fiminde \u015fehit olanlara, gazilere, \u015fehit yak\u0131nlar\u0131na ve darbe te\u015febb\u00fcs\u00fcne can\u0131 pahas\u0131na kar\u015f\u0131 koyan T\u00fcrk milletine hakaret etti\u011fini belirtti.<\/p>\n<p><strong>AK Parti S\u00f6zc\u00fcs\u00fc \u00dcnal: Bu millet sizi affetmeyecek<\/strong><\/p>\n<p><strong>CHP Milletvekili \u00d6mer S\u00fcha Aldan hakk\u0131nda soru\u015fturma<\/strong><\/p>\n<p>1)CHP Mu\u011fla milletvekili \u00d6mer S\u00fcha Aldan, son KHK hakk\u0131nda yapt\u0131\u011f\u0131 a\u00e7\u0131klama ile; 15 Temmuz \u015fehitlerine,gazilerine, \u015fehit yak\u0131nlar\u0131na ve hem de 15 Temmuz darbe te\u015febb\u00fcs\u00fcne can\u0131 pahas\u0131na kar\u015f\u0131 koyan T\u00fcrk milletine hakaret etmi\u015ftir.<\/p>\n<p>\u2014 Bekir Bozda\u011f (@bybekirbozdag) 27 Aral\u0131k 2017<\/p>\n<p>&#8220;Edep, ahlak, izan d\u0131\u015f\u0131 ve seviyesiz a\u00e7\u0131klamalar\u0131 nedeniyle Aldan&#8217;\u0131 \u015fiddetle k\u0131nad\u0131\u011f\u0131n\u0131&#8221; aktaran Bozda\u011f, Aldan&#8217;\u0131, 15 Temmuz \u015fehitlerinin maneviyat\u0131ndan, \u015fehit yak\u0131nlar\u0131ndan, gazilerden ve 15 Temmuz&#8217;da destans\u0131 bir m\u00fccadeleye, zafere imza atan T\u00fcrk milletinden \u00f6z\u00fcr dilemeye davet etti.<\/p>\n<p>2)Edep,ahlak,iz\u2019an d\u0131\u015f\u0131 ve seviyesiz a\u00e7\u0131klamalar\u0131 nedeniyle CHP milletvekili Aldan\u2019\u0131 \u015fiddetle k\u0131n\u0131yor;15 Temmuz \u015fehitlerinin maneviyat\u0131ndan,\u015fehit yak\u0131nlar\u0131ndan,gazilerden ve 15 Temmuz\u2019da destans\u0131 bir m\u00fccadele ve zafere imza atan T\u00fcrk milletinden \u00f6z\u00fcr dilemeye davet ediyorum.<\/p>\n<p>\u2014 Bekir Bozda\u011f (@bybekirbozdag) 27 Aral\u0131k 2017<\/p>\n<p>Bozda\u011f, \u015funlar\u0131 kaydetti:<\/p>\n<p>&#8220;Ayr\u0131ca CHP&#8217;yi ve Genel Ba\u015fkan\u0131 K\u0131l\u0131\u00e7daro\u011flu&#8217;nu, bu edep, ahlak ve izan d\u0131\u015f\u0131, seviyesiz a\u00e7\u0131klamas\u0131yla \u015fehitlerimiz, gazilerimiz, \u015fehit yak\u0131nlar\u0131 ve aziz milletimize a\u00e7\u0131k\u00e7a hakaret eden milletvekili Aldan hakk\u0131nda disiplin hukukunu i\u015fletmeye \u00e7a\u011f\u0131r\u0131yoruz. Milletvekili Aldan hakk\u0131nda disiplin s\u00fcreci i\u015fletilmedi\u011fi takdirde CHP ve Genel Ba\u015fkan\u0131 K\u0131l\u0131\u00e7daro\u011flu da seviyesiz, edep,ahlak ve izan d\u0131\u015f\u0131 \u00fcslup ve siyaset ile millete y\u00f6nelik bu hakarete destek vermi\u015f demektir. Bu asil milletin evlatlar\u0131, tarihin her d\u00f6neminde varl\u0131\u011f\u0131na, birli\u011fine, dirli\u011fine, egemenli\u011fine, ba\u011f\u0131ms\u0131zl\u0131\u011f\u0131na ve gelece\u011fine yap\u0131lan her sald\u0131r\u0131y\u0131, en son 15 Temmuz&#8217;da oldu\u011fu gibi kahramanca p\u00fcsk\u00fcrtm\u00fc\u015ft\u00fcr. Ne mutlu o kahramanlara, ne mutlu o kahramanlar\u0131 sevenlere ve sayanlara.&#8221;<\/p>\n<p>3)Ayr\u0131ca CHP\u2019yi ve Genel Ba\u015fkan\u0131 K\u0131l\u0131\u00e7daro\u011flu\u2019nu,bu edep,ahlak ve iz\u2019an d\u0131\u015f\u0131 seviyesiz a\u00e7\u0131klamas\u0131yla \u015fehitlerimiz, gazilerimiz,\u015fehit yak\u0131nlar\u0131 ve aziz milletimize a\u00e7\u0131k\u00e7a hakaret eden milletvekili Aldan hakk\u0131nda disiplin hukukunu i\u015fletmeye \u00e7a\u011f\u0131r\u0131yoruz.<\/p>\n<p>\u2014 Bekir Bozda\u011f (@bybekirbozdag) 27 Aral\u0131k 2017<\/p>\n<p>4)Milletvekili Aldan hakk\u0131nda disiplin s\u00fcreci i\u015fletilmedi\u011fi takdirde CHP ve Genel Ba\u015fkan\u0131 K\u0131l\u0131\u00e7daro\u011flu da; seviyesiz, edep,ahlak ve iz\u2019an d\u0131\u015f\u0131 \u00fcslup ve siyaset ile millete y\u00f6nelik bu hakarete destek vermi\u015f,demektir.<\/p>\n<p>\u2014 Bekir Bozda\u011f (@bybekirbozdag) 27 Aral\u0131k 2017<\/p>\n<p>5)Bu asil milletin evlatlar\u0131, tarihin her d\u00f6neminde varl\u0131\u011f\u0131na, birli\u011fine, dirli\u011fine,egemenli\u011fine,ba\u011f\u0131ms\u0131zl\u0131\u011f\u0131na ve gelece\u011fine yap\u0131lan her sald\u0131r\u0131y\u0131,en son 15 Temmuz\u2019da oldu\u011fu gibi kahramanca p\u00fcsk\u00fcrtm\u00fc\u015ft\u00fcr.Ne mutlu o kahramanlara! Ne mutlu o kahramanlar\u0131 sevenlere ve sayanlara!<\/p>\n<p>\u2014 Bekir Bozda\u011f (@bybekirbozdag) 27 Aral\u0131k 2017<\/p>\n<p>Aldan, kat\u0131ld\u0131\u011f\u0131 bir radyo program\u0131nda 696. say\u0131l\u0131 KHK&#8217;nin 121. maddesindeki d\u00fczenlemeyi ele\u015ftirmi\u015fti.<\/p>\n<p>Kaynak: AA<\/p>\n","protected":false},"excerpt":{"rendered":"<p>Ba\u015fbakan Yard\u0131mc\u0131s\u0131 Bekir Bozda\u011f: &#8220;CHP ve K\u0131l\u0131\u00e7daro\u011flu disiplin s\u00fcrecini i\u015fletmezse, bu hakarete destek vermi\u015f demektir.&#8221; dedi.<\/p>\n","protected":false},"author":1000097,"featured_media":2441,"comment_status":"open","ping_status":"closed","sticky":false,"template":"","format":"standard","meta":[],"categories":[85],"tags":[],"_links":{"self":[{"href":"https:\/\/www.vizyon2023.com.tr\/index.php\/wp-json\/wp\/v2\/posts\/2440"}],"collection":[{"href":"https:\/\/www.vizyon2023.com.tr\/index.php\/wp-json\/wp\/v2\/posts"}],"about":[{"href":"https:\/\/www.vizyon2023.com.tr\/index.php\/wp-json\/wp\/v2\/types\/post"}],"author":[{"embeddable":true,"href":"https:\/\/www.vizyon2023.com.tr\/index.php\/wp-json\/wp\/v2\/users\/1000097"}],"replies":[{"embeddable":true,"href":"https:\/\/www.vizyon2023.com.tr\/index.php\/wp-json\/wp\/v2\/comments?post=2440"}],"version-history":[{"count":0,"href":"https:\/\/www.vizyon2023.com.tr\/index.php\/wp-json\/wp\/v2\/posts\/2440\/revisions"}],"wp:featuredmedia":[{"embeddable":true,"href":"https:\/\/www.vizyon2023.com.tr\/index.php\/wp-json\/wp\/v2\/media\/2441"}],"wp:attachment":[{"href":"https:\/\/www.vizyon2023.com.tr\/index.php\/wp-json\/wp\/v2\/media?parent=2440"}],"wp:term":[{"taxonomy":"category","embeddable":true,"href":"https:\/\/www.vizyon2023.com.tr\/index.php\/wp-json\/wp\/v2\/categories?post=2440"},{"taxonomy":"post_tag","embeddable":true,"href":"https:\/\/www.vizyon2023.com.tr\/index.php\/wp-json\/wp\/v2\/tags?post=2440"}],"curies":[{"name":"wp","href":"https:\/\/api.w.org\/{rel}","templated":true}]}}