{"id":2434,"date":"2017-12-28T10:09:58","date_gmt":"2017-12-28T08:09:58","guid":{"rendered":"http:\/\/www.vizyon2023.com.tr\/index.php\/2017\/12\/28\/ak-parti-sozcusu-unal-bu-millet-sizi-affetmeyecek\/"},"modified":"2017-12-28T10:09:58","modified_gmt":"2017-12-28T08:09:58","slug":"ak-parti-sozcusu-unal-bu-millet-sizi-affetmeyecek","status":"publish","type":"post","link":"https:\/\/www.vizyon2023.com.tr\/index.php\/2017\/12\/28\/ak-parti-sozcusu-unal-bu-millet-sizi-affetmeyecek\/","title":{"rendered":"AK Parti S\u00f6zc\u00fcs\u00fc \u00dcnal: Bu millet sizi affetmeyecek"},"content":{"rendered":"<p>AK Parti Genel Ba\u015fkan Yard\u0131mc\u0131s\u0131 ve S\u00f6zc\u00fcs\u00fc Mahir \u00dcnal, sosyal payla\u015f\u0131m sitesi Twitter \u00fczerinden yapt\u0131\u011f\u0131 payla\u015f\u0131mda, CHP Mu\u011fla Milletvekili \u00d6mer S\u00fcha Aldan&#8217;\u0131n 696 say\u0131l\u0131 KHK&#8217;nin 121. maddesi ile ilgili a\u00e7\u0131klamas\u0131na yer vererek, \u015funlar\u0131 kaydetti:<\/p>\n<p>&#8220;15 Temmuz&#8217;un ruhuna ve kutsiyetine yapt\u0131klar\u0131 sald\u0131r\u0131lar yetmedi, \u015fimdi de o gecenin kahramanlar\u0131na en a\u011f\u0131r \u015fekilde hakaret ediyorlar. Bu \u00fcslup, bu s\u00f6ylem al\u00e7ak\u00e7a. Bu millet sizi affetmeyecek. Kininizde, nefretinizde bo\u011fulun.&#8221;<\/p>\n<p><strong>CHP Milletvekili \u00d6mer S\u00fcha Aldan hakk\u0131nda soru\u015fturma<\/strong><\/p>\n<p><strong>Ba\u015fbakan Yard\u0131mc\u0131s\u0131 Bekir Bozda\u011f&#8217;dan CHP&#8217;li Aldan&#8217;\u0131n KHK a\u00e7\u0131klamas\u0131na tepki<\/strong><\/p>\n<p>15 Temmuz&#8217;un ruhuna ve kutsiyetine yapt\u0131klar\u0131 sald\u0131r\u0131lar yetmedi, \u015fimdi de o gecenin kahramanlar\u0131na en a\u011f\u0131r \u015fekilde hakaret ediyorlar. Bu \u00fcslup, bu s\u00f6ylem al\u00e7ak\u00e7a. Bu millet sizi affetmeyecek. Kininizde, nefretinizde bo\u011fulun. pic.twitter.com\/P15o6pBAnl<\/p>\n<p>\u2014 Mahir \u00dcnal (@mahirunal) 27 Aral\u0131k 2017<\/p>\n","protected":false},"excerpt":{"rendered":"<p>AK Parti S\u00f6zc\u00fcs\u00fc \u00dcnal, &#8220;15 Temmuz&#8217;un ruhuna ve kutsiyetine yapt\u0131klar\u0131 sald\u0131r\u0131lar yetmedi, \u015fimdi de o gecenin kahramanlar\u0131na en a\u011f\u0131r \u015fekilde hakaret ediyorlar.&#8221; dedi.<\/p>\n","protected":false},"author":1000097,"featured_media":2435,"comment_status":"open","ping_status":"closed","sticky":false,"template":"","format":"standard","meta":[],"categories":[85],"tags":[],"_links":{"self":[{"href":"https:\/\/www.vizyon2023.com.tr\/index.php\/wp-json\/wp\/v2\/posts\/2434"}],"collection":[{"href":"https:\/\/www.vizyon2023.com.tr\/index.php\/wp-json\/wp\/v2\/posts"}],"about":[{"href":"https:\/\/www.vizyon2023.com.tr\/index.php\/wp-json\/wp\/v2\/types\/post"}],"author":[{"embeddable":true,"href":"https:\/\/www.vizyon2023.com.tr\/index.php\/wp-json\/wp\/v2\/users\/1000097"}],"replies":[{"embeddable":true,"href":"https:\/\/www.vizyon2023.com.tr\/index.php\/wp-json\/wp\/v2\/comments?post=2434"}],"version-history":[{"count":0,"href":"https:\/\/www.vizyon2023.com.tr\/index.php\/wp-json\/wp\/v2\/posts\/2434\/revisions"}],"wp:featuredmedia":[{"embeddable":true,"href":"https:\/\/www.vizyon2023.com.tr\/index.php\/wp-json\/wp\/v2\/media\/2435"}],"wp:attachment":[{"href":"https:\/\/www.vizyon2023.com.tr\/index.php\/wp-json\/wp\/v2\/media?parent=2434"}],"wp:term":[{"taxonomy":"category","embeddable":true,"href":"https:\/\/www.vizyon2023.com.tr\/index.php\/wp-json\/wp\/v2\/categories?post=2434"},{"taxonomy":"post_tag","embeddable":true,"href":"https:\/\/www.vizyon2023.com.tr\/index.php\/wp-json\/wp\/v2\/tags?post=2434"}],"curies":[{"name":"wp","href":"https:\/\/api.w.org\/{rel}","templated":true}]}}