{"id":2428,"date":"2017-12-27T10:45:38","date_gmt":"2017-12-27T08:45:38","guid":{"rendered":"http:\/\/www.vizyon2023.com.tr\/index.php\/2017\/12\/27\/ataturkun-ankaraya-gelisinin-98-yil-donumu\/"},"modified":"2017-12-27T10:45:38","modified_gmt":"2017-12-27T08:45:38","slug":"ataturkun-ankaraya-gelisinin-98-yil-donumu","status":"publish","type":"post","link":"https:\/\/www.vizyon2023.com.tr\/index.php\/2017\/12\/27\/ataturkun-ankaraya-gelisinin-98-yil-donumu\/","title":{"rendered":"Atat\u00fcrk&#8217;\u00fcn Ankara&#8217;ya geli\u015finin 98. y\u0131l d\u00f6n\u00fcm\u00fc"},"content":{"rendered":"<p>T\u00f6ren, saat 09.00&#8217;da, Ankara Valisi Ercan Topaca ve beraberindeki heyet ile se\u011fmenlerin Aslanl\u0131 Yol&#8217;da y\u00fcr\u00fcy\u00fc\u015f\u00fcyle ba\u015flad\u0131.<\/p>\n<p>Vali Topaca taraf\u0131ndan Atat\u00fcrk&#8217;\u00fcn kabrine \u00e7elenk konulmas\u0131n\u0131n ard\u0131ndan sayg\u0131 duru\u015funda bulunuldu ve \u0130stiklal Mar\u015f\u0131 okundu. Heyet, daha sonra Misak\u0131 Milli Kulesi&#8217;ne ge\u00e7ti.<\/p>\n<p>Vali Topaca, An\u0131tkabir \u00d6zel Defteri&#8217;ne \u015funlar\u0131 yazd\u0131:<\/p>\n<p>&#8220;B\u00fcy\u00fck Atat\u00fcrk, d\u00fcnyada e\u015fi benzeri olmayan \u0130stiklal Harbi&#8217;mizi sevk ve idare etmek i\u00e7in merkez olarak se\u00e7ti\u011finiz Ankara&#8217;ya geli\u015finizin 98. y\u0131l\u0131nda, Ankara il y\u00f6neticileri olarak huzurunuzday\u0131z. Milletimizin makus talihi, Dikmen s\u0131rtlar\u0131na ad\u0131m att\u0131\u011f\u0131n\u0131z g\u00fcn de\u011fi\u015fmi\u015f, \u00f6nderli\u011finizde verilen ba\u011f\u0131ms\u0131zl\u0131k m\u00fccadelesi Cumhuriyet ile ta\u00e7lanarak zafere ula\u015fm\u0131\u015ft\u0131r. Bug\u00fcn geldi\u011fimiz noktada Ba\u015fkentimiz Ankara, tar\u0131m ve hayvanc\u0131l\u0131k potansiyeliyle, e\u011fitim alan\u0131ndaki hamleleri ve \u00fcniversiteleriyle, savunma sanayisindeki at\u0131l\u0131mlar\u0131yla, k\u00fclt\u00fcrel ve turistik zenginlikleriyle d\u00fcnyan\u0131n modern kentlerinden birisi haline gelmi\u015ftir. &#8216;Ankara&#8217;n\u0131n ve Ankaral\u0131lar\u0131n benim g\u00f6nl\u00fcmde bamba\u015fka bir yeri vard\u0131r&#8217; diyerek onurland\u0131rd\u0131\u011f\u0131n Ankaral\u0131lar olarak, \u00fclkemizi ve milletimizi \u00e7a\u011fda\u015f uygarl\u0131k seviyesinin \u00fcst\u00fcne \u00e7\u0131karmak i\u00e7in her d\u00f6nemde ve her \u015fartta var g\u00fcc\u00fcm\u00fczle \u00e7al\u0131\u015fma azim ve kararl\u0131l\u0131\u011f\u0131nday\u0131z. Ruhunuz \u015fad olsun.&#8221;<\/p>\n<p><strong>Ba\u015fbakan Yard\u0131mc\u0131s\u0131 Hakan \u00c7avu\u015fo\u011flu sergi a\u00e7\u0131l\u0131\u015f\u0131na kat\u0131ld\u0131<\/strong><\/p>\n<p>Gazi Mustafa Kemal Atat\u00fcrk&#8217;\u00fcn Ankara&#8217;ya geli\u015finin 98. y\u0131l d\u00f6n\u00fcm\u00fc dolay\u0131s\u0131yla Bas\u0131n Yay\u0131n ve Enformasyon Genel M\u00fcd\u00fcrl\u00fc\u011f\u00fc Bas\u0131n K\u00fclt\u00fcr ve Sanat Merkezi&#8217;nde BYEGM Ar\u015fivinden Ankara Foto\u011fraflar\u0131 Sergisi&#8217;nin a\u00e7\u0131l\u0131\u015f\u0131 ger\u00e7ekle\u015ftirildi. Serginin a\u00e7\u0131l\u0131\u015f\u0131n\u0131 Ba\u015fbakan Yard\u0131mc\u0131s\u0131 Hakan \u00c7avu\u015fo\u011flu yapt\u0131. \u00c7avu\u015fo\u011flu, daha sonra sergiyi gezdi.<\/p>\n<p><strong>CHP Genel Ba\u015fkan\u0131 da sosyal medya hesab\u0131ndan mesaj payla\u015ft\u0131<\/strong><\/p>\n<p>CHP Genel Ba\u015fkan\u0131 Kemal K\u0131l\u0131\u00e7daro\u011flu da Gazi Mustafa Kemal Atat\u00fcrk&#8217;\u00fcn Ankara&#8217;ya geli\u015finin y\u0131l d\u00f6n\u00fcm\u00fc dolay\u0131s\u0131yla Twitter&#8217;dan Atat\u00fcrk&#8217;\u00fc ve silah arkada\u015flar\u0131n\u0131 and\u0131.<\/p>\n<p>Kaynak: AA<\/p>\n","protected":false},"excerpt":{"rendered":"<p>T\u00fcrkiye Cumhuriyeti&#8217;nin kurucusu, B\u00fcy\u00fck \u00d6nder Mustafa Kemal Atat\u00fcrk&#8217;\u00fcn Ankara&#8217;ya geli\u015finin 98. y\u0131l d\u00f6n\u00fcm\u00fc dolay\u0131s\u0131yla An\u0131tkabir&#8217;de t\u00f6ren d\u00fczenlendi.<\/p>\n","protected":false},"author":1000097,"featured_media":2429,"comment_status":"open","ping_status":"closed","sticky":false,"template":"","format":"standard","meta":[],"categories":[85],"tags":[],"_links":{"self":[{"href":"https:\/\/www.vizyon2023.com.tr\/index.php\/wp-json\/wp\/v2\/posts\/2428"}],"collection":[{"href":"https:\/\/www.vizyon2023.com.tr\/index.php\/wp-json\/wp\/v2\/posts"}],"about":[{"href":"https:\/\/www.vizyon2023.com.tr\/index.php\/wp-json\/wp\/v2\/types\/post"}],"author":[{"embeddable":true,"href":"https:\/\/www.vizyon2023.com.tr\/index.php\/wp-json\/wp\/v2\/users\/1000097"}],"replies":[{"embeddable":true,"href":"https:\/\/www.vizyon2023.com.tr\/index.php\/wp-json\/wp\/v2\/comments?post=2428"}],"version-history":[{"count":0,"href":"https:\/\/www.vizyon2023.com.tr\/index.php\/wp-json\/wp\/v2\/posts\/2428\/revisions"}],"wp:featuredmedia":[{"embeddable":true,"href":"https:\/\/www.vizyon2023.com.tr\/index.php\/wp-json\/wp\/v2\/media\/2429"}],"wp:attachment":[{"href":"https:\/\/www.vizyon2023.com.tr\/index.php\/wp-json\/wp\/v2\/media?parent=2428"}],"wp:term":[{"taxonomy":"category","embeddable":true,"href":"https:\/\/www.vizyon2023.com.tr\/index.php\/wp-json\/wp\/v2\/categories?post=2428"},{"taxonomy":"post_tag","embeddable":true,"href":"https:\/\/www.vizyon2023.com.tr\/index.php\/wp-json\/wp\/v2\/tags?post=2428"}],"curies":[{"name":"wp","href":"https:\/\/api.w.org\/{rel}","templated":true}]}}