{"id":2424,"date":"2017-12-27T10:44:47","date_gmt":"2017-12-27T08:44:47","guid":{"rendered":"http:\/\/www.vizyon2023.com.tr\/index.php\/2017\/12\/27\/basbakan-yardimcisi-bekir-bozdag-buyuk-bir-carpitma-ve-kotu-niyetle-karsi-karsiyayiz\/"},"modified":"2017-12-27T10:44:47","modified_gmt":"2017-12-27T08:44:47","slug":"basbakan-yardimcisi-bekir-bozdag-buyuk-bir-carpitma-ve-kotu-niyetle-karsi-karsiyayiz","status":"publish","type":"post","link":"https:\/\/www.vizyon2023.com.tr\/index.php\/2017\/12\/27\/basbakan-yardimcisi-bekir-bozdag-buyuk-bir-carpitma-ve-kotu-niyetle-karsi-karsiyayiz\/","title":{"rendered":"Ba\u015fbakan Yard\u0131mc\u0131s\u0131 Bekir Bozda\u011f: B\u00fcy\u00fck bir \u00e7arp\u0131tma ve k\u00f6t\u00fc niyetle kar\u015f\u0131 kar\u015f\u0131yay\u0131z"},"content":{"rendered":"<p>&amp;amp;amp;amp;amp;amp;amp;amp;lt;\/iframe&amp;amp;amp;amp;amp;amp;amp;amp;lt;\/p&amp;amp;amp;amp;amp;amp;amp;amp;gt; &amp;amp;amp;amp;amp;amp;amp;amp;lt;p&amp;amp;amp;amp;amp;amp;amp;amp;gt; Ba\u015fbakan Yard\u0131mc\u0131s\u0131 Bekir Bozda\u011f, \u00c7ankaya K\u00f6\u015fk\u00fc&#8217;nde son yay\u0131mlanan KHK ile ilgili bas\u0131n a\u00e7\u0131klamas\u0131 yapt\u0131. KHK&#8217;daki sivillere ceza muafiyeti hakk\u0131nda konu\u015fan Bozda\u011f, yasan\u0131n 15 Temmuz \u00f6ncesini ve 16 Temmuz sonras\u0131n\u0131 kapsamad\u0131\u011f\u0131n\u0131n alt\u0131n\u0131 \u00e7izdi.&amp;amp;amp;amp;amp;amp;amp;amp;amp;nbsp;&amp;amp;amp;amp;amp;amp;amp;amp;lt;\/p&amp;amp;amp;amp;amp;amp;amp;amp;gt; &amp;amp;amp;amp;amp;amp;amp;amp;lt;p&amp;amp;amp;amp;amp;amp;amp;amp;gt; Vatanda\u015f\u0131m\u0131z\u0131n yapt\u0131\u011f\u0131 burada me\u015fru m\u00fcdafaad\u0131r, me\u015fru m\u00fcdafaa su\u00e7 de\u011fildir, diyen Bozda\u011f, &amp;amp;amp;amp;amp;amp;amp;amp;amp;quot;Resmi g\u00f6revi olsun olmas\u0131n, darbenin ba\u015far\u0131s\u0131zl\u0131\u011f\u0131n\u0131 sa\u011flayan, hukuki, cezai ve idari bak\u0131mdan bir sorumsuzluk \u00f6ng\u00f6r\u00fclmektedir. Olay sadece bundan ibarettir.&amp;amp;amp;amp;amp;amp;amp;amp;amp;nbsp;Yasa, 15 Temmuz&#8217;u hem darbe te\u015febb\u00fcs\u00fc olarak de\u011ferlendiriyor hem de darbe te\u015febb\u00fcs\u00fc boyunca darbe te\u015febb\u00fcs\u00fcne kat\u0131lan ter\u00f6ristlerin yapt\u0131\u011f\u0131 her bir eylemi de ter\u00f6r eylemi olarak de\u011ferlendiriyor. \u0130kisini birlikte de\u011ferlendiriyor. Yoksa ter\u00f6r eylemlerini ayr\u0131, darbe te\u015febb\u00fcs\u00fcn\u00fc ayr\u0131 bir de\u011ferlendirme yapm\u0131yor. Bu yeni d\u00fczenlemede de buradaki h\u00fckm\u00fcn ayn\u0131n\u0131 tekrar ediyor. Kesinlikle ba\u015fka bir anlam ifade etmiyor. \u00d6zellikle alt\u0131n\u0131 \u00e7izmekte fayda var.&amp;amp;amp;amp;amp;amp;amp;amp;amp;quot; dedi.&amp;amp;amp;amp;amp;amp;amp;amp;amp;nbsp;&amp;amp;amp;amp;amp;amp;amp;amp;lt;\/p&amp;amp;amp;amp;amp;amp;amp;amp;gt; &amp;amp;amp;amp;amp;amp;amp;amp;lt;p&amp;amp;amp;amp;amp;amp;amp;amp;gt; &amp;amp;amp;amp;amp;amp;amp;amp;lt;b&amp;amp;amp;amp;amp;amp;amp;amp;gt;&#8221;Ana muhalefin Genel Ba\u015fkan\u0131&#8217;n\u0131n ve s\u00f6zc\u00fclerin yorumlar\u0131 art niyetli&#8221;&amp;amp;amp;amp;amp;amp;amp;amp;lt;\/b&amp;amp;amp;amp;amp;amp;amp;amp;gt;&amp;amp;amp;amp;amp;amp;amp;amp;lt;\/p&amp;amp;amp;amp;amp;amp;amp;amp;gt; &amp;amp;amp;amp;amp;amp;amp;amp;lt;p&amp;amp;amp;amp;amp;amp;amp;amp;gt; Ana muhalefetin ele\u015ftirilerine yan\u0131t veren Ba\u015fbakan Yard\u0131mc\u0131s\u0131 Bozda\u011f, &amp;amp;amp;amp;amp;amp;amp;amp;amp;quot;Bu tabii okudu\u011funu anlamamak olarak de\u011ferlendirmezsek \u00e7ok net s\u00f6yl\u00fcyorum k\u00f6t\u00fc niyetli bir yorumdan ba\u015fka hi\u00e7bir \u015fey de\u011fildir. K\u00f6t\u00fc niyetli bir yorumdur. 15 Temmuz 2016 tarihinde ger\u00e7ekle\u015ftirilen darbe te\u015febb\u00fcs\u00fc ve ter\u00f6r eylemlerinin bast\u0131r\u0131lmas\u0131 kapsam\u0131nda vatanda\u015flar\u0131m\u0131z\u0131n yapt\u0131\u011f\u0131 demokrasiye sahip \u00e7\u0131kma, hukuka sahip \u00e7\u0131kma, can\u0131 pahas\u0131na ortaya koydu\u011fu m\u00fccadeleyi kaps\u0131yor. Kim ki bu d\u00fczenlemeyi 15 Temmuz, 16 Temmuz&#8217;dan sonraki s\u00fcreyi de kaps\u0131yor diye yorumluyorsa, \u00e7ok net s\u00f6yl\u00fcyorum, bu maddeleri ya do\u011fru d\u00fcr\u00fcst okumam\u0131\u015ft\u0131r, &#8216;yok arkada\u015f ben bu maddeleri okudum hem de dikkatle okudum&#8217; diyorsa o zaman okudu\u011funu anlam\u0131yordur. Say\u0131n genel ba\u015fkan\u0131n ve s\u00f6zc\u00fclerinin yapt\u0131\u011f\u0131 yorumlar art niyetli yorumlard\u0131r. B\u00fcy\u00fck bir \u00e7arp\u0131tma ve k\u00f6t\u00fc niyetle kar\u015f\u0131 ka\u015f\u0131yay\u0131z. Bu sadece toplumumuzun i\u00e7erisine fitne sokmak i\u00e7in \u00e7arp\u0131t\u0131lm\u0131\u015f bir yorumdan ba\u015fka bir \u015fey de\u011fildir.&amp;amp;amp;amp;amp;amp;amp;amp;amp;quot; de\u011ferlendirmesinde bulundu.&amp;amp;amp;amp;amp;amp;amp;amp;amp;nbsp;&amp;amp;amp;amp;amp;amp;amp;amp;lt;\/p&amp;amp;amp;amp;amp;amp;amp;amp;gt; &amp;amp;amp;amp;amp;amp;amp;amp;lt;p&amp;amp;amp;amp;amp;amp;amp;amp;gt; T\u00fcrkiye&#8217;de bundan sonra kimse darbe yapamaz diyen Bozda\u011f, &amp;amp;amp;amp;amp;amp;amp;amp;amp;quot;Bu d\u00fczenleme 15 Temmuz&#8217;dan \u00f6ncesini kesinlikle kapsamad\u0131\u011f\u0131 gibi, 16 Temmuz&#8217;dan sonras\u0131n\u0131 da kapsayan bir d\u00fczenleme de\u011fildir. Bu madde gelece\u011fi d\u00fczenlemiyor. Bundan sonraki olaylar\u0131 d\u00fczenlemiyor. Ge\u00e7mi\u015fe d\u00f6n\u00fck hukuka uygunluk d\u00fczenlemesidir. Devlet \u00e7ete kuruyor demek ne demek, bu devlete hakarettir. Darbe te\u015febb\u00fcs\u00fc oldu\u011funda soka\u011fa \u00e7\u0131kan insanlara hakaret ediyorlar. T\u00fcrkiye&#8217;de bundan sonra darbe oldu\u011fu zaman vatanda\u015f demokrasiyi m\u00fcdaafa etmeyecek mi? Buradan \u00e7ok net s\u00f6yl\u00fcyorum, T\u00fcrkiye&#8217;de bundan sonra kimse darbe marbe yapamaz. Vatanda\u015f\u0131 bir nevi korkutuyorlar bu a\u00e7\u0131klamay\u0131 yapanlar. Bir daha darbe te\u015febb\u00fcs\u00fc olursa soka\u011fa \u00e7\u0131kmay\u0131n, g\u00f6\u011fs\u00fcn\u00fcz\u00fc siper etmeyin anlam\u0131nda \u00e7ok net bir tehdit, g\u00f6nderme anlam\u0131nda. &amp;amp;amp;amp;amp;amp;amp;amp;amp;quot; diye konu\u015ftu.&amp;amp;amp;amp;amp;amp;amp;amp;amp;nbsp;&amp;amp;amp;amp;amp;amp;amp;amp;lt;\/p&amp;amp;amp;amp;amp;amp;amp;amp;gt; &amp;amp;amp;amp;amp;amp;amp;amp;lt;p&amp;amp;amp;amp;amp;amp;amp;amp;gt; &amp;amp;amp;amp;amp;amp;amp;amp;lt;strong&amp;amp;amp;amp;amp;amp;amp;amp;gt;&#8221;Metinde bir mu\u011flakl\u0131k da eksiklik de yok&#8221;&amp;amp;amp;amp;amp;amp;amp;amp;lt;\/strong&amp;amp;amp;amp;amp;amp;amp;amp;gt;&amp;amp;amp;amp;amp;amp;amp;amp;lt;\/p&amp;amp;amp;amp;amp;amp;amp;amp;gt; &amp;amp;amp;amp;amp;amp;amp;amp;lt;p&amp;amp;amp;amp;amp;amp;amp;amp;gt; Metinde de\u011fi\u015fikli\u011fe gidilmeyece\u011fini vurgulayan Bekir Bozda\u011f, &amp;amp;amp;amp;amp;amp;amp;amp;amp;quot;Bu metinde bir mu\u011flakl\u0131k yok. Metinde bir eksiklik olur onu giderirsiniz, yanl\u0131\u015f olur onu d\u00fczeltirsiniz. G\u00fcne\u015f gibi ortada her\u015fey.&amp;amp;amp;amp;amp;amp;amp;amp;amp;nbsp;Bu d\u00fczenleme kesinlikle mu\u011flak bir d\u00fczenleme de\u011fildir, a\u00e7\u0131kt\u0131r, nettir. Yeni bir d\u00fczenlemeye de ihtiya\u00e7 bulunmamaktad\u0131r.&amp;amp;amp;amp;amp;amp;amp;amp;amp;quot; dedi.&amp;amp;amp;amp;amp;amp;amp;amp;amp;nbsp;&amp;amp;amp;amp;amp;amp;amp;amp;lt;\/p&amp;amp;amp;amp;amp;amp;amp;amp;gt; &amp;amp;amp;amp;amp;amp;amp;amp;lt;p&amp;amp;amp;amp;amp;amp;amp;amp;gt; &amp;amp;amp;amp;amp;amp;amp;amp;lt;strong&amp;amp;amp;amp;amp;amp;amp;amp;gt;Af tart\u0131\u015fmalar\u0131&amp;amp;amp;amp;amp;amp;amp;amp;lt;\/strong&amp;amp;amp;amp;amp;amp;amp;amp;gt;&amp;amp;amp;amp;amp;amp;amp;amp;lt;\/p&amp;amp;amp;amp;amp;amp;amp;amp;gt; &amp;amp;amp;amp;amp;amp;amp;amp;lt;p&amp;amp;amp;amp;amp;amp;amp;amp;gt; &amp;amp;amp;amp;amp;amp;amp;amp;amp;quot;Af su\u00e7 i\u015fleyenler hakk\u0131nda yap\u0131l\u0131r. Su\u00e7lular hakk\u0131nda af yap\u0131l\u0131r.&amp;amp;amp;amp;amp;amp;amp;amp;amp;quot; ifadelerini kullanan Bozda\u011f, &amp;amp;amp;amp;amp;amp;amp;amp;amp;quot;15 Temmuz darbe te\u015febb\u00fcs\u00fcn\u00fc engelleyenler bir su\u00e7 i\u015flemediler. Meclisini m\u00fcdaafa etmek d\u00fcnyan\u0131n neresinde su\u00e7tur? Ortada bir su\u00e7 yok, olmayan bir su\u00e7un aff\u0131 da s\u00f6z konusu de\u011fildir. Buna af diyenler, darbenin ba\u015far\u0131s\u0131zl\u0131\u011f\u0131na \u00fcz\u00fclenlerdir. Darbe severlerdir bunlar. Darbecileri &#8216;niye ba\u015far\u0131s\u0131z oldun&#8217; diye itham edenlerdir. Biz darbecileri koruyan bir d\u00fczenleme mi yap\u0131yoruz? Hay\u0131r, darbecilere kar\u015f\u0131 m\u00fccadele eden, cumhuriyeti koruyan bir d\u00fczenleme yap\u0131yoruz. Bu do\u011fal bir \u015feydir. Bu d\u00fczenleme olmasa dahi 15 Temmuz darbe te\u015febb\u00fcs\u00fcne kar\u0131\u015fan vatanda\u015f\u0131m\u0131z\u0131 hi\u00e7 kimse su\u00e7layamaz. Hi\u00e7bir savc\u0131 soru\u015fturma ba\u015flatmay\u0131 akl\u0131n\u0131n ucundan ge\u00e7iremez.&amp;amp;amp;amp;amp;amp;amp;amp;amp;quot; de\u011ferlendirmesinde bulundu.&amp;amp;amp;amp;amp;amp;amp;amp;amp;nbsp;&amp;amp;amp;amp;amp;amp;amp;amp;lt;\/p&amp;amp;amp;amp;amp;amp;amp;amp;gt; &amp;amp;amp;amp;amp;amp;amp;amp;lt;p&amp;amp;amp;amp;amp;amp;amp;amp;gt; &amp;amp;amp;amp;amp;amp;amp;amp;lt;strong&amp;amp;amp;amp;amp;amp;amp;amp;gt;&amp;amp;amp;amp;amp;amp;amp;amp;amp;quot;Maalesef FET\u00d6&#8217;n\u00fcn beklentilerini kar\u015f\u0131layan bir iddia da bulunuyor&amp;amp;amp;amp;amp;amp;amp;amp;amp;quot;&amp;amp;amp;amp;amp;amp;amp;amp;lt;\/strong&amp;amp;amp;amp;amp;amp;amp;amp;gt;&amp;amp;amp;amp;amp;amp;amp;amp;lt;\/p&amp;amp;amp;amp;amp;amp;amp;amp;gt; &amp;amp;amp;amp;amp;amp;amp;amp;lt;p&amp;amp;amp;amp;amp;amp;amp;amp;gt; Ba\u015fbakan Yard\u0131mc\u0131s\u0131 Bozda\u011f, CHP&#8217;nin ele\u015ftirilerine \u015f\u00f6yle cevap verdi;&amp;amp;amp;amp;amp;amp;amp;amp;amp;nbsp;&amp;amp;amp;amp;amp;amp;amp;amp;lt;\/p&amp;amp;amp;amp;amp;amp;amp;amp;gt; &amp;amp;amp;amp;amp;amp;amp;amp;lt;p&amp;amp;amp;amp;amp;amp;amp;amp;gt; &amp;amp;amp;amp;amp;amp;amp;amp;amp;quot;Say\u0131n K\u0131l\u0131\u00e7daro\u011flu&#8217;nun grupta bir tak\u0131m a\u00e7\u0131klamalar\u0131 var. 15 Temmuz darbesini engellemek i\u00e7in meydanlara \u00e7\u0131km\u0131\u015f insanlar\u0131m\u0131z\u0131 kamu mal\u0131na zarar verdi. Sen tank\u0131n i\u00e7indeki askeri \u00e7\u0131kard\u0131n, \u00e7\u0131kar\u0131rken elini aya\u011f\u0131n\u0131 darp ettin diye bunlara kar\u015f\u0131 dava m\u0131 a\u00e7\u0131lacak? Benim g\u00f6rd\u00fc\u011f\u00fcm burada maalesef FET\u00d6&#8217;n\u00fcn beklentilerini kar\u015f\u0131layan bir iddia da bulunuyor. Bu tamamen yanl\u0131\u015ft\u0131r.&amp;amp;amp;amp;amp;amp;amp;amp;amp;quot;&amp;amp;amp;amp;amp;amp;amp;amp;amp;nbsp;&amp;amp;amp;amp;amp;amp;amp;amp;lt;\/p&amp;amp;amp;amp;amp;amp;amp;amp;gt; &amp;amp;amp;amp;amp;amp;amp;amp;lt;p&amp;amp;amp;amp;amp;amp;amp;amp;gt; &amp;amp;amp;amp;amp;amp;amp;amp;lt;strong&amp;amp;amp;amp;amp;amp;amp;amp;gt;KHK&#8217;lar\u0131n \u00e7\u0131k\u0131\u015f tarihi&amp;amp;amp;amp;amp;amp;amp;amp;amp;nbsp;&amp;amp;amp;amp;amp;amp;amp;amp;lt;\/strong&amp;amp;amp;amp;amp;amp;amp;amp;gt;&amp;amp;amp;amp;amp;amp;amp;amp;lt;\/p&amp;amp;amp;amp;amp;amp;amp;amp;gt; &amp;amp;amp;amp;amp;amp;amp;amp;lt;p&amp;amp;amp;amp;amp;amp;amp;amp;gt; Bozda\u011f, Kanun H\u00fckm\u00fcnde Kararname&#8217;lerin TBMM tatildeyken \u00e7\u0131kar\u0131lmas\u0131na y\u00f6nelik ele\u015ftirilere de, &amp;amp;amp;amp;amp;amp;amp;amp;amp;quot;KHK \u00e7\u0131karma yetkisini Anayasa, OHAL&#8217;in ilan edilmesi durumunda h\u00fck\u00fcmete vermektedir. Dolay\u0131s\u0131yla 15 Temmuz&#8217;dan sonra OHAL ilan etti\u011fimizde de Meclis tatildeydi. Meclisin \u00e7al\u0131\u015faca\u011f\u0131 sal\u0131, \u00e7ar\u015famba, per\u015fembe g\u00fcn\u00fc h\u00fck\u00fcmet kararname \u00e7\u0131kar\u0131r, bunun d\u0131\u015f\u0131ndaki g\u00fcnlerde kararname \u00e7\u0131karmaz&#8217; demek fevkalade b\u00fcy\u00fck bir yanl\u0131\u015fl\u0131kt\u0131r. Kararnamenin bir vakti yoktur. \u0130htiya\u00e7 duyulmas\u0131, ola\u011fan\u00fcst\u00fc halin gerektirdi\u011fi durumlar\u0131n var olmas\u0131 halinde h\u00fck\u00fcmet OHAL devam etti\u011fi s\u00fcrece Kanun H\u00fckm\u00fcnde Kararname \u00e7\u0131karabilir.&amp;amp;amp;amp;amp;amp;amp;amp;amp;quot; yan\u0131t\u0131n\u0131 verdi.&amp;amp;amp;amp;amp;amp;amp;amp;amp;nbsp;&amp;amp;amp;amp;amp;amp;amp;amp;amp;nbsp;&amp;amp;amp;amp;amp;amp;amp;amp;lt;\/p&amp;amp;amp;amp;amp;amp;amp;amp;gt; &amp;amp;amp;amp;amp;amp;amp;amp;lt;p&amp;amp;amp;amp;amp;amp;amp;amp;gt; &amp;amp;amp;amp;amp;amp;amp;amp;lt;em&amp;amp;amp;amp;amp;amp;amp;amp;gt;Kaynak: TRT Haber\/ AA&amp;amp;amp;amp;amp;amp;amp;amp;amp;nbsp;&amp;amp;amp;amp;amp;amp;amp;amp;lt;\/em&amp;amp;amp;amp;amp;amp;amp;amp;gt;&amp;amp;amp;amp;amp;amp;amp;amp;lt;\/p&amp;amp;amp;amp;amp;amp;amp;amp;gt;<\/p>\n<p>Ba\u015fbakan Yard\u0131mc\u0131s\u0131 Bekir Bozda\u011f, \u00c7ankaya K\u00f6\u015fk\u00fc&#8217;nde KHK ile ilgili bas\u0131n a\u00e7\u0131klamas\u0131 d\u00fczenledi.<\/p>\n<p>Bekir Bozda\u011f &#8220;O gece sadece vatanda\u015flar\u0131m\u0131z darbe te\u015febb\u00fc\u00fcs\u00fcn\u00fc engellemedi. 668 say\u0131l\u0131 KHK&#8217;da polis ve askerlerimiz i\u00e7in bir muafiyet getirildi. Vatanda\u015f\u0131m\u0131z\u0131n burada yapt\u0131\u011f\u0131 me\u015fru m\u00fcdafaayd\u0131. me\u015fru m\u00fcdafaa su\u00e7 de\u011fildir. O g\u00fcnlerde bu konuda bir ihtiya\u00e7 olabilir. Endi\u015fe eden olabilir diye bir d\u00fczenleme yap\u0131ld\u0131. Vatanda\u015flar\u0131m\u0131z i\u00e7in yap\u0131lmad\u0131. 15 Temmuz demokrasi destan\u0131n\u0131 yazan \u015fehit ve gazilerimize de sorumsuzluk hali \u00f6ng\u00f6r\u00fclmektedir. Olay tamamen bununla ilgilidir. 668 say\u0131l\u0131 KHK&#8217;da getirilen kural bu maddenin birinci f\u0131kras\u0131n\u0131 olu\u015fturuyor. Yeni madde ile getirdi\u011fimiz kural ikinci f\u0131kras\u0131n\u0131 olu\u015fturuyor. Bunlar birlikte de\u011ferlendirilmeli.&#8221; yorumunu yapt\u0131.<\/p>\n<p><strong>Ana muhalefetin ele\u015ftirileri<\/strong><\/p>\n<p>Yasan\u0131n 15 Temmuz&#8217;un \u00f6ncesini ve 16 Temmuz&#8217;un sonras\u0131n\u0131 kapsamad\u0131\u011f\u0131n\u0131 vurgulayan Bozda\u011f, ana muhalefet partisinin ele\u015ftirilerine \u015fu s\u00f6zlerle yan\u0131t verdi:<\/p>\n<p>&#8220;Kim ki bu d\u00fczenlemeyi 15 Temmuz, 16 Temmuz&#8217;dan sonraki s\u00fcreyi de kaps\u0131yor diye yorumluyorsa, \u00e7ok net s\u00f6yl\u00fcyorum, bu maddeleri ya do\u011fru d\u00fcr\u00fcst okumam\u0131\u015ft\u0131r, &#8216;yok arkada\u015f ben bu maddeleri okudum hem de dikkatle okudum&#8217; diyorsa o zaman okudu\u011funu anlam\u0131yordur. Bu okudu\u011funu anlamama veya anlama zorlu\u011fu olarak de\u011ferlendirmezsek k\u00f6t\u00fc niyetli bir yorumdur. Darbe te\u015febb\u00fcs\u00fc ya da devam\u0131 niteli\u011findeki eylemlerden bahsediliyor. Devam\u0131 niteli\u011findeki eylemler de ter\u00f6r eylemleri olarak kabul ediliyor. 15 Temmuz \u00f6ncesi ve 16 Temmuz sonras\u0131n\u0131 kapsam\u0131yor. Kim ki sonras\u0131n\u0131 kaps\u0131yor diye yorumluyorsa maddeleri do\u011fru d\u00fcr\u00fcst okumam\u0131\u015ft\u0131r.&#8221;<\/p>\n<p><strong>&#8220;K\u00f6t\u00fc niyetli yorumla kar\u015f\u0131 kar\u015f\u0131yay\u0131z&#8221;<\/strong><\/p>\n<p>&#8220;CHP&#8217;nin yorumlar\u0131 art niyetli yorumlar&#8221; diyen Bekir Bozda\u011f, &#8220;Okudu\u011fumu iyi anlad\u0131m diyorsa art niyetli yorum yap\u0131yordur. CHP&#8217;nin yorumlar\u0131 art niyetli yorumlar. Darbenin bast\u0131r\u0131lmas\u0131ndan sonraki s\u00fcreci kapsam\u0131yor. Bu madde gelece\u011fi d\u00fczenlemiyor. Bundan sonraki olaylar\u0131 d\u00fczenlemiyor. Ge\u00e7mi\u015fe d\u00f6n\u00fck hukuka uygunluk d\u00fczenlemesidir. Devlet \u00e7ete kuruyor demek ne demek, bu devlete hakarettir. Bunu s\u00f6yleyenler darbe kar\u015f\u0131s\u0131nda soka\u011fa \u00e7\u0131kanlara ne demek istiyorlar? T\u00fcrkiye&#8217;de bundan sonra kimse darbe yapamaz. Bir darbe te\u015febb\u00fcs\u00fc oldu\u011funda bu millet dersini verecektir. Ele\u015ftirenler vatanda\u015f\u0131 korkutuyor. B\u00fcy\u00fck bir k\u00f6t\u00fc niyetli yorumla kar\u015f\u0131 kar\u015f\u0131yay\u0131z.&#8221; de\u011ferlendirmesinde bulundu.<\/p>\n<p><strong>Metinde de\u011fi\u015fiklik<\/strong><\/p>\n<p>Metinde anla\u015f\u0131lmayan bir \u015fey olmad\u0131\u011f\u0131n\u0131 s\u00f6yleyen Bozda\u011f, &#8220;Bu metinde bir mu\u011flakl\u0131k yok. Anla\u015f\u0131lmayan hi\u00e7bir \u015fey yok. Metinde bir eksiklik olur, giderirsiniz. Bu metinde eksiklik, yanl\u0131\u015fl\u0131k, mu\u011flakl\u0131k yoktur. G\u00fcne\u015f gibi ortada her \u015fey. 668 say\u0131l\u0131 KHK&#8217;daki f\u0131krayla birlikte de\u011ferlendirildi\u011finde yap\u0131lan yorumlar\u0131n art niyetli ve \u00e7arp\u0131tma oldu\u011fu g\u00f6r\u00fclecektir. Bu d\u00fczenleme kesinlikle mu\u011flak bir d\u00fczenleme de\u011fildir, a\u00e7\u0131kt\u0131r, nettir. Yeni bir d\u00fczenlemeye de ihtiya\u00e7 bulunmamaktad\u0131r.&#8221; dedi.<\/p>\n<p><strong>Af tart\u0131\u015fmalar\u0131<\/strong><\/p>\n<p>Af, su\u00e7 i\u015feyene uygulan\u0131r yorumunu yapan Ba\u015fbakan Yard\u0131mc\u0131s\u0131 Bekir Bozda\u011f, &#8220;\u00d6rt\u00fcl\u00fc af demek \u015fehitlerimize hakarettir. 15 Temmuz kahramanlar\u0131 bir su\u00e7 i\u015flemediler. 15 Temmuz kahramanlar\u0131n\u0131 su\u00e7lu kabul ediyorsa CHP bunu a\u00e7\u0131klamal\u0131. Ortada bir su\u00e7 yok, olmayan bir su\u00e7un aff\u0131 da s\u00f6z konusu de\u011fildir. Buna af diyenler, darbenin ba\u015far\u0131s\u0131zl\u0131\u011f\u0131na \u00fcz\u00fclenlerdir. Darbe severlerdir bunlar. Darbecileri &#8216;niye ba\u015far\u0131s\u0131z oldun&#8217; diye itham edenlerdir. &#8221; a\u00e7\u0131klamas\u0131n\u0131 yapt\u0131.<\/p>\n<p><strong>&#8220;CHP, FET\u00d6&#8217;n\u00fcn beklentilerini kar\u015f\u0131layan bir iddiada bulunuyor&#8221;<\/strong><\/p>\n<p>&#8220;Peki neden getirdik biz bunu? FET\u00d6&#8217;n\u00fcn baz\u0131 ter\u00f6ristleri ve s\u00f6zc\u00fcl\u00fc\u011f\u00fcn\u00fc yapan CHP, darbeyi engelleyen kahramanlar \u00fczerinden onlar\u0131 tehdit eden a\u00e7\u0131klamalar\u0131 oldu. &#8216;Bunlar yarg\u0131lanacaklar. Gazilere y\u00f6nelik tehditleri oldu. 15 Temmuz&#8217;u engellemek i\u00e7in meydanlara \u00e7\u0131km\u0131\u015f insanlar\u0131 kamu mal\u0131na zarar vermekle su\u00e7lad\u0131lar. Bu kahramanlara soru\u015fturma m\u0131 a\u00e7\u0131lacak? Olacak i\u015f mi bu? Herkes ne d\u00fc\u015f\u00fcn\u00fcyorsa a\u00e7\u0131k a\u00e7\u0131k s\u00f6ylemeli. FET\u00d6&#8217;n\u00fcn beklentilerini kar\u015f\u0131layan bir iddiada bulunuluyor. Bundan sonraki s\u00fcre\u00e7te vatanda\u015flar\u0131m\u0131z\u0131n yapaca\u011f\u0131 eylemleri kapsamamaktad\u0131r.&#8221;<\/p>\n<p><strong>KHK&#8217;lar\u0131n \u00e7\u0131kar\u0131ld\u0131\u011f\u0131 tarihler<\/strong><\/p>\n<p>Bozda\u011f, KHK&#8217;lar\u0131n \u00e7\u0131kar\u0131ld\u0131\u011f\u0131 tarihte Meclisin tatil oldu\u011fu ele\u015ftirilerine de \u015fu s\u00f6zlerle yan\u0131t verdi:<\/p>\n<p>&#8220;&#8216;Meclisin \u00e7al\u0131\u015faca\u011f\u0131 sal\u0131, \u00e7ar\u015famba, per\u015fembe g\u00fcn\u00fc h\u00fck\u00fcmet kararname \u00e7\u0131kar\u0131r, bunun d\u0131\u015f\u0131ndaki g\u00fcnlerde kararname \u00e7\u0131karmaz&#8217; demek fevkalade b\u00fcy\u00fck bir yanl\u0131\u015fl\u0131kt\u0131r. Kararnamenin bir vakti yoktur. \u0130htiya\u00e7 duyulmas\u0131, ola\u011fan\u00fcst\u00fc halin gerektirdi\u011fi durumlar\u0131n var olmas\u0131 halinde h\u00fck\u00fcmet OHAL devam etti\u011fi s\u00fcrece kanun h\u00fckm\u00fcne kararname \u00e7\u0131karabilir.&#8221;<\/p>\n<p>Ba\u015fbakan Yard\u0131mc\u0131s\u0131 @bybekirbozdag sorular\u0131 cevapl\u0131yor. https:\/\/t.co\/tBdn2dreLk<\/p>\n<p>\u2014 TRT Haber Canl\u0131 (@trthabercanli) 26 Aral\u0131k 2017<\/p>\n<p>Kaynak: TRT Haber\/AA<\/p>\n","protected":false},"excerpt":{"rendered":"<p>Ba\u015fbakan Yard\u0131mc\u0131s\u0131 Bekir Bozda\u011f, KHK ile ilgili a\u00e7\u0131klama yapt\u0131. Ele\u015ftirilere cevap veren Bozda\u011f, &#8220;K\u00f6t\u00fc niyetle kar\u015f\u0131 kar\u015f\u0131yay\u0131z.&#8221; dedi.<\/p>\n","protected":false},"author":1000097,"featured_media":2425,"comment_status":"open","ping_status":"closed","sticky":false,"template":"","format":"standard","meta":[],"categories":[85],"tags":[],"_links":{"self":[{"href":"https:\/\/www.vizyon2023.com.tr\/index.php\/wp-json\/wp\/v2\/posts\/2424"}],"collection":[{"href":"https:\/\/www.vizyon2023.com.tr\/index.php\/wp-json\/wp\/v2\/posts"}],"about":[{"href":"https:\/\/www.vizyon2023.com.tr\/index.php\/wp-json\/wp\/v2\/types\/post"}],"author":[{"embeddable":true,"href":"https:\/\/www.vizyon2023.com.tr\/index.php\/wp-json\/wp\/v2\/users\/1000097"}],"replies":[{"embeddable":true,"href":"https:\/\/www.vizyon2023.com.tr\/index.php\/wp-json\/wp\/v2\/comments?post=2424"}],"version-history":[{"count":0,"href":"https:\/\/www.vizyon2023.com.tr\/index.php\/wp-json\/wp\/v2\/posts\/2424\/revisions"}],"wp:featuredmedia":[{"embeddable":true,"href":"https:\/\/www.vizyon2023.com.tr\/index.php\/wp-json\/wp\/v2\/media\/2425"}],"wp:attachment":[{"href":"https:\/\/www.vizyon2023.com.tr\/index.php\/wp-json\/wp\/v2\/media?parent=2424"}],"wp:term":[{"taxonomy":"category","embeddable":true,"href":"https:\/\/www.vizyon2023.com.tr\/index.php\/wp-json\/wp\/v2\/categories?post=2424"},{"taxonomy":"post_tag","embeddable":true,"href":"https:\/\/www.vizyon2023.com.tr\/index.php\/wp-json\/wp\/v2\/tags?post=2424"}],"curies":[{"name":"wp","href":"https:\/\/api.w.org\/{rel}","templated":true}]}}