{"id":2418,"date":"2017-12-27T10:42:51","date_gmt":"2017-12-27T08:42:51","guid":{"rendered":"http:\/\/www.vizyon2023.com.tr\/index.php\/2017\/12\/27\/basbakan-binali-yildirim-bu-insanlari-korumak-boynumuzun-borcudur\/"},"modified":"2017-12-27T10:42:51","modified_gmt":"2017-12-27T08:42:51","slug":"basbakan-binali-yildirim-bu-insanlari-korumak-boynumuzun-borcudur","status":"publish","type":"post","link":"https:\/\/www.vizyon2023.com.tr\/index.php\/2017\/12\/27\/basbakan-binali-yildirim-bu-insanlari-korumak-boynumuzun-borcudur\/","title":{"rendered":"Ba\u015fbakan Binali Y\u0131ld\u0131r\u0131m: Bu insanlar\u0131 korumak boynumuzun borcudur"},"content":{"rendered":"<p>Ba\u015fbakan Binali Y\u0131ld\u0131r\u0131m Suudi Arabistan&#8217;a hareketi \u00f6ncesi Esenbo\u011fa Havaliman\u0131nda bas\u0131n toplant\u0131s\u0131nda konu\u015ftu.<\/p>\n<p>Ba\u015fbakan Y\u0131ld\u0131r\u0131m, 696 say\u0131l\u0131 KHK&#8217;nin 121. maddesiyle ilgili tart\u0131\u015fmalarla ilgili, &#8220;Darbeyi \u00f6nlemek ad\u0131na memleketin, milletin gelece\u011fi y\u00f6n\u00fcnde durumdan vazife \u00e7\u0131karan vatanda\u015f varsa ki oldu 15 Temmuz gecesi, milyonlar soka\u011fa indi. Bu insanlar\u0131 korumak bizim boynumuzun borcudur. Aksi halde darbelere g\u00f6z k\u0131rpmak anlam\u0131na gelir. Darbelere kar\u015f\u0131 vatanda\u015f\u0131n kararl\u0131 duru\u015funu, cesaretini k\u0131rmak anlam\u0131na gelir. Mesele do\u011fru zeminde ele al\u0131nmal\u0131d\u0131r. Yap\u0131lan d\u00fczenleme darbe te\u015febb\u00fcs\u00fc ve akabinde meydana gelen olaylar\u0131 \u00f6nlemek i\u00e7in soka\u011fa inen, hayat\u0131na ortaya koyan vatanda\u015flar\u0131m\u0131z\u0131 korumaya y\u00f6nelik bir d\u00fczenlemedir. Mesele bu kadar a\u00e7\u0131k ve nettir. Kimse ba\u015fka bir tarafa \u00e7ekmesin.&#8221; dedi.<\/p>\n<p><strong>&#8216;Ana muhalefet partisi darbeye kar\u015f\u0131 m\u0131d\u0131r, de\u011fil midir?&#8217;<\/strong><\/p>\n<p>Y\u0131ld\u0131r\u0131m konuyla ilgili \u015fu ifadeleri kulland\u0131:<\/p>\n<p>&#8220;Bu konu\u015fmalar\u0131n hepsi bo\u015f konu\u015fmalard\u0131r, onu a\u00e7\u0131k\u00e7a s\u00f6yleyeyim. Sebebi \u015fu, \u00fclkemizde bir 15 Temmuz darbesi olmu\u015ftur, 16 Temmuz g\u00fcn\u00fc de darbe giri\u015fimi ve akabindeki ter\u00f6r olaylar\u0131 bast\u0131r\u0131larak milli irade hakim hale gelmi\u015ftir. Ben \u015funu sormak istiyorum, bu g\u00f6r\u00fc\u015flerini ifade edenler \u00f6zellikle ana muhalefet partisi darbeye kar\u015f\u0131 m\u0131d\u0131r, de\u011fil midir? Darbe zaman\u0131 millet soka\u011fa \u00e7\u0131km\u0131\u015f, resmi g\u00f6revli olan, olmayan, \u00fclkesine, bayra\u011f\u0131na, vatan\u0131na sahip \u00e7\u0131kan herkes bu darbeye kar\u015f\u0131 koymu\u015ftur. Dolay\u0131s\u0131yla darbeye kar\u015f\u0131 koyan vatanda\u015flar\u0131m\u0131z\u0131n kanuni koruma alt\u0131na al\u0131nmas\u0131ndan daha do\u011fru bir \u015fey yoktur. Buna kar\u015f\u0131 \u00e7\u0131kmak demek vatanda\u015flar\u0131m\u0131za &#8216;Niye bu darbeye kar\u015f\u0131 \u00e7\u0131kt\u0131n\u0131z&#8217; demektir.&#8221;<\/p>\n<p><strong>&#8216;Ana muhalefet partisi \u015fehitlerimizin kemiklerini s\u0131zlat\u0131yor&#8217;<\/strong><\/p>\n<p>Ba\u015fbakan Y\u0131ld\u0131r\u0131m, &#8220;CHP&#8217;nin belli ki darbe konusunda kafa kar\u0131\u015f\u0131kl\u0131\u011f\u0131 devam ediyor. Ba\u015f\u0131ndan beri bu darbe te\u015febb\u00fcs\u00fcne bir t\u00fcrl\u00fc inanmam\u0131\u015ft\u0131 ve ayn\u0131 tutumunu belli ki s\u00fcrd\u00fcr\u00fcyor. Ana muhalefet partisi b\u00f6yle davranmakla \u015fehitlerimizin kemiklerini s\u0131zlat\u0131yor, gazilerimizi ve yak\u0131nlar\u0131n\u0131 fevkalade rahats\u0131z ediyor. Bu tutum ve davran\u0131\u015f asla kabul edilemez.&#8221; dedi.<\/p>\n<p><strong>&#8216;KHK&#8217;nin 121. Maddesinde Hi\u00e7bir d\u00fczeltme yap\u0131lmayacak&#8217;<\/strong><\/p>\n<p>Y\u0131ld\u0131r\u0131m, 696 say\u0131l\u0131 KHK&#8217;nin 121. maddesiyle ilgili tart\u0131\u015fmalar hakk\u0131nda \u015funlar\u0131 s\u00f6yledi:<\/p>\n<p>&#8220;Hi\u00e7bir d\u00fczeltme yap\u0131lmayacak, dilinde falan da bir sorun yok. D\u00fczenleme, 667-668&#8217;deki d\u00fczenlemedeki kullan\u0131lan hukuki terimlerin tamamen ayn\u0131s\u0131d\u0131r. Darbe zaman\u0131 yap\u0131lm\u0131\u015f bu d\u00fczenleme hi\u00e7 konu\u015fulmuyor, ona yap\u0131lan k\u00fc\u00e7\u00fck bir ilave, sivillerin de o darbede kar\u015f\u0131 koyan, darbecilerle m\u00fccadele eden sivillerin de korunmas\u0131n\u0131 esas alan bir ilave yap\u0131lm\u0131\u015ft\u0131r. O zaman g\u00fcndem olmayan, sorun olmayan \u015fey bug\u00fcn neden g\u00fcndeme ta\u015f\u0131nm\u0131\u015ft\u0131r; bunu anlamak m\u00fcmk\u00fcn de\u011fil.&#8221;<\/p>\n<p><strong>Ba\u015fbakan Y\u0131ld\u0131r\u0131m Suudi Arabistan&#8217;a gitti<\/strong><\/p>\n<p>Ba\u015fbakan Y\u0131ld\u0131r\u0131m, \u00f6zel u\u00e7ak &#8220;CAN&#8221; ile saat 07.20&#8217;de Suudi Arabistan&#8217;\u0131n ba\u015fkenti Riyad&#8217;a hareket etti.<\/p>\n<p>Y\u0131ld\u0131r\u0131m ile beraberinde e\u015fi Semiha Y\u0131ld\u0131r\u0131m, Ba\u015fbakan Yard\u0131mc\u0131s\u0131 Hakan \u00c7avu\u015fo\u011flu, \u00c7al\u0131\u015fma ve Sosyal G\u00fcvenlik Bakan\u0131 J\u00fclide Sar\u0131ero\u011flu, Sa\u011fl\u0131k Bakan\u0131 Ahmet Demircan da Riyad&#8217;a gitti.<\/p>\n<p>Ba\u015fbakan Y\u0131ld\u0131r\u0131m, resmi ziyareti kapsam\u0131nda Suudi Arabistan Kral\u0131 Selman bin Abdulaziz ile Veliaht Prens ve Savunma Bakan\u0131 Muhammed bin Selman&#8217;la bir araya gelecek.<\/p>\n<p>G\u00f6r\u00fc\u015fmelerde, Suudi Arabistan ile ikili ili\u015fkilerin yan\u0131 s\u0131ra b\u00f6lgesel ve uluslararas\u0131 meseleler ele al\u0131nacak.<\/p>\n<p>Kaynak: AA<\/p>\n","protected":false},"excerpt":{"rendered":"<p>Ba\u015fbakan Y\u0131ld\u0131r\u0131m, 696 say\u0131l\u0131 KHK&#8217;nin 121. maddesiyle ilgili tart\u0131\u015fmalar hakk\u0131nda, &#8220;15 Temmuz gecesi, milyonlar soka\u011fa indi. Bu insanlar\u0131 korumak boynumuzun borcudur.&#8221; dedi.<\/p>\n","protected":false},"author":1000097,"featured_media":2419,"comment_status":"open","ping_status":"closed","sticky":false,"template":"","format":"standard","meta":[],"categories":[85],"tags":[],"_links":{"self":[{"href":"https:\/\/www.vizyon2023.com.tr\/index.php\/wp-json\/wp\/v2\/posts\/2418"}],"collection":[{"href":"https:\/\/www.vizyon2023.com.tr\/index.php\/wp-json\/wp\/v2\/posts"}],"about":[{"href":"https:\/\/www.vizyon2023.com.tr\/index.php\/wp-json\/wp\/v2\/types\/post"}],"author":[{"embeddable":true,"href":"https:\/\/www.vizyon2023.com.tr\/index.php\/wp-json\/wp\/v2\/users\/1000097"}],"replies":[{"embeddable":true,"href":"https:\/\/www.vizyon2023.com.tr\/index.php\/wp-json\/wp\/v2\/comments?post=2418"}],"version-history":[{"count":0,"href":"https:\/\/www.vizyon2023.com.tr\/index.php\/wp-json\/wp\/v2\/posts\/2418\/revisions"}],"wp:featuredmedia":[{"embeddable":true,"href":"https:\/\/www.vizyon2023.com.tr\/index.php\/wp-json\/wp\/v2\/media\/2419"}],"wp:attachment":[{"href":"https:\/\/www.vizyon2023.com.tr\/index.php\/wp-json\/wp\/v2\/media?parent=2418"}],"wp:term":[{"taxonomy":"category","embeddable":true,"href":"https:\/\/www.vizyon2023.com.tr\/index.php\/wp-json\/wp\/v2\/categories?post=2418"},{"taxonomy":"post_tag","embeddable":true,"href":"https:\/\/www.vizyon2023.com.tr\/index.php\/wp-json\/wp\/v2\/tags?post=2418"}],"curies":[{"name":"wp","href":"https:\/\/api.w.org\/{rel}","templated":true}]}}