{"id":2409,"date":"2017-12-26T09:26:53","date_gmt":"2017-12-26T07:26:53","guid":{"rendered":"http:\/\/www.vizyon2023.com.tr\/index.php\/2017\/12\/26\/calisma-ve-sosyal-guvenlik-bakani-julide-sarieroglu-1-milyon-kisiyi-kapsayan-bir-duzenleme-yapildi\/"},"modified":"2017-12-26T09:26:53","modified_gmt":"2017-12-26T07:26:53","slug":"calisma-ve-sosyal-guvenlik-bakani-julide-sarieroglu-1-milyon-kisiyi-kapsayan-bir-duzenleme-yapildi","status":"publish","type":"post","link":"https:\/\/www.vizyon2023.com.tr\/index.php\/2017\/12\/26\/calisma-ve-sosyal-guvenlik-bakani-julide-sarieroglu-1-milyon-kisiyi-kapsayan-bir-duzenleme-yapildi\/","title":{"rendered":"\u00c7al\u0131\u015fma ve Sosyal G\u00fcvenlik Bakan\u0131 J\u00fclide Sar\u0131ero\u011flu: 1 milyon ki\u015fiyi kapsayan bir d\u00fczenleme yap\u0131ld\u0131"},"content":{"rendered":"<p>\u00c7al\u0131\u015fma ve Sosyal G\u00fcvenlik Bakan\u0131 J\u00fclide Sar\u0131ero\u011flu, &#8220;1 milyon ki\u015fiyi kapsayan bir d\u00fczenleme yapt\u0131k. 4C stat\u00fcs\u00fcn\u00fc tamemen ortadan kald\u0131r\u0131yoruz. 4C&#8217;liler 4B stat\u00fcs\u00fcne ge\u00e7irilecek. Kadroya ge\u00e7ildikten sonra maa\u015flarda art\u0131\u015f olacak. Kadroya k\u0131demle birlikte ge\u00e7i\u015f olacak. Ta\u015feron firmalar da ma\u011fdur edilmeyecek, tazminatlar\u0131 hemen \u00f6denecek.&#8221; dedi.<\/p>\n<p>Bakan Sar\u0131ero\u011flu, TRT Haber ve Spor Yay\u0131nlar\u0131 Dairesi Ba\u015fkan\u0131 Ya\u015far Ta\u015fk\u0131n Ko\u00e7&#8217;a yapt\u0131\u011f\u0131 a\u00e7\u0131klamada ta\u015feron i\u015f\u00e7ileri kadroya alan d\u00fczenlemede i\u015fvereni de d\u00fc\u015f\u00fcnd\u00fcklerini bu kapsamdailgili Ticaret Odalar\u0131, TOBB Ba\u015fkan\u0131 ile isti\u015farelerini s\u00fcrd\u00fcrd\u00fcklerini bildirdi.<\/p>\n<p>A\u00e7\u0131klamalar\u0131na, Hakkari&#8217;de bug\u00fcn \u015fehit d\u00fc\u015fen askerlerimize Allah&#8217;tan rahmet dileyerek ba\u015flayan Sar\u0131ero\u011flu, \u015funlar\u0131 kaydetti:<\/p>\n<p>Ger\u00e7ekten uzun bir \u00e7al\u0131\u015fma d\u00f6nemini geride b\u0131rakarak, titizlikle, hassasiyetle y\u00fcr\u00fctt\u00fc\u011f\u00fcm\u00fcz s\u00fcrecimizin sonuna gelmi\u015f olmaktan b\u00fcy\u00fck bir memnuniyet duyuyoruz. Rakamlar konusunda farkl\u0131 yerlere \u00e7ekmek, bu i\u015fi g\u00f6lgelemeye y\u00f6nelik \u00e7al\u0131\u015fmalar s\u00f6z konusu oldu. Say\u0131n Cumhurba\u015fkan\u0131m\u0131z 5 Aral\u0131k itibariyle AK Parti grup toplant\u0131s\u0131nda bir a\u00e7\u0131klama yapm\u0131\u015ft\u0131 bu konu ile ilgili; &#8220;Bundan sonra kamudan ta\u015feronu ortadan kald\u0131r\u0131yoruz&#8221; diye. O g\u00fcn say\u0131n Cumhurba\u015fkan\u0131m\u0131z hangi a\u00e7\u0131klamay\u0131 yapt\u0131ysa, bug\u00fcn biz ayn\u0131 \u015fekilde d\u00fczenleme yapm\u0131\u015f durumday\u0131z. \u00d6ncelikle bunu ifade etmem gerekiyor. 1 milyon ki\u015fiyi i\u00e7ine alan bir \u00e7al\u0131\u015fma i\u00e7erisinde olduk bu d\u00f6nemde. Bug\u00fcne kadar bu kadar ki\u015fiye dokunan direk olarak ya\u015famlar\u0131na, gelirlerine, hanelerine pozitif katk\u0131 sa\u011flayacak b\u00f6ylesine bir d\u00fczenleme ger\u00e7ekle\u015fmemi\u015fti.<\/p>\n<p>\u00c7al\u0131\u015fma ve Sosyal G\u00fcvenlik Bakan\u0131 J\u00fclide Sar\u0131ero\u011flu: 1 milyon ki\u015fiye dokunan \u00f6nemli bir d\u00fczenleme yapt\u0131k. https:\/\/t.co\/GSildbPSSt pic.twitter.com\/5NHyNJ7S20<\/p>\n<p>\u2014 TRT Haber Canl\u0131 (@trthabercanli) 25 Aral\u0131k 2017<\/p>\n<p><strong>Kamuda bundan sonra personel al\u0131m\u0131na dayal\u0131 hizmet ihalesi yap\u0131lmayacak<\/strong><\/p>\n<p>D\u00f6rt a\u015famal\u0131 bir \u00e7al\u0131\u015fma ger\u00e7ekle\u015ftirdik. Birinci a\u015famam\u0131zda, 5018 say\u0131l\u0131 Merkezi B\u00fct\u00e7e Kanunu ile d\u00fczenlenen genel b\u00fct\u00e7eden pay alan b\u00fct\u00fcm kamu kurum ve kurulu\u015flar\u0131m\u0131z \u00e7al\u0131\u015fmam\u0131z\u0131n kapsam\u0131na al\u0131nd\u0131. \u00d6zel b\u00fct\u00e7eli idarelerimiz de \u00e7al\u0131\u015fmam\u0131z\u0131n kapsam\u0131nda, denetleyici ve d\u00fczenleyici kurulu\u015flar\u0131m\u0131z, sosyal g\u00fcvenlik kurulu\u015flar\u0131m\u0131z bu ilk a\u015famadaki \u00e7al\u0131\u015fmam\u0131z\u0131n kapsam\u0131nda. D\u00fcn de bu kapsama giren kurulu\u015flar\u0131n listelerini yay\u0131nlad\u0131k. T\u00fcm kamu kurum ve kurulu\u015flar\u0131m\u0131zda bundan sonra personel al\u0131m\u0131na dayal\u0131 hizmet ihalesi yap\u0131lmayacak. Ta\u015feron konusunu kamunun g\u00fcndeminden art\u0131k kald\u0131r\u0131yoruz. Burada 450 bin ki\u015fi s\u00fcrekli kamu i\u015f\u00e7isi kadrosuna ge\u00e7mi\u015f olacak. 657 say\u0131l\u0131 Devlet Memurlar\u0131 Kanunu&#8217;nun 4\/D stat\u00fcs\u00fcnde bundan sonra istihdam edilecekler.<\/p>\n<p>Bundan sonra \u00e7al\u0131\u015fmak daha da k\u0131ymetli hale gelecek. Yerel y\u00f6netimlerimiz, mahalli idadelerimiz ile ilgili ger\u00e7ekle\u015ftirdi\u011fimiz ikinci \u00e7al\u0131\u015fmam\u0131z var. Burada il \u00f6zel idarelerimiz, belediyelerimiz, belediyelerimizin \u015firketleri, mahalli idare birliklerimiz kapsamda. Buralarda da yakla\u015f\u0131k 450 bin ki\u015fi, 400 bin ki\u015fi idi bu 450 bine y\u00fckseldi. \u00c7\u00fcnk\u00fc belediyelerimizin yan\u0131nda, belediye i\u015ftirakleri ve \u015firketlerinde de bundan sonra personel al\u0131m\u0131na dayal\u0131 hizmet ihalesi yap\u0131lmayacak kural\u0131n\u0131 a\u00e7\u0131k\u00e7a d\u00fcn yay\u0131nlad\u0131\u011f\u0131m\u0131z KHK&#8217;ye koyduk. B\u00f6yle olunca 50 bin ki\u015fi daha kapsama dahil olmu\u015f oldu. Bu anlamda b\u00fct\u00fcn az \u00f6nce sayd\u0131\u011f\u0131m belediyelerimiz, il \u00f6zel idarelerimiz, belediyelerimizin \u015firketleri, i\u015ftirakleri, mahalli idare birliklerimizde bundan sonra &#8216;ta\u015feron \u00e7al\u0131\u015fma&#8217; g\u00fcndemden kalkm\u0131\u015f durumda. Bu \u015firketlerin, belediye i\u015ftiraklerinin direk eleman\u0131 olacaklar.<\/p>\n<p>Burada \u00e7ok \u00f6nemli olan bir konu da \u00e7al\u0131\u015fmalar\u0131m\u0131z\u0131 yaparken birazc\u0131k b\u00f6yle bilgiler d\u0131\u015far\u0131ya \u00e7\u0131km\u0131\u015f ama eksik yada yanl\u0131\u015f \u00e7\u0131km\u0131\u015ft\u0131. \u00c7\u00f6p toplama, park bah\u00e7e ve temizlik i\u015fleri ile ilgili de biz t\u00fcm ihale \u015fekillerini ortadan kald\u0131r\u0131yoruz. Bundan sonra belediyelerimiz bu hizmetlerini her t\u00fcrl\u00fc hizmet al\u0131m\u0131 da olsa, personel al\u0131m\u0131 da olsa belediye i\u015ftirakleri ve \u015firketleri eliyle ger\u00e7ekle\u015ftirecekler. Bu alanda hi\u00e7bir \u015fekilde bundan sonra belediye ve i\u015ftirak \u00e7al\u0131\u015fanlar\u0131 d\u0131\u015f\u0131nda kimseye i\u015f yapt\u0131ramayacaklar. Bundan sonra belediye i\u015ftiraklerinde i\u015fe girmek kural\u0131 bir sisteme kavu\u015fmu\u015f olacak. \u00d6yle kolay bir i\u015fe giri\u015f sistemi olmayacak. Arac\u0131 kurumlar aradan kalk\u0131yor. Bu konuda \u0130\u00e7i\u015fleri Bakanl\u0131\u011f\u0131m\u0131z, Maliye Bakanl\u0131\u011f\u0131m\u0131z ve Devlet Personel Ba\u015fkanl\u0131\u011f\u0131m\u0131z\u0131n g\u00f6r\u00fc\u015fleri do\u011frultusunda \u0130\u00e7i\u015fleri Bakanl\u0131\u011f\u0131m\u0131z bir esas usullerle ilgili bir d\u00fczenleme ger\u00e7ekle\u015ftirecek. Bu d\u00fczenleme Bakanlar Kurulumuza getirecek. Bundan sonra i\u015fe al\u0131mlarda i\u015fyerlerindeki \u015fartlarla ilgili \u0130\u00e7i\u015fleri Bakanl\u0131\u011f\u0131m\u0131z\u0131n \u00e7ok ciddi yetkileri olmu\u015f olacak.<\/p>\n<p>\u00c7al\u0131\u015fma ve Sosyal G\u00fcvenlik Bakan\u0131 J\u00fclide Sar\u0131ero\u011flu: 4 Aral\u0131k 2017\u2019ye kadar ta\u015feron olarak \u00e7al\u0131\u015fanlar kadroya ge\u00e7irilecek.https:\/\/t.co\/GSildbPSSt pic.twitter.com\/gmbDbYU05r<\/p>\n<p>\u2014 TRT Haber Canl\u0131 (@trthabercanli) 25 Aral\u0131k 2017<\/p>\n<p>\u00dc\u00e7\u00fcnc\u00fc \u00e7al\u0131\u015fmam\u0131z, mevsimlik ge\u00e7ici i\u015f\u00e7ilerimiz ile ilgili. 5 ay 29 g\u00fcn \u00e7al\u0131\u015fan emek\u00e7i grubumuzun y\u0131llard\u0131r talepleri vard\u0131. Bunlara 4 ay daha \u00e7al\u0131\u015fma imkan\u0131 getiriyoruz.<\/p>\n<p><strong>4\/C stat\u00fcs\u00fcn\u00fc tamamen ortadan kald\u0131r\u0131yoruz 4\/C&#8217;liler 4\/B stat\u00fcs\u00fcne ge\u00e7irilecek<\/strong><\/p>\n<p>D\u00f6rd\u00fcnc\u00fc \u00e7al\u0131\u015fmam\u0131z da, 4\/C stat\u00fcs\u00fcnde \u00e7al\u0131\u015fan, \u00f6zelle\u015ftirme ile gelen di\u011fer taraftan TBMM&#8217;de, Y\u00fcksek Se\u00e7im Kurulunda, T\u00dc\u0130K&#8217;te mesela anket\u00f6rlerimiz vard\u0131. Bu grup y\u0131llardan beri bir talep i\u00e7erisindeydi. G\u00f6reve geldikten sonra ben kamu g\u00f6revleriyle, toplu s\u00f6zle\u015fme s\u00fcrecini y\u00fcr\u00fctme ile ba\u015flad\u0131m g\u00f6reve. Masam\u0131z\u0131n temel g\u00fcndem maddelerinin birisi bu 4\/C&#8217;deki arkada\u015flar\u0131m\u0131zd\u0131. Daha \u00f6nceki toplu s\u00f6zle\u015fmede bir temenni maddesi olarak ele al\u0131nm\u0131\u015f bir konuydu. Buradaki karde\u015flerimizin tamam\u0131n\u0131 4\/B stat\u00fcs\u00fcne ge\u00e7iriyoruz ve 4\/C stat\u00fcs\u00fcn\u00fc de ortadan kald\u0131r\u0131yoruz. Bundan sonra \u00fclkemizde 4\/C&#8217;li \u00e7al\u0131\u015fma \u015fekli s\u00f6zkonusu olmayacak. Bu stat\u00fc karma\u015falar\u0131n\u0131 bu \u00e7al\u0131\u015fmalar\u0131 yaparken de ya\u015fad\u0131k. \u00c7al\u0131\u015fma \u015fartlar\u0131n\u0131 daha iyi hale getirmek temel hedefimiz. \u00c7al\u0131\u015fmalar\u0131 yaparken bu ihaleleri ortadan kald\u0131raca\u011f\u0131m\u0131z i\u00e7in ta\u015feron firmalarda 12 ay\u0131n alt\u0131nda yap\u0131lan ihaleler oldu\u011funu da tespit ettik. Milli E\u011fitim Bakanl\u0131\u011f\u0131m\u0131z\u0131n, Sa\u011fl\u0131k Bakanl\u0131\u011f\u0131m\u0131z\u0131n d\u00f6nemsel i\u015fleri ile ilgili, orada da yakla\u015f\u0131k 40-50 bin ki\u015filik bir grubumuz vard\u0131. Bundan sonra b\u00f6yle ihaleler yap\u0131lmayaca\u011f\u0131 i\u00e7in bu kapsama onlar\u0131 da dahil ettik. 12 ay\u0131n alt\u0131nda ama s\u00fcrekli i\u015f olan konularda buradaki karde\u015flerimizi ge\u00e7ici i\u015f\u00e7i stat\u00fcs\u00fcne ald\u0131k. B\u00f6ylece 4\/B&#8217;nin i\u00e7erisinde ge\u00e7ici i\u015f\u00e7i pozisyonunda bundan sonra \u00e7al\u0131\u015fmalar\u0131n\u0131 s\u00fcrd\u00fcrecekler. 1 milyon ki\u015fiye dokunan ger\u00e7ekten \u00f6nemli bir d\u00fczenleme yapt\u0131k. T\u00fcm \u00e7al\u0131\u015fanlar\u0131m\u0131za t\u00fcm emek\u00e7ilerimize hay\u0131rl\u0131 olmas\u0131n\u0131 temenni ediyorum.<\/p>\n<p><strong>Ba\u015fvuru s\u00fcresi 10 g\u00fcn olacak<\/strong><\/p>\n<p>2 Ocak 2018 itibari ile ba\u015fvurular\u0131 almaya ba\u015flayaca\u011f\u0131z. 10 g\u00fcnl\u00fck bir ba\u015fvuru s\u00fcresi olacak. Bir de de\u011ferlendirme s\u00fcresi olacak ve bir s\u0131nav s\u00fcreci ba\u015flayacak. Bu arkada\u015flar\u0131m\u0131z y\u0131llard\u0131r kamuda \u00e7al\u0131\u015fan ki\u015filer. Alt i\u015fveren i\u015f\u00e7isi de olsalar milletimize, vatanda\u015flar\u0131m\u0131za alanlar\u0131nda hizmet ediyorlar. Yeterliliklerini ortaya koymu\u015flar ki buralarda \u00e7al\u0131\u015f\u0131yorlar. Biz bu s\u0131nav\u0131 toplum vicdan\u0131 a\u00e7\u0131s\u0131ndan ortaya koyduk. \u015eu anda hali haz\u0131rda kamu i\u015f\u00e7isi olmak i\u00e7in KPSS ile \u0130\u015fkur&#8217;a ba\u015fvurma durumu var. Oradan kurumlar\u0131m\u0131za \u0130\u015fkur arac\u0131l\u0131\u011f\u0131 ile g\u00f6nderiyoruz. Liste alt\u0131 olanlar\u0131 da kura ile belirliyoruz. O anlamda bu sistemin uyumlu olmas\u0131 a\u00e7\u0131s\u0131ndan b\u00f6yle bir mekanizmay\u0131 toplum vicdan\u0131 a\u00e7\u0131s\u0131ndan koymam\u0131z gerekiyordu. Bir s\u0131nav ger\u00e7ekle\u015ftirece\u011fiz. Bunlar da yetkinlikleriyle ba\u011flant\u0131l\u0131 olacak. Eleme amac\u0131 ta\u015f\u0131m\u0131yoruz. S\u00fcre\u00e7 i\u00e7erisinde de aksayan \u015feyler olursa isti\u015fare ile payda\u015flar\u0131m\u0131z ile birlikte bu s\u0131nav ile ilgili konular\u0131 in\u015fallah ortaya koyaca\u011f\u0131z. \u0130n\u015fallah k\u0131sa s\u00fcre i\u00e7erisinde de i\u00e7eri\u011fini ilan edece\u011fiz. S\u0131nav konusu ortak olarak hepimizin hem fikir oldu\u011fu bir konuydu. Y\u0131llard\u0131r KPSS&#8217;ye girmi\u015f ve atanmay\u0131 bekleyen kesimlerimiz var. Buralardan da bunun do\u011fru bir y\u00f6ntem oldu\u011funa dair geri bildirimler oldu.<\/p>\n<p><strong>Kadroya ge\u00e7ildikten sonra maa\u015flarda art\u0131\u015f olacak<\/strong><\/p>\n<p>\u00c7al\u0131\u015fanlar\u0131m\u0131z kadroya s\u00f6zle\u015fme \u015feklinde de\u011fil direk ge\u00e7mi\u015f olacaklar. Ge\u00e7mi\u015f d\u00f6nemlerdeki kadroya al\u0131m s\u00fcreci nas\u0131lsa koydu\u011fumuz mekanizma da ayn\u0131 \u015fekilde. Yeni bir\u015fey eklemedik. Toplu s\u00f6zle\u015fmeleriyle birlikte ba\u011f\u0131tlanm\u0131\u015f olan s\u00f6zle\u015fmelerimiz var. Direk etki edecek konu 52 g\u00fcnl\u00fck bir ilave tediye art\u0131\u015f\u0131 ve katk\u0131s\u0131 olacak. Y\u0131lda kamu i\u015f\u00e7ilerine verilen zaten bu ilave tediyemiz uygulamada. Y\u0131lda 4 par\u00e7ada ger\u00e7ekle\u015ftiriliyor. Aya vurdu\u011fumuz zaman b\u00fcr\u00fct 385 lira gibi bir art\u0131\u015fla in\u015fallah 3 ay sonunda kar\u015f\u0131 kar\u015f\u0131ya gelmi\u015f olacaklar. Zaman i\u00e7erisinde toplu s\u00f6zle\u015fmeler, bittikten sonra da yeni s\u00fcre\u00e7lerde in\u015fallah b\u00fct\u00fcn sosyal haklar, \u00fccretler normal seyrine normal yoluna girmi\u015f olacak.<\/p>\n<p><strong>K\u0131dem kazan\u0131lm\u0131\u015f bir hakt\u0131r, kadroya k\u0131demle birlikte ge\u00e7i\u015f olacak<\/strong><\/p>\n<p>Daha \u00f6nce sendikal haklar s\u00f6z konusu de\u011fildi. Toplu s\u00f6zle\u015fme imkan\u0131 s\u00f6z konusu de\u011fildi. K\u0131dem tazminatlar\u0131 ile ilgili alt i\u015fverenle alakal\u0131 bir sorumluluk s\u00f6z konusuydu. Bunlar\u0131n hepsini d\u00fczenlemi\u015ftik. Sendikal hak ve \u00f6zg\u00fcrl\u00fck konusunda \u00f6nemli bir a\u015famaya gelmi\u015flerdi. Bakt\u0131\u011f\u0131m\u0131z zaman zaten \u015fu anda sendikal\u0131 olmayan bu 450 bin ki\u015fi i\u00e7erisinde ilk grupta 20-30 bin ki\u015filik grubumuz var. Belediyelerde de bir sendikal\u0131l\u0131k s\u00f6z konusu. Bu anlamda sendikal \u00f6zg\u00fcrl\u00fckler konusunda s\u0131k\u0131nt\u0131 yok. Bizim bu konuda kamu olarak, h\u00fck\u00fcmet olarak etkimiz olamaz en temel hak ve \u00f6zg\u00fcrl\u00fckler i\u00e7erisinde zaten. D\u00fcnden bu yana k\u0131dem ile ilgili bir tart\u0131\u015fma oldu. Bu da kazan\u0131lm\u0131\u015f bir hakt\u0131r asl\u0131nda. K\u0131dem konusunda ge\u00e7mi\u015ften itibaren en son \u00e7al\u0131\u015ft\u0131klar\u0131 ya da s\u00fcre\u00e7 nas\u0131l i\u015flediyse k\u0131demleri ile birlikte biz ge\u00e7irece\u011fiz. Bunlar gelecek d\u00f6nemlerde y\u0131ll\u0131k izinlerine ve b\u00fct\u00fcn haklar\u0131na etki edecek. Hak kayb\u0131 olmayacak. Kamuda emeklilerin zaten \u00e7al\u0131\u015fmas\u0131 s\u00f6z konusu de\u011fil. D\u00fczenlememiz bundan dolay\u0131 ger\u00e7ekle\u015ftirildi. Biz mesela bir ya\u015f s\u0131n\u0131r\u0131 koymad\u0131k. \u015eu an ta\u015feronda olanlara emeklilik maa\u015f\u0131na, emeklilik hakk\u0131na kavu\u015funcaya kadar da \u00e7al\u0131\u015fma imkan\u0131 getiriyoruz. Bu anlamda da \u00e7ok geni\u015f \u00f6nemli bir a\u00e7\u0131l\u0131m da ger\u00e7ekle\u015ftirmi\u015f durumday\u0131z. Ama emekli olup da ta\u015feronda emekli maa\u015f\u0131 alarak \u00e7al\u0131\u015fanlar\u0131n \u015fu andaki kamudaki uygulama nedeniyle zaten \u00e7al\u0131\u015fma imkanlar\u0131 s\u00f6z konusu de\u011fil.<\/p>\n<p><strong>\u015eehir hastanelerinde \u00e7al\u0131\u015fanlar\u0131n durumu<\/strong><\/p>\n<p>\u015eehir hastaneleri ger\u00e7ekten \u00f6nemli bu kapsamda. 160 bin ki\u015filik sa\u011fl\u0131kta \u00e7al\u0131\u015fan ta\u015feron grubumuz vard\u0131. Bu anlamda \u015fehir hastaneleriyle ilgili yeni bir s\u00fcrece girdik. \u015eehir hastanelerimiz a\u00e7\u0131ld\u0131k\u00e7a mevcut hastanelerimizin kapanmas\u0131 ve oradaki \u00e7al\u0131\u015fanlar\u0131m\u0131z\u0131n \u015fehir hastanelerine ge\u00e7i\u015fi s\u00f6z konusuydu. Burada biz y\u0131llard\u0131r hastanelerimizde emek vermi\u015f, \u00e7al\u0131\u015fm\u0131\u015f, al\u0131n teri d\u00f6km\u00fc\u015f karde\u015flerimizin de ma\u011fdur olmas\u0131n\u0131 istemedi\u011fimiz i\u00e7in, ge\u00e7i\u015f yapan ve hali haz\u0131rda 4 Aral\u0131k itibariyle \u00e7al\u0131\u015fan, t\u00fcm \u015fehir hastanelerinde daha \u00f6nce ta\u015feronda \u00e7al\u0131\u015f\u0131p ge\u00e7mi\u015f olanlar\u0131n tamam\u0131n\u0131 da kadro imkan\u0131yla bulu\u015fturmu\u015f durumday\u0131z.<\/p>\n<p><strong>4 Aral\u0131k 2017&#8217;ye kadar ta\u015feron olarak \u00e7al\u0131\u015fanlar kadroya ge\u00e7irilecek<\/strong><\/p>\n<p>\u0130zinli olanlar, askerde olanlar, do\u011fum iznine gitmi\u015f olanlar daha da ilerisini yapt\u0131k onlar\u0131n yerine bakan ge\u00e7ici ki\u015filer de s\u00f6z konusu oluyor, biliyorsunuz. Kamuda bundan sonra bu ihaleler yap\u0131lmayaca\u011f\u0131 i\u00e7in o ge\u00e7ici ki\u015filer ile ilgili al\u0131m olmayaca\u011f\u0131 d\u00fc\u015f\u00fcncesi ile do\u011fum iznindeki, askerdeki ya da sa\u011fl\u0131k raporu ile izinde olan ya da y\u0131ll\u0131k \u00fccretli izin, \u00fccretsiz izinde olanlar\u0131n yerine bakan ge\u00e7ici ki\u015fileri de i\u015f\u00e7ilerimizi de kadroyla bulu\u015fturuyoruz bu d\u00fczenlemede. Bu da benim en \u00f6nem verdi\u011fim s\u00fcre\u00e7teki konulardan birisiydi. Askerden d\u00f6nenler ba\u015fvurular\u0131n\u0131 ne zaman yaparlarsa i\u015flemlerini ger\u00e7ekle\u015ftirip in\u015fallah ba\u015flatm\u0131\u015f olaca\u011f\u0131z.<\/p>\n<p><strong>Ta\u015feron firmalar da ma\u011fdur edilmeyecek tazminatlar\u0131 hemen \u00f6denecek<\/strong><\/p>\n<p>Biz hi\u00e7 kimsenin ma\u011fdur olmas\u0131n\u0131 istemiyoruz. Bu anlamda bir tane maddemiz de bununla ilgili d\u00fczenlemelerle ba\u011flant\u0131l\u0131. Maliye Bakanl\u0131\u011f\u0131m\u0131z\u0131n direk alan\u0131na giren bir konu. Biz g\u00f6r\u00fc\u015ft\u00fck bu s\u00fcre\u00e7 i\u00e7erisinde firmalar\u0131m\u0131z ile ilgili Ticaret Odalar\u0131m\u0131z, TOBB Ba\u015fkan\u0131m\u0131zla isti\u015farelerimizi s\u00fcrd\u00fcrd\u00fck. \u0130n\u015fallah onlar\u0131n da ma\u011fdur olmamalar\u0131n\u0131 diliyoruz. Oralarda da \u00e7al\u0131\u015fan karde\u015flerimiz var. Kimsenin ekme\u011finden i\u015finden g\u00fcc\u00fcnden olmas\u0131 arzusunda de\u011filiz. Biz bu d\u00fczenleme ile daha iyi bir\u015fey yapma gayreti i\u00e7erisinde olduk. S\u0131k\u0131nt\u0131 olabilecek konular\u0131 riskleri ortaya koydular kendileri. Zaman i\u00e7erisinde bakaca\u011f\u0131z. Tazminatlar zaten hemen \u00f6denecek. \u0130\u015fin y\u00fczde 80&#8217;i ile kalan\u0131 aras\u0131ndaki fark\u0131n y\u00fczde 5&#8217;i \u015feklinde bir tazminat \u00f6demesi s\u00f6z konusu olacak. Ara\u00e7-gere\u00e7ler, kulland\u0131klar\u0131 malzemeler bunlarla ilgili yapm\u0131\u015f olduklar\u0131 yat\u0131r\u0131mlarla ilgili komisyonlar\u0131m\u0131z olu\u015fturulacak. Fiyat belirlemeleri yap\u0131lacak. Ya kiralama ya da sat\u0131n alma y\u00f6ntemine kamu olarak gidece\u011fiz. Bunlar d\u0131\u015f\u0131nda alm\u0131\u015f olduklar\u0131 krediler olabilir. \u0130leriye d\u00f6n\u00fck bunlardan bahsediyorlar. S\u00fcre\u00e7 i\u00e7erisinde tabiiki bunlar\u0131 isti\u015fare i\u00e7erisinde olaca\u011f\u0131z. Elimizden gelen katk\u0131y\u0131 sa\u011flayaca\u011f\u0131z. \u015e\u00f6yle genel bir ara\u015ft\u0131rma da yapt\u0131k. Dengeli bir durumda g\u00f6r\u00fcyoruz ama ma\u011fduriyet oldu\u011fu zaman da biz devlet olarak kamu olarak bu s\u00fcre\u00e7ten onlar\u0131n olumsuz etkilenmemesi i\u00e7in ne gerekiyorsa makul \u015fartlar i\u00e7erisinde isti\u015fare ile ortaya koyaca\u011f\u0131z.<\/p>\n<p>Beklentinin \u00e7ok \u00fczerinde bir d\u00fczenleme yapt\u0131k. Bir\u00e7ok modelden bahsedildi biz bunlar\u0131n hi\u00e7 birini ger\u00e7ekle\u015ftirmedik direk kadroya ge\u00e7i\u015f yap\u0131ld\u0131. Ben \u00e7ok memnunum, d\u00fcnden bu yana \u00e7ok g\u00fczel dualar, hayatlar\u0131na \u00e7ok g\u00fczel dokunu\u015flar yapt\u0131\u011f\u0131m\u0131z karde\u015flerimiz oldu\u011funu g\u00f6rm\u00fc\u015f olmaktan dolay\u0131 b\u00fcy\u00fck memnunuyet duyuyorum. Bu memnuniyete, bu g\u00fczelli\u011fe in\u015fallah muhalefette ortak olmak konusunda bir duru\u015f sergiler diye arzu ediyorum.<\/p>\n<p>G\u00fcvenlik soru\u015fturmas\u0131 art\u0131k kamuya al\u0131mlarda biliyosunuz s\u00f6z konusu. Bizim buna ekstra ekledi\u011fimiz bir durum de\u011fil. \u0130n\u015fallah h\u0131zl\u0131 bir bi\u00e7imde olmas\u0131n\u0131 sa\u011flayaca\u011f\u0131z. Bununla ilgili de temaslar\u0131m\u0131z g\u00f6r\u00fc\u015fmelerimiz devam ediyor. Belli bir a\u015famas\u0131 zaten 15 Temmuz sonras\u0131nda g\u00f6zden ge\u00e7irme s\u00fcre\u00e7leri olmu\u015ftu. Onlar\u0131 da dikkate alaca\u011f\u0131z. \u0130n\u015fallah sa\u011fl\u0131kl\u0131 bir \u015fekilde o s\u00fcrecinde i\u015flemesi i\u00e7in \u00f6nlemlerimizi almaya \u00e7al\u0131\u015f\u0131yoruz.<\/p>\n<p>\u00c7al\u0131\u015fma ve Sosyal G\u00fcvenlik Bakan\u0131 @jsarieroglu, TRT Haber ve Spor Yay\u0131nlar\u0131 Dairesi Ba\u015fkan\u0131 @yasartaskinkoc\u2019un sorular\u0131n\u0131 cevapl\u0131yor.https:\/\/t.co\/f5nQXypMcZ<\/p>\n<p>\u2014 TRT Haber Canl\u0131 (@trthabercanli) 25 Aral\u0131k 2017<\/p>\n","protected":false},"excerpt":{"rendered":"<p>\u00c7al\u0131\u015fma ve Sosyal G\u00fcvenlik Bakan\u0131 J\u00fclide Sar\u0131ero\u011flu, ta\u015feron d\u00fczenlemesi ile ilgili TRT Haber ve Spor Yay\u0131nlar\u0131 Dairesi Ba\u015fkan\u0131 Ya\u015far Ta\u015fk\u0131n Ko\u00e7&#8217;un sorular\u0131n\u0131 cevaplad\u0131.<\/p>\n","protected":false},"author":1000097,"featured_media":2410,"comment_status":"open","ping_status":"closed","sticky":false,"template":"","format":"standard","meta":[],"categories":[85],"tags":[],"_links":{"self":[{"href":"https:\/\/www.vizyon2023.com.tr\/index.php\/wp-json\/wp\/v2\/posts\/2409"}],"collection":[{"href":"https:\/\/www.vizyon2023.com.tr\/index.php\/wp-json\/wp\/v2\/posts"}],"about":[{"href":"https:\/\/www.vizyon2023.com.tr\/index.php\/wp-json\/wp\/v2\/types\/post"}],"author":[{"embeddable":true,"href":"https:\/\/www.vizyon2023.com.tr\/index.php\/wp-json\/wp\/v2\/users\/1000097"}],"replies":[{"embeddable":true,"href":"https:\/\/www.vizyon2023.com.tr\/index.php\/wp-json\/wp\/v2\/comments?post=2409"}],"version-history":[{"count":0,"href":"https:\/\/www.vizyon2023.com.tr\/index.php\/wp-json\/wp\/v2\/posts\/2409\/revisions"}],"wp:featuredmedia":[{"embeddable":true,"href":"https:\/\/www.vizyon2023.com.tr\/index.php\/wp-json\/wp\/v2\/media\/2410"}],"wp:attachment":[{"href":"https:\/\/www.vizyon2023.com.tr\/index.php\/wp-json\/wp\/v2\/media?parent=2409"}],"wp:term":[{"taxonomy":"category","embeddable":true,"href":"https:\/\/www.vizyon2023.com.tr\/index.php\/wp-json\/wp\/v2\/categories?post=2409"},{"taxonomy":"post_tag","embeddable":true,"href":"https:\/\/www.vizyon2023.com.tr\/index.php\/wp-json\/wp\/v2\/tags?post=2409"}],"curies":[{"name":"wp","href":"https:\/\/api.w.org\/{rel}","templated":true}]}}