{"id":2405,"date":"2017-12-26T09:26:05","date_gmt":"2017-12-26T07:26:05","guid":{"rendered":"http:\/\/www.vizyon2023.com.tr\/index.php\/2017\/12\/26\/basbakan-binali-yildirim-suudi-arabistan-krali-selman-bin-abdulaziz-ile-gorusecek\/"},"modified":"2017-12-26T09:26:05","modified_gmt":"2017-12-26T07:26:05","slug":"basbakan-binali-yildirim-suudi-arabistan-krali-selman-bin-abdulaziz-ile-gorusecek","status":"publish","type":"post","link":"https:\/\/www.vizyon2023.com.tr\/index.php\/2017\/12\/26\/basbakan-binali-yildirim-suudi-arabistan-krali-selman-bin-abdulaziz-ile-gorusecek\/","title":{"rendered":"Ba\u015fbakan Binali Y\u0131ld\u0131r\u0131m, Suudi Arabistan Kral\u0131 Selman bin Abdulaziz ile g\u00f6r\u00fc\u015fecek"},"content":{"rendered":"<p>Ba\u015fbakan Binali Y\u0131ld\u0131r\u0131m, 27-28 Aral\u0131k tarihlerinde Suudi Arabistan&#8217;\u0131 ziyaret edecek.<\/p>\n<p>Ba\u015fbakan Y\u0131ld\u0131r\u0131m, temaslar\u0131 kapsam\u0131nda Suudi Arabistan Kral\u0131 Selman El Suud taraf\u0131ndan kabul edilecek.<\/p>\n<p>Y\u0131ld\u0131r\u0131m, Veliaht Prens Muhammed El Suud ile de bir araya gelecek.<\/p>\n<p>Temaslarda Birle\u015fmi\u015f Milletler&#8217;in ald\u0131\u011f\u0131 tarihi Kud\u00fcs karar\u0131n\u0131n ele al\u0131nmas\u0131 bekleniyor.<\/p>\n<p>Ba\u015fta Suriye&#8217;de ya\u015fanan geli\u015fmeler olmak \u00fczere b\u00f6lgesel konular, g\u00f6r\u00fc\u015f\u00fclecek ba\u015fl\u0131klar aras\u0131nda yer alacak.<\/p>\n<p>\u0130ki g\u00fcnl\u00fck ziyarette ekonomik ve siyasi alanlardaki kar\u015f\u0131l\u0131kl\u0131 ili\u015fkiler de g\u00f6zden ge\u00e7irilecek.<\/p>\n<p>TRT HABER<\/p>\n","protected":false},"excerpt":{"rendered":"<p>Ba\u015fbakan Binali Y\u0131ld\u0131r\u0131m, Suudi Arabistan ziyaretinde, Suudi Arabistan Kral\u0131 Selman bin Abdulaziz ile Veliaht Prens ve Savunma Bakan\u0131 Muhammed bin Selman&#8217;la g\u00f6r\u00fc\u015fecek.<\/p>\n","protected":false},"author":1000097,"featured_media":2406,"comment_status":"open","ping_status":"closed","sticky":false,"template":"","format":"standard","meta":[],"categories":[85],"tags":[],"_links":{"self":[{"href":"https:\/\/www.vizyon2023.com.tr\/index.php\/wp-json\/wp\/v2\/posts\/2405"}],"collection":[{"href":"https:\/\/www.vizyon2023.com.tr\/index.php\/wp-json\/wp\/v2\/posts"}],"about":[{"href":"https:\/\/www.vizyon2023.com.tr\/index.php\/wp-json\/wp\/v2\/types\/post"}],"author":[{"embeddable":true,"href":"https:\/\/www.vizyon2023.com.tr\/index.php\/wp-json\/wp\/v2\/users\/1000097"}],"replies":[{"embeddable":true,"href":"https:\/\/www.vizyon2023.com.tr\/index.php\/wp-json\/wp\/v2\/comments?post=2405"}],"version-history":[{"count":0,"href":"https:\/\/www.vizyon2023.com.tr\/index.php\/wp-json\/wp\/v2\/posts\/2405\/revisions"}],"wp:featuredmedia":[{"embeddable":true,"href":"https:\/\/www.vizyon2023.com.tr\/index.php\/wp-json\/wp\/v2\/media\/2406"}],"wp:attachment":[{"href":"https:\/\/www.vizyon2023.com.tr\/index.php\/wp-json\/wp\/v2\/media?parent=2405"}],"wp:term":[{"taxonomy":"category","embeddable":true,"href":"https:\/\/www.vizyon2023.com.tr\/index.php\/wp-json\/wp\/v2\/categories?post=2405"},{"taxonomy":"post_tag","embeddable":true,"href":"https:\/\/www.vizyon2023.com.tr\/index.php\/wp-json\/wp\/v2\/tags?post=2405"}],"curies":[{"name":"wp","href":"https:\/\/api.w.org\/{rel}","templated":true}]}}