{"id":2403,"date":"2017-12-26T09:25:44","date_gmt":"2017-12-26T07:25:44","guid":{"rendered":"http:\/\/www.vizyon2023.com.tr\/index.php\/2017\/12\/26\/chp-son-khklari-anayasa-mahkemesine-goturecek\/"},"modified":"2017-12-26T09:25:44","modified_gmt":"2017-12-26T07:25:44","slug":"chp-son-khklari-anayasa-mahkemesine-goturecek","status":"publish","type":"post","link":"https:\/\/www.vizyon2023.com.tr\/index.php\/2017\/12\/26\/chp-son-khklari-anayasa-mahkemesine-goturecek\/","title":{"rendered":"CHP, son KHK&#8217;lar\u0131 Anayasa Mahkemesi&#8217;ne g\u00f6t\u00fcrecek"},"content":{"rendered":"<p>CHP S\u00f6zc\u00fcs\u00fc B\u00fclent Tezcan, son Kanun H\u00fckm\u00fcnde Kararname&#8217;de yer alan darbe te\u015febb\u00fcs\u00fc ve ter\u00f6r eylemlerine kar\u015f\u0131 m\u00fccadele eden sivillere y\u00f6nelik d\u00fczenlemeyi ele\u015ftirdi.<\/p>\n<p>&#8220;KHK&#8217;lar\u0131 Anayasa Mahkemesi&#8217;ne g\u00f6t\u00fcrece\u011fiz&#8221; dedi.<\/p>\n<p>Tezcan \u015funlar\u0131 kaydetti:<\/p>\n<p>&#8220;Niyetimiz bu de\u011fildi diyorlar. Niyetiniz o de\u011filse niyetinizi do\u011fru ifade edin. T\u00fcrkiye&#8217;yi bir ate\u015fin i\u00e7ine atmak m\u0131 istiyorsunuz. A\u015fa\u011f\u0131da tabandaki insanlar kendilerince i\u015fg\u00fczarl\u0131k yap\u0131p b\u00f6yle bir toplumsal \u00e7at\u0131\u015fman\u0131n fitilini ate\u015flerse ne yapacaks\u0131n\u0131z.Derhal bu tehlikeli uygulamalardan vazge\u00e7meye \u00e7a\u011f\u0131r\u0131yoruz. Bu kanun h\u00fckm\u00fcnde kararnameyi Anayasa Mahkemsi&#8217;ne g\u00f6t\u00fcrece\u011fiz.&#8221;<\/p>\n<p>TRT HABER<\/p>\n","protected":false},"excerpt":{"rendered":"<p>CHP Genel Ba\u015fkan Yard\u0131mc\u0131s\u0131 ve Parti S\u00f6zc\u00fcs\u00fc Tezcan, OHAL kapsam\u0131nda yay\u0131mlanan 695 ve 696 say\u0131l\u0131 KHK&#8217;lerle ilgili Anayasa Mahkemesine ba\u015fvuracaklar\u0131n\u0131 bildirdi.<\/p>\n","protected":false},"author":1000097,"featured_media":2404,"comment_status":"open","ping_status":"closed","sticky":false,"template":"","format":"standard","meta":[],"categories":[85],"tags":[],"_links":{"self":[{"href":"https:\/\/www.vizyon2023.com.tr\/index.php\/wp-json\/wp\/v2\/posts\/2403"}],"collection":[{"href":"https:\/\/www.vizyon2023.com.tr\/index.php\/wp-json\/wp\/v2\/posts"}],"about":[{"href":"https:\/\/www.vizyon2023.com.tr\/index.php\/wp-json\/wp\/v2\/types\/post"}],"author":[{"embeddable":true,"href":"https:\/\/www.vizyon2023.com.tr\/index.php\/wp-json\/wp\/v2\/users\/1000097"}],"replies":[{"embeddable":true,"href":"https:\/\/www.vizyon2023.com.tr\/index.php\/wp-json\/wp\/v2\/comments?post=2403"}],"version-history":[{"count":0,"href":"https:\/\/www.vizyon2023.com.tr\/index.php\/wp-json\/wp\/v2\/posts\/2403\/revisions"}],"wp:featuredmedia":[{"embeddable":true,"href":"https:\/\/www.vizyon2023.com.tr\/index.php\/wp-json\/wp\/v2\/media\/2404"}],"wp:attachment":[{"href":"https:\/\/www.vizyon2023.com.tr\/index.php\/wp-json\/wp\/v2\/media?parent=2403"}],"wp:term":[{"taxonomy":"category","embeddable":true,"href":"https:\/\/www.vizyon2023.com.tr\/index.php\/wp-json\/wp\/v2\/categories?post=2403"},{"taxonomy":"post_tag","embeddable":true,"href":"https:\/\/www.vizyon2023.com.tr\/index.php\/wp-json\/wp\/v2\/tags?post=2403"}],"curies":[{"name":"wp","href":"https:\/\/api.w.org\/{rel}","templated":true}]}}