{"id":2401,"date":"2017-12-26T09:25:20","date_gmt":"2017-12-26T07:25:20","guid":{"rendered":"http:\/\/www.vizyon2023.com.tr\/index.php\/2017\/12\/26\/basbakan-yardimcisi-simsek-ulkemize-yonelik-tehditleri-bertaraf-etmek-icin-calismaliyiz\/"},"modified":"2017-12-26T09:25:20","modified_gmt":"2017-12-26T07:25:20","slug":"basbakan-yardimcisi-simsek-ulkemize-yonelik-tehditleri-bertaraf-etmek-icin-calismaliyiz","status":"publish","type":"post","link":"https:\/\/www.vizyon2023.com.tr\/index.php\/2017\/12\/26\/basbakan-yardimcisi-simsek-ulkemize-yonelik-tehditleri-bertaraf-etmek-icin-calismaliyiz\/","title":{"rendered":"Ba\u015fbakan Yard\u0131mc\u0131s\u0131 \u015eim\u015fek: \u00dclkemize y\u00f6nelik tehditleri bertaraf etmek i\u00e7in \u00e7al\u0131\u015fmal\u0131y\u0131z"},"content":{"rendered":"<p>Ba\u015fbakan Yard\u0131mc\u0131s\u0131 Mehmet \u015eim\u015fek, partisinin \u015eehitkamil il\u00e7e te\u015fkilat\u0131 ziyaretinde, yeni y\u00f6netimi tebrik etti.<\/p>\n<p>Gaziantep&#8217;in destans\u0131 kurtulu\u015funun 96&#8217;nc\u0131 y\u0131l\u0131nda aziz \u015fehitleri minnetle and\u0131klar\u0131n\u0131 dile getiren \u015eim\u015fek, Kurtulu\u015f Sava\u015f\u0131&#8217;ndaki \u015fuurun bug\u00fcn de devam etti\u011fini belirtti.<\/p>\n<p><strong>&#8220;96 y\u0131l \u00f6nceki ruh devam ediyor&#8221;<\/strong><\/p>\n<p>AK Parti&#8217;nin s\u0131radan bir siyasi m\u00fccadele olmad\u0131\u011f\u0131n\u0131, o y\u00fczden parti i\u00e7indeki kimsenin de makam mevki sevdas\u0131yla hareket etmedi\u011fini, tek d\u00fc\u015f\u00fcncenin hizmet oldu\u011funu anlatan \u015eim\u015fek, \u015f\u00f6yle konu\u015ftu:<\/p>\n<p>&#8220;\u00dclkemize y\u00f6nelik tehditleri bertaraf etmek i\u00e7in \u00e7al\u0131\u015fmal\u0131y\u0131z. Yak\u0131n co\u011frafyam\u0131za bak\u0131n i\u00e7eride ve d\u0131\u015far\u0131da bir s\u00fcr\u00fc tehdit oldu, bu dava \u015fuuru olmasayd\u0131 bug\u00fcn Allah korusun \u00e7ok k\u00f6t\u00fc sonu\u00e7larla kar\u015f\u0131 kar\u015f\u0131ya kalabilirdik. O y\u00fczden 96 y\u0131l \u00f6nceki ruh bug\u00fcn devam ediyor. Bu g\u00fczel insanlara hizmet yolunda \u00e7abalayan, ter d\u00f6ken ve ger\u00e7ekten de karde\u015flik hukukuyla bunu yapan herkesten Allah raz\u0131 olsun. Burada yap\u0131lan \u00e7al\u0131\u015fmalar, \u00fclkemize g\u00fczel hizmetlere vesile oluyor. D\u00fcnyan\u0131n d\u00f6rt bir yan\u0131nda mazlumlara umut oluyor. O y\u00fczden yapt\u0131klar\u0131n\u0131z\u0131 k\u00fc\u00e7\u00fcmsemeyin.&#8221;<\/p>\n<p><strong>&#8220;T\u00fcrkiye insani yard\u0131mda lider&#8221;<\/strong><\/p>\n<p>T\u00fcrkiye&#8217;nin ge\u00e7en sene insani yard\u0131mda milli gelire oranla d\u00fcnyada lider oldu\u011funu hat\u0131rlatan \u015eim\u015fek, &#8220;Evet, hatalar\u0131m\u0131z, eksiklerimiz var, b\u00fcy\u00fck tehditler devam ediyor. Ama karde\u015fli\u011fimiz devam ettik\u00e7e Allah&#8217;\u0131n izniyle ba\u015faraca\u011f\u0131z. O y\u00fczden k\u00f6t\u00fcmserli\u011fe karamsarl\u0131\u011fa yer yok. Yeter ki \u015fuuru ya\u015fatal\u0131m.&#8221; ifadesini kulland\u0131.<\/p>\n<p>Kaynak: AA<\/p>\n","protected":false},"excerpt":{"rendered":"<p>Ba\u015fbakan Yard\u0131mc\u0131s\u0131 Mehmet \u015eim\u015fek, Kurtulu\u015f Sava\u015f\u0131 ruhunun bug\u00fcn de devam etti\u011fini belirterek, &#8220;\u00dclkemize y\u00f6nelik tehditleri bertaraf etmek i\u00e7in \u00e7al\u0131\u015fmal\u0131y\u0131z.&#8221; dedi.<\/p>\n","protected":false},"author":1000097,"featured_media":2402,"comment_status":"open","ping_status":"closed","sticky":false,"template":"","format":"standard","meta":[],"categories":[85],"tags":[],"_links":{"self":[{"href":"https:\/\/www.vizyon2023.com.tr\/index.php\/wp-json\/wp\/v2\/posts\/2401"}],"collection":[{"href":"https:\/\/www.vizyon2023.com.tr\/index.php\/wp-json\/wp\/v2\/posts"}],"about":[{"href":"https:\/\/www.vizyon2023.com.tr\/index.php\/wp-json\/wp\/v2\/types\/post"}],"author":[{"embeddable":true,"href":"https:\/\/www.vizyon2023.com.tr\/index.php\/wp-json\/wp\/v2\/users\/1000097"}],"replies":[{"embeddable":true,"href":"https:\/\/www.vizyon2023.com.tr\/index.php\/wp-json\/wp\/v2\/comments?post=2401"}],"version-history":[{"count":0,"href":"https:\/\/www.vizyon2023.com.tr\/index.php\/wp-json\/wp\/v2\/posts\/2401\/revisions"}],"wp:featuredmedia":[{"embeddable":true,"href":"https:\/\/www.vizyon2023.com.tr\/index.php\/wp-json\/wp\/v2\/media\/2402"}],"wp:attachment":[{"href":"https:\/\/www.vizyon2023.com.tr\/index.php\/wp-json\/wp\/v2\/media?parent=2401"}],"wp:term":[{"taxonomy":"category","embeddable":true,"href":"https:\/\/www.vizyon2023.com.tr\/index.php\/wp-json\/wp\/v2\/categories?post=2401"},{"taxonomy":"post_tag","embeddable":true,"href":"https:\/\/www.vizyon2023.com.tr\/index.php\/wp-json\/wp\/v2\/tags?post=2401"}],"curies":[{"name":"wp","href":"https:\/\/api.w.org\/{rel}","templated":true}]}}