{"id":2380,"date":"2017-12-21T10:20:31","date_gmt":"2017-12-21T08:20:31","guid":{"rendered":"http:\/\/www.vizyon2023.com.tr\/index.php\/2017\/12\/21\/basbakan-binali-yildirim-insanlik-bugun-harekete-gecmeyecekse-ne-zaman-harekete-gececek\/"},"modified":"2017-12-21T10:20:31","modified_gmt":"2017-12-21T08:20:31","slug":"basbakan-binali-yildirim-insanlik-bugun-harekete-gecmeyecekse-ne-zaman-harekete-gececek","status":"publish","type":"post","link":"https:\/\/www.vizyon2023.com.tr\/index.php\/2017\/12\/21\/basbakan-binali-yildirim-insanlik-bugun-harekete-gecmeyecekse-ne-zaman-harekete-gececek\/","title":{"rendered":"Ba\u015fbakan Binali Y\u0131ld\u0131r\u0131m: \u0130nsanl\u0131k bug\u00fcn harekete ge\u00e7meyecekse ne zaman harekete ge\u00e7ecek?"},"content":{"rendered":"<p>Banglade\u015f&#8217;in ba\u015fkenti Dakka&#8217;da resmi temaslar\u0131n\u0131 s\u00fcrd\u00fcren Ba\u015fbakan Binali Y\u0131ld\u0131r\u0131m, Cox&#8217;s Bazar kentindeki m\u00fclteci kamp\u0131na ge\u00e7erek Arakanl\u0131 M\u00fcsl\u00fcmanlar\u0131 ziyaret etti.<\/p>\n<p>Y\u0131ld\u0131r\u0131m, T\u00fcrk \u0130\u015fbirli\u011fi ve Koordinasyon Ajans\u0131n\u0131n (T\u0130KA) Cox&#8217;s Bazar kenti yak\u0131nlar\u0131nda bulunan Maynar Guna b\u00f6lgesindeki yerle\u015fkesinde m\u00fcltecilere yemek da\u011f\u0131tt\u0131 ve gazetecilerin sorular\u0131n\u0131 yan\u0131tlad\u0131.<\/p>\n<p>Arakanl\u0131 M\u00fcsl\u00fcmanlar\u0131n dram\u0131na de\u011finen Ba\u015fbakan Y\u0131ld\u0131r\u0131m, &#8220;Buralara can\u0131n\u0131 kurtarmak i\u00e7in gelmek zorunda kalan insanlarla beraberiz. Bug\u00fcn buraya bakanlar\u0131m\u0131zla ziyaretimizin amac\u0131 burada a\u011f\u0131r \u015fartlarda m\u00fccadele veren m\u00fclteci karde\u015flerimize daha fazla nas\u0131l destek olabiliriz bunun i\u00e7in. Myanmar ve Banglade\u015f aras\u0131nda 24 Kas\u0131m&#8217;da imzalanan anla\u015fmas\u0131 \u00fcmit ederim in\u015fallah sa\u011fl\u0131kl\u0131 bir \u015fekilde i\u015fler. Birle\u015fmi\u015f Milletler ba\u015fta olmak \u00fczere b\u00fct\u00fcn d\u00fcnya \u00fclkelerinin dikkatini T\u00fcrkiye olarak buraya \u00e7ekiyoruz, insanl\u0131k dram\u0131n\u0131 b\u00fct\u00fcn d\u00fcnyaya anlatmaya \u00e7al\u0131\u015f\u0131yoruz.&#8221; dedi.<\/p>\n<p><strong>&#8220;Bunun art\u0131k uluslararas\u0131 bir kampanyaya d\u00f6n\u00fc\u015fme vakti geldi&#8221;<\/strong><\/p>\n<p>T\u00fcrkiye&#8217;nin yard\u0131ma ihtiyac\u0131 olan insanlara d\u00fcnyan\u0131n neresinde olursa olsun yard\u0131m etmeyi s\u00fcrd\u00fcrece\u011fini vurgulayan Ba\u015fbakan, uluslararas\u0131 camiaya bir kez daha seslendi.<\/p>\n<p>Y\u0131ld\u0131r\u0131m, &#8220;Bug\u00fcnk\u00fc ziyaretimizin amac\u0131 insanl\u0131k dram\u0131na dikkat \u00e7ekmek. Buras\u0131 art\u0131k insanl\u0131\u011f\u0131n yok oldu\u011fu yer. \u0130slam d\u00fcnyas\u0131 ve d\u0131\u015f\u0131ndakilere de ayn\u0131 \u00e7a\u011fr\u0131y\u0131 yap\u0131yoruz. \u0130nsanl\u0131k bug\u00fcn harekete ge\u00e7meyecekse ne zaman harekete ge\u00e7ecek? \u00dcmit ederimki ba\u015fta M\u00fcsl\u00fcman \u00fclkeler olmak \u00fczere di\u011fer \u00fclkeler buraya daha fazla zaman ay\u0131r\u0131rlar ve insanlar\u0131n ac\u0131lar\u0131n\u0131 hafifletecek bir i\u015f yapm\u0131\u015f olurlar. Buradaki ya\u015fanan insanl\u0131k ay\u0131b\u0131n\u0131 bir an \u00f6nce ortadan kald\u0131rmak i\u00e7in gereken deste\u011fi vermelerini bekliyoruz. T\u00fcrkiye ba\u015f\u0131ndan beri binlerce kilometre uzakta olmas\u0131na ra\u011fmen kendi imkanlar\u0131yla bunu ba\u015flatt\u0131. Bunun art\u0131k uluslararas\u0131 bir kampanyaya d\u00f6n\u00fc\u015fme vakti geldi.&#8221; diye konu\u015ftu.<\/p>\n<p>Ba\u015fbakan Binali Y\u0131ld\u0131r\u0131m, Arakanl\u0131 M\u00fcsl\u00fcmanlar\u0131 ziyaretinde konu\u015fuyor. https:\/\/t.co\/tmA6iIZLb5<\/p>\n<p>\u2014 TRT Haber Canl\u0131 (@trthabercanli) 20 Aral\u0131k 2017<\/p>\n<p><strong>&#8220;Nihai \u00e7\u00f6z\u00fcm insanlar\u0131n kendi topraklar\u0131na d\u00f6n\u00fc\u015f\u00fcn\u00fcn sa\u011flanmas\u0131d\u0131r&#8221;<\/strong><\/p>\n<p>T\u00fcrkiye&#8217;nin b\u00f6lgedeki faaliyetlerini de anlatan Ba\u015fbakan Y\u0131ld\u0131r\u0131m, &#8220;T\u00fcrkiye, AFAD, K\u0131z\u0131lay, T\u00fcrk Diyanet Vakf\u0131 ve T\u0130KA ile sa\u011fl\u0131k, e\u011fitim, bar\u0131nma, yemek da\u011f\u0131t\u0131m\u0131 gibi \u00e7al\u0131\u015fmalar y\u00fcr\u00fct\u00fcyor. Kamp alanlar\u0131 in\u015fa etmek istiyoruz. Banglade\u015f&#8217;ten talepte bulunduk. \u0130n\u015fallah daha geli\u015fmi\u015f bar\u0131nma yerleri temin edilmi\u015f olacak. Nihai \u00e7\u00f6z\u00fcm buradaki insanlar\u0131n kendi topraklar\u0131na d\u00f6n\u00fc\u015f\u00fcn\u00fcn sa\u011flanmas\u0131d\u0131r.&#8221; ifadelerini kulland\u0131.<\/p>\n<p>Arakanl\u0131 M\u00fcsl\u00fcmanlarla kucakla\u015farak tek tek ellerini s\u0131kan Y\u0131ld\u0131r\u0131m, a\u011flayan bir Arakanl\u0131 kad\u0131n\u0131n sorununu dinledi.<\/p>\n<p>Y\u0131ld\u0131r\u0131m, daha sonra AFAD&#8217;\u0131n organizasyonunda Sa\u011fl\u0131k Bakanl\u0131\u011f\u0131 taraf\u0131ndan kurulan a\u011f\u0131r iklim tipi sahra hastanesinde incelemelerde bulundu.<\/p>\n<p>Ba\u015fbakan Y\u0131ld\u0131r\u0131m&#8217;a k\u0131z\u0131 B\u00fc\u015fra Bahar K\u00f6yl\u00fcbay, Ba\u015fbakan Yard\u0131mc\u0131s\u0131 Bekir Bozda\u011f, Aile ve Sosyal Politikalar Bakan\u0131 Fatma Bet\u00fcl Sayan Kaya ve Diyanet \u0130\u015fleri Ba\u015fkan\u0131 Ali Erba\u015f ile AK Parti Genel Ba\u015fkan Yard\u0131mc\u0131s\u0131 Ravza Kavakc\u0131 da e\u015flik etti.<\/p>\n<p>Kaynak: TRT Haber<\/p>\n","protected":false},"excerpt":{"rendered":"<p>Ba\u015fbakan Binali Y\u0131ld\u0131r\u0131m, Cox&#8217;s Bazar kentindeki m\u00fclteci kamp\u0131nda kalan Arakanl\u0131 M\u00fcsl\u00fcmanlar\u0131 ziyaret etti.<\/p>\n","protected":false},"author":8,"featured_media":2381,"comment_status":"open","ping_status":"closed","sticky":false,"template":"","format":"standard","meta":[],"categories":[85],"tags":[],"_links":{"self":[{"href":"https:\/\/www.vizyon2023.com.tr\/index.php\/wp-json\/wp\/v2\/posts\/2380"}],"collection":[{"href":"https:\/\/www.vizyon2023.com.tr\/index.php\/wp-json\/wp\/v2\/posts"}],"about":[{"href":"https:\/\/www.vizyon2023.com.tr\/index.php\/wp-json\/wp\/v2\/types\/post"}],"author":[{"embeddable":true,"href":"https:\/\/www.vizyon2023.com.tr\/index.php\/wp-json\/wp\/v2\/users\/8"}],"replies":[{"embeddable":true,"href":"https:\/\/www.vizyon2023.com.tr\/index.php\/wp-json\/wp\/v2\/comments?post=2380"}],"version-history":[{"count":0,"href":"https:\/\/www.vizyon2023.com.tr\/index.php\/wp-json\/wp\/v2\/posts\/2380\/revisions"}],"wp:featuredmedia":[{"embeddable":true,"href":"https:\/\/www.vizyon2023.com.tr\/index.php\/wp-json\/wp\/v2\/media\/2381"}],"wp:attachment":[{"href":"https:\/\/www.vizyon2023.com.tr\/index.php\/wp-json\/wp\/v2\/media?parent=2380"}],"wp:term":[{"taxonomy":"category","embeddable":true,"href":"https:\/\/www.vizyon2023.com.tr\/index.php\/wp-json\/wp\/v2\/categories?post=2380"},{"taxonomy":"post_tag","embeddable":true,"href":"https:\/\/www.vizyon2023.com.tr\/index.php\/wp-json\/wp\/v2\/tags?post=2380"}],"curies":[{"name":"wp","href":"https:\/\/api.w.org\/{rel}","templated":true}]}}