{"id":2346,"date":"2017-12-19T10:37:54","date_gmt":"2017-12-19T08:37:54","guid":{"rendered":"http:\/\/www.vizyon2023.com.tr\/index.php\/2017\/12\/19\/basbakan-binali-yildirim-bangladeste-temaslarina-basladi\/"},"modified":"2017-12-19T10:37:54","modified_gmt":"2017-12-19T08:37:54","slug":"basbakan-binali-yildirim-bangladeste-temaslarina-basladi","status":"publish","type":"post","link":"https:\/\/www.vizyon2023.com.tr\/index.php\/2017\/12\/19\/basbakan-binali-yildirim-bangladeste-temaslarina-basladi\/","title":{"rendered":"Ba\u015fbakan Binali Y\u0131ld\u0131r\u0131m Banglade\u015f&#8217;te temaslar\u0131na ba\u015flad\u0131"},"content":{"rendered":"<p>\u00c7e\u015fitli temaslarda bulunmak \u00fczere d\u00fcn Banglade\u015f&#8217;e giden Ba\u015fbakan Binali Y\u0131ld\u0131r\u0131m ve beraberindeki heyeti, Hazrat Shahjalal Havaliman\u0131&#8217;nda T\u00fcrkiye&#8217;nin Banglade\u015f B\u00fcy\u00fckel\u00e7isi Devrim \u00d6zt\u00fcrk ve di\u011fer yetkililer kar\u015f\u0131lad\u0131.<\/p>\n<p>Ba\u015fbakan Y\u0131ld\u0131r\u0131m, buradaki ziyareti \u00e7er\u00e7evesinde ilk olarak T\u00fcrkiye&#8217;nin Dakka B\u00fcy\u00fckel\u00e7ili\u011fi yerle\u015fkesinin temel atma t\u00f6renine kat\u0131ld\u0131.<\/p>\n<p>Y\u0131ld\u0131r\u0131m, t\u00f6rende yapt\u0131\u011f\u0131 konu\u015fmada yeni b\u00fcy\u00fckel\u00e7ilik yerle\u015fkesinin en az 100 ki\u015finin ayn\u0131 anda \u00e7al\u0131\u015fabilece\u011fi b\u00fcy\u00fck bir kompleks, bir k\u00fclliye olarak in\u015fa edilece\u011fini vurgulayarak, &#8220;\u00dclkemize yak\u0131\u015fan b\u00fcy\u00fck bir b\u00fcy\u00fckel\u00e7ilik k\u00fclliyesi, 2019&#8217;da hizmete girmi\u015f olacak.&#8221; ifadelerini kulland\u0131.<\/p>\n<p>Kurdele kestikten sonra in\u015faat\u0131n temeline har\u00e7 koyan Y\u0131ld\u0131r\u0131m, yetkililerden projeye ili\u015fkin bilgi ald\u0131.<\/p>\n<p>Y\u0131ld\u0131r\u0131m&#8217;a t\u00f6rende Ba\u015fbakan Yard\u0131mc\u0131s\u0131 Bekir Bozda\u011f, Aile ve Sosyal Politikalar Bakan\u0131 Fatma Bet\u00fcl Sayan Kaya, Diyanet \u0130\u015fleri Ba\u015fkan\u0131 Ali Erba\u015f ve AK Parti Genel Ba\u015fkan Yard\u0131mc\u0131s\u0131 Ravza Kavakc\u0131 e\u015flik etti.<\/p>\n<p>Kaynak: AA<\/p>\n","protected":false},"excerpt":{"rendered":"<p>Banglade\u015f ziyaretine ba\u015flayan Ba\u015fbakan Y\u0131ld\u0131r\u0131m, T\u00fcrkiye&#8217;nin Dakka B\u00fcy\u00fckel\u00e7ili\u011fi yerle\u015fkesinin temel atma t\u00f6renine kat\u0131ld\u0131.<\/p>\n","protected":false},"author":8,"featured_media":2347,"comment_status":"open","ping_status":"closed","sticky":false,"template":"","format":"standard","meta":[],"categories":[58],"tags":[],"_links":{"self":[{"href":"https:\/\/www.vizyon2023.com.tr\/index.php\/wp-json\/wp\/v2\/posts\/2346"}],"collection":[{"href":"https:\/\/www.vizyon2023.com.tr\/index.php\/wp-json\/wp\/v2\/posts"}],"about":[{"href":"https:\/\/www.vizyon2023.com.tr\/index.php\/wp-json\/wp\/v2\/types\/post"}],"author":[{"embeddable":true,"href":"https:\/\/www.vizyon2023.com.tr\/index.php\/wp-json\/wp\/v2\/users\/8"}],"replies":[{"embeddable":true,"href":"https:\/\/www.vizyon2023.com.tr\/index.php\/wp-json\/wp\/v2\/comments?post=2346"}],"version-history":[{"count":0,"href":"https:\/\/www.vizyon2023.com.tr\/index.php\/wp-json\/wp\/v2\/posts\/2346\/revisions"}],"wp:featuredmedia":[{"embeddable":true,"href":"https:\/\/www.vizyon2023.com.tr\/index.php\/wp-json\/wp\/v2\/media\/2347"}],"wp:attachment":[{"href":"https:\/\/www.vizyon2023.com.tr\/index.php\/wp-json\/wp\/v2\/media?parent=2346"}],"wp:term":[{"taxonomy":"category","embeddable":true,"href":"https:\/\/www.vizyon2023.com.tr\/index.php\/wp-json\/wp\/v2\/categories?post=2346"},{"taxonomy":"post_tag","embeddable":true,"href":"https:\/\/www.vizyon2023.com.tr\/index.php\/wp-json\/wp\/v2\/tags?post=2346"}],"curies":[{"name":"wp","href":"https:\/\/api.w.org\/{rel}","templated":true}]}}