{"id":2342,"date":"2017-12-19T10:35:32","date_gmt":"2017-12-19T08:35:32","guid":{"rendered":"http:\/\/www.vizyon2023.com.tr\/index.php\/2017\/12\/19\/cumhurbaskani-erdogan-ingiltere-basbakani-may-ile-kudusu-gorustu\/"},"modified":"2017-12-19T10:35:32","modified_gmt":"2017-12-19T08:35:32","slug":"cumhurbaskani-erdogan-ingiltere-basbakani-may-ile-kudusu-gorustu","status":"publish","type":"post","link":"https:\/\/www.vizyon2023.com.tr\/index.php\/2017\/12\/19\/cumhurbaskani-erdogan-ingiltere-basbakani-may-ile-kudusu-gorustu\/","title":{"rendered":"Cumhurba\u015fkan\u0131 Erdo\u011fan, \u0130ngiltere Ba\u015fbakan\u0131 May ile Kud\u00fcs&#8217;\u00fc g\u00f6r\u00fc\u015ft\u00fc"},"content":{"rendered":"<p>Cumhurba\u015fkan\u0131 Recep Tayyip Erdo\u011fan,\u0130ngiltere Ba\u015fbakan\u0131 Theresa May ile telefonda g\u00f6r\u00fc\u015ft\u00fc. G\u00f6r\u00fc\u015fmede ikili ili\u015fkilerin yan\u0131 s\u0131ra Kud\u00fcs konusundaki son geli\u015fmeler ele al\u0131nd\u0131. ABD&#8217;nin Kud\u00fcs&#8217;\u00fc \u0130srail&#8217;in ba\u015fkenti olarak tan\u0131ma giri\u015fimiyle ortaya \u00e7\u0131kan gerilimin b\u00f6lge a\u00e7\u0131s\u0131ndan endi\u015fe verici oldu\u011fu belirtildi.<\/p>\n<p>Cumhurba\u015fkan\u0131 Erdo\u011fan ve \u0130ngiltere Ba\u015fbakan\u0131 May, bar\u0131\u015f s\u00fcreci i\u00e7in iki devletli \u00e7\u00f6z\u00fcm\u00fcn en ak\u0131lc\u0131 yol oldu\u011funun \u0130srail h\u00fck\u00fcmeti taraf\u0131ndan da idrak edilmesi gerekti\u011fini vurgulad\u0131.<\/p>\n<p>G\u00f6r\u00fc\u015fmede, ABD&#8217;nin Kud\u00fcs&#8217;\u00fc \u0130srail&#8217;in ba\u015fkenti olarak tan\u0131ma karar\u0131na kar\u015f\u0131 haz\u0131rlanan karar tasar\u0131n\u0131n\u0131n BM G\u00fcvenlik Konseyi&#8217;nde yap\u0131lan oylamada ABD taraf\u0131ndan veto edilmesine de de\u011finildi.<\/p>\n<p>\u0130ki lider, b\u00f6lgedeki bar\u0131\u015f s\u00fcrecini tehlikeye sokacak yeni gerilimlerden uzak durulmas\u0131 ve sorunun \u00e7\u00f6z\u00fcm\u00fc i\u00e7in uluslararas\u0131 toplumun yo\u011fun \u00e7aba g\u00f6stermesi gerekti\u011fine dikkat \u00e7ekti.<\/p>\n<p>G\u00f6r\u00fc\u015fmede, T\u00fcrkiye-\u0130ngiltere ili\u015fkilerinin geli\u015ftirilmesi konusunda da mutab\u0131k kal\u0131nd\u0131.<\/p>\n<p>ABD Ba\u015fkan\u0131 Donald Trump 6 Aral\u0131k&#8217;ta Beyaz Saray&#8217;da d\u00fczenledi\u011fi bas\u0131n toplant\u0131s\u0131nda, Kud\u00fcs&#8217;\u00fc &#8220;\u0130srail&#8217;in ba\u015fkenti&#8221; olarak tan\u0131d\u0131\u011f\u0131n\u0131 ve ABD B\u00fcy\u00fckel\u00e7ili\u011fi&#8217;ni Kud\u00fcs&#8217;e ta\u015f\u0131ma talimat\u0131 verdi\u011fini a\u00e7\u0131klam\u0131\u015ft\u0131.<\/p>\n<p>Kaynak: TRT HABER<\/p>\n","protected":false},"excerpt":{"rendered":"<p>Cumhurba\u015fkan\u0131 Recep Tayyip Erdo\u011fan, \u0130ngiltere Ba\u015fbakan\u0131 Theresa May ile telefonda g\u00f6r\u00fc\u015ft\u00fc. En \u00f6nemli g\u00fcndem maddesi Kud\u00fcs&#8217;t\u00fc.<\/p>\n","protected":false},"author":8,"featured_media":2343,"comment_status":"open","ping_status":"closed","sticky":false,"template":"","format":"standard","meta":[],"categories":[85],"tags":[],"_links":{"self":[{"href":"https:\/\/www.vizyon2023.com.tr\/index.php\/wp-json\/wp\/v2\/posts\/2342"}],"collection":[{"href":"https:\/\/www.vizyon2023.com.tr\/index.php\/wp-json\/wp\/v2\/posts"}],"about":[{"href":"https:\/\/www.vizyon2023.com.tr\/index.php\/wp-json\/wp\/v2\/types\/post"}],"author":[{"embeddable":true,"href":"https:\/\/www.vizyon2023.com.tr\/index.php\/wp-json\/wp\/v2\/users\/8"}],"replies":[{"embeddable":true,"href":"https:\/\/www.vizyon2023.com.tr\/index.php\/wp-json\/wp\/v2\/comments?post=2342"}],"version-history":[{"count":0,"href":"https:\/\/www.vizyon2023.com.tr\/index.php\/wp-json\/wp\/v2\/posts\/2342\/revisions"}],"wp:featuredmedia":[{"embeddable":true,"href":"https:\/\/www.vizyon2023.com.tr\/index.php\/wp-json\/wp\/v2\/media\/2343"}],"wp:attachment":[{"href":"https:\/\/www.vizyon2023.com.tr\/index.php\/wp-json\/wp\/v2\/media?parent=2342"}],"wp:term":[{"taxonomy":"category","embeddable":true,"href":"https:\/\/www.vizyon2023.com.tr\/index.php\/wp-json\/wp\/v2\/categories?post=2342"},{"taxonomy":"post_tag","embeddable":true,"href":"https:\/\/www.vizyon2023.com.tr\/index.php\/wp-json\/wp\/v2\/tags?post=2342"}],"curies":[{"name":"wp","href":"https:\/\/api.w.org\/{rel}","templated":true}]}}