{"id":2338,"date":"2017-12-19T10:33:51","date_gmt":"2017-12-19T08:33:51","guid":{"rendered":"http:\/\/www.vizyon2023.com.tr\/index.php\/2017\/12\/19\/izmirde-dev-pkk-operasyonu\/"},"modified":"2017-12-19T10:33:51","modified_gmt":"2017-12-19T08:33:51","slug":"izmirde-dev-pkk-operasyonu","status":"publish","type":"post","link":"https:\/\/www.vizyon2023.com.tr\/index.php\/2017\/12\/19\/izmirde-dev-pkk-operasyonu\/","title":{"rendered":"\u0130zmir&#8217;de dev PKK operasyonu"},"content":{"rendered":"<p>\u0130zmir Emniyet M\u00fcd\u00fcrl\u00fc\u011f\u00fc Ter\u00f6rle M\u00fccadele \u015eubesi ve \u0130stihbarat \u015eubesi ile M\u0130T B\u00f6lge Ba\u015fkanl\u0131\u011f\u0131nca kent merkezi ile Menemen, Kemalpa\u015fa, Tire, Torbal\u0131 ve Alia\u011fa il\u00e7elerinde e\u015f zamanl\u0131 operasyon d\u00fczenlendi.<\/p>\n<p>Yap\u0131lan \u00e7al\u0131\u015fmalarda 65 \u015f\u00fcpheli belirlendi. Eylem haz\u0131rl\u0131\u011f\u0131nda 51 ki\u015fi g\u00f6zalt\u0131na al\u0131nd\u0131. \u015e\u00fcphelilerin adreslerinde yap\u0131lan aramalarda, \u00e7ok say\u0131da \u00f6rg\u00fctsel dok\u00fcman, dijital malzemeler ve av t\u00fcfe\u011fi ele ge\u00e7irildi.<\/p>\n<p><strong>Eylem i\u00e7in gelecek ter\u00f6r \u00f6rg\u00fct\u00fc \u00fcyelerine yard\u0131m ve yatakl\u0131k yap\u0131yorlard\u0131<\/strong><\/p>\n<p>\u015e\u00fcphelilerin, daha \u00f6nce \u00f6ld\u00fcr\u00fclen ter\u00f6ristler i\u00e7in eylem yapmak i\u00e7in kente gelecek ter\u00f6r \u00f6rg\u00fct\u00fc \u00fcyelerine yard\u0131m ve yatakl\u0131k yapt\u0131klar\u0131 da ileri s\u00fcr\u00fcld\u00fc.<\/p>\n<p>Zanl\u0131lar, Ter\u00f6rle M\u00fccadele \u015eube M\u00fcd\u00fcrl\u00fc\u011f\u00fcne g\u00f6t\u00fcr\u00fcld\u00fc.<\/p>\n<p>Haklar\u0131nda g\u00f6zalt\u0131 karar\u0131 bulunan ancak adreslerinde bulunamayan \u015f\u00fcphelilerin yakalama \u00e7al\u0131\u015fmalar\u0131n\u0131n devam etti\u011fi bildirildi.<\/p>\n<p>Kaynak: AA<\/p>\n","protected":false},"excerpt":{"rendered":"<p>\u0130zmir&#8217;de y\u00fcr\u00fct\u00fclen soru\u015fturma kapsam\u0131nda ter\u00f6r \u00f6rg\u00fct\u00fc PKK&#8217;n\u0131n propagandas\u0131n\u0131 yapt\u0131\u011f\u0131 gerek\u00e7esiyle 65 \u015f\u00fcpheli hakk\u0131nda yakalama karar\u0131 \u00e7\u0131kar\u0131ld\u0131.<\/p>\n","protected":false},"author":8,"featured_media":2339,"comment_status":"open","ping_status":"closed","sticky":false,"template":"","format":"standard","meta":[],"categories":[85],"tags":[],"_links":{"self":[{"href":"https:\/\/www.vizyon2023.com.tr\/index.php\/wp-json\/wp\/v2\/posts\/2338"}],"collection":[{"href":"https:\/\/www.vizyon2023.com.tr\/index.php\/wp-json\/wp\/v2\/posts"}],"about":[{"href":"https:\/\/www.vizyon2023.com.tr\/index.php\/wp-json\/wp\/v2\/types\/post"}],"author":[{"embeddable":true,"href":"https:\/\/www.vizyon2023.com.tr\/index.php\/wp-json\/wp\/v2\/users\/8"}],"replies":[{"embeddable":true,"href":"https:\/\/www.vizyon2023.com.tr\/index.php\/wp-json\/wp\/v2\/comments?post=2338"}],"version-history":[{"count":0,"href":"https:\/\/www.vizyon2023.com.tr\/index.php\/wp-json\/wp\/v2\/posts\/2338\/revisions"}],"wp:featuredmedia":[{"embeddable":true,"href":"https:\/\/www.vizyon2023.com.tr\/index.php\/wp-json\/wp\/v2\/media\/2339"}],"wp:attachment":[{"href":"https:\/\/www.vizyon2023.com.tr\/index.php\/wp-json\/wp\/v2\/media?parent=2338"}],"wp:term":[{"taxonomy":"category","embeddable":true,"href":"https:\/\/www.vizyon2023.com.tr\/index.php\/wp-json\/wp\/v2\/categories?post=2338"},{"taxonomy":"post_tag","embeddable":true,"href":"https:\/\/www.vizyon2023.com.tr\/index.php\/wp-json\/wp\/v2\/tags?post=2338"}],"curies":[{"name":"wp","href":"https:\/\/api.w.org\/{rel}","templated":true}]}}