{"id":2332,"date":"2017-12-19T10:22:43","date_gmt":"2017-12-19T08:22:43","guid":{"rendered":"http:\/\/www.vizyon2023.com.tr\/index.php\/2017\/12\/19\/ales-ile-ilgili-20-bin-akademisyen-hakkinda-inceleme-baslatildi\/"},"modified":"2017-12-19T10:22:43","modified_gmt":"2017-12-19T08:22:43","slug":"ales-ile-ilgili-20-bin-akademisyen-hakkinda-inceleme-baslatildi","status":"publish","type":"post","link":"https:\/\/www.vizyon2023.com.tr\/index.php\/2017\/12\/19\/ales-ile-ilgili-20-bin-akademisyen-hakkinda-inceleme-baslatildi\/","title":{"rendered":"ALES ile ilgili 20 bin akademisyen hakk\u0131nda inceleme ba\u015flat\u0131ld\u0131"},"content":{"rendered":"<p>Savc\u0131l\u0131k, 2005-2013 y\u0131llar\u0131 aras\u0131nda yap\u0131lan; Akademik Personel ve Lisans\u00fcst\u00fc E\u011fitimi Giri\u015f S\u0131nav\u0131&#8217;n\u0131 incelemeye ald\u0131.<\/p>\n<p>Akademik personel al\u0131m\u0131 i\u00e7in yap\u0131lan s\u0131navda FET\u00d6 izine rastland\u0131. Bu d\u00f6nemde yap\u0131lan 16 s\u0131nava ait t\u00fcm sorular\u0131n ele ge\u00e7irildi\u011fi ve \u00f6rg\u00fct mensuplar\u0131na da\u011f\u0131t\u0131ld\u0131\u011f\u0131 belirlendi.<\/p>\n<p>Bu 8 y\u0131ll\u0131k d\u00f6nemde, 27 bin ki\u015fi \u00fcniversitelerde kadro ald\u0131. 20 bin ki\u015finin s\u0131nav\u0131n\u0131n \u015f\u00fcpheli oldu\u011fu ortaya \u00e7\u0131kt\u0131.<\/p>\n<p><strong>T\u00fcm s\u0131navlar mercek alt\u0131nda<\/strong><\/p>\n<p>Sadece ALES de\u011fil \u015f\u00fcphelilerin girdikleri t\u00fcm s\u0131navlar mercek alt\u0131nda.<\/p>\n<p>Savc\u0131l\u0131k incelemesi s\u00fcrerken, \u00d6SYM de 2004-2014 y\u0131llar\u0131 aras\u0131nda yap\u0131lan s\u0131navlar i\u00e7in d\u00fc\u011fmeye bast\u0131.<\/p>\n<p>Y\u00fcksek puanla devlet kurumlar\u0131na yerle\u015fen ki\u015fileri incelemeye ald\u0131. Bu kapsamda 20 bin ALES \u015f\u00fcphelisi, &#8220;e\u015fde\u011fer&#8221; s\u0131navla ara\u015ft\u0131r\u0131ld\u0131.<\/p>\n<p><strong>\u015e\u00fcphelilerin yabanc\u0131 dil seviyesi \u00f6l\u00e7\u00fcld\u00fc<\/strong><\/p>\n<p>O s\u0131navla aralar\u0131nda &#8220;yard\u0131mc\u0131 do\u00e7ent&#8221; ve &#8220;do\u00e7ent&#8221; unvanl\u0131 akademisyenlerin de bulundu\u011fu \u015f\u00fcphelilerin yabanc\u0131 dil seviyesi \u00f6l\u00e7\u00fcld\u00fc.<\/p>\n<p>\u015e\u00fcphelilerin bir\u00e7o\u011funun s\u00f6z konusu s\u0131navda ba\u015far\u0131l\u0131 olamad\u0131\u011f\u0131 ortaya \u00e7\u0131kt\u0131.<\/p>\n<p>Hatta hi\u00e7 bilmedi\u011fi dilden daha \u00f6nce y\u00fcksek puan alanlar\u0131n oldu\u011fu da g\u00f6r\u00fcld\u00fc.<\/p>\n<p>TRT HABER<\/p>\n","protected":false},"excerpt":{"rendered":"<p>FET\u00d6&#8217;n\u00fcn soru h\u0131rs\u0131zl\u0131\u011f\u0131, akademik personel al\u0131m\u0131 i\u00e7in yap\u0131lan &#8220;ALES&#8221;e de uzand\u0131. 20 bin akademisyenle ilgili inceleme ba\u015flat\u0131ld\u0131.<\/p>\n","protected":false},"author":8,"featured_media":2333,"comment_status":"open","ping_status":"closed","sticky":false,"template":"","format":"standard","meta":[],"categories":[85],"tags":[],"_links":{"self":[{"href":"https:\/\/www.vizyon2023.com.tr\/index.php\/wp-json\/wp\/v2\/posts\/2332"}],"collection":[{"href":"https:\/\/www.vizyon2023.com.tr\/index.php\/wp-json\/wp\/v2\/posts"}],"about":[{"href":"https:\/\/www.vizyon2023.com.tr\/index.php\/wp-json\/wp\/v2\/types\/post"}],"author":[{"embeddable":true,"href":"https:\/\/www.vizyon2023.com.tr\/index.php\/wp-json\/wp\/v2\/users\/8"}],"replies":[{"embeddable":true,"href":"https:\/\/www.vizyon2023.com.tr\/index.php\/wp-json\/wp\/v2\/comments?post=2332"}],"version-history":[{"count":0,"href":"https:\/\/www.vizyon2023.com.tr\/index.php\/wp-json\/wp\/v2\/posts\/2332\/revisions"}],"wp:featuredmedia":[{"embeddable":true,"href":"https:\/\/www.vizyon2023.com.tr\/index.php\/wp-json\/wp\/v2\/media\/2333"}],"wp:attachment":[{"href":"https:\/\/www.vizyon2023.com.tr\/index.php\/wp-json\/wp\/v2\/media?parent=2332"}],"wp:term":[{"taxonomy":"category","embeddable":true,"href":"https:\/\/www.vizyon2023.com.tr\/index.php\/wp-json\/wp\/v2\/categories?post=2332"},{"taxonomy":"post_tag","embeddable":true,"href":"https:\/\/www.vizyon2023.com.tr\/index.php\/wp-json\/wp\/v2\/tags?post=2332"}],"curies":[{"name":"wp","href":"https:\/\/api.w.org\/{rel}","templated":true}]}}