{"id":2330,"date":"2017-12-18T16:27:00","date_gmt":"2017-12-18T14:27:00","guid":{"rendered":"http:\/\/www.vizyon2023.com.tr\/index.php\/2017\/12\/18\/cumhurbaskani-recep-tayyip-erdogan-bizim-basimiz-ne-kadar-dikse-batinin-o-kadar-egiktir\/"},"modified":"2017-12-18T16:27:00","modified_gmt":"2017-12-18T14:27:00","slug":"cumhurbaskani-recep-tayyip-erdogan-bizim-basimiz-ne-kadar-dikse-batinin-o-kadar-egiktir","status":"publish","type":"post","link":"https:\/\/www.vizyon2023.com.tr\/index.php\/2017\/12\/18\/cumhurbaskani-recep-tayyip-erdogan-bizim-basimiz-ne-kadar-dikse-batinin-o-kadar-egiktir\/","title":{"rendered":"Cumhurba\u015fkan\u0131 Recep Tayyip Erdo\u011fan: Bizim ba\u015f\u0131m\u0131z ne kadar dikse, Bat\u0131n\u0131n o kadar e\u011fiktir"},"content":{"rendered":"<p>Cumhurba\u015fkan\u0131 Recep Tayyip Erdo\u011fan, T\u00fcrkiye&#8217;nin g\u00f6\u00e7menler konusunda her zaman ba\u015f\u0131n\u0131n dik oldu\u011funu s\u00f6yledi.<\/p>\n<p>D\u00fcnya G\u00f6\u00e7menler G\u00fcn\u00fc etkinli\u011fine kat\u0131lan Erdo\u011fan, &#8220;Bizim ba\u015f\u0131m\u0131z ne kadar dikse maalesef kendilerini \u00e7a\u011fda\u015f olarak tan\u0131mlayan \u00fclkelerin ba\u015f\u0131 da o kadar e\u011fiktir&#8221; dedi.<\/p>\n<p><strong>&#8220;Bat\u0131 1 milyon insan\u0131n \u00f6l\u00fcm\u00fcn\u00fc ise istatistik olarak g\u00f6ren bir anlay\u0131\u015fa sahip&#8221;<\/strong><\/p>\n<p>Anadolu&#8217;nun as\u0131rlar boyunca bir g\u00f6\u00e7menler yurdu oldu\u011funu s\u00f6yleyen Cumhurba\u015fkan\u0131 Erdo\u011fan, s\u00f6zlerini \u015f\u00f6yle s\u00fcrd\u00fcrd\u00fc:<\/p>\n<p>&#8220;Siz bakmay\u0131n bug\u00fcn Avrupal\u0131lar\u0131n, Amerikal\u0131lar\u0131n g\u00f6\u00e7menlere b\u00f6yle davrand\u0131\u011f\u0131na, bu \u00fclkeler, bu g\u00f6\u00e7menler sayesinde bu g\u00fcnlere gelmi\u015ftir. \u0130spanya&#8217;daki Yahudiler kovuldu\u011funda ecdad\u0131m\u0131z onlara sahip \u00e7\u0131km\u0131\u015ft\u0131r. Polonya&#8217;daki muhalifler gidecek yer bulamad\u0131klar\u0131nda \u0130stanbul&#8217;un hemen yan\u0131nda onlara yer g\u00f6stermi\u015fizdir. D\u00fcnyan\u0131n neresinde ba\u015f\u0131 s\u0131k\u0131\u015fan, huzurlu bir yuva arayan varsa hepsine Anadolu&#8217;nun kap\u0131s\u0131 a\u00e7\u0131k olmu\u015ftur. Suriye&#8217;den, Irak&#8217;tan karde\u015flerimiz ba\u015flar\u0131 s\u0131k\u0131\u015ft\u0131\u011f\u0131nda hemen Anadolu&#8217;ya y\u00f6nelmi\u015flerdir.&#8221;<\/p>\n<p>Erdo\u011fan, Avrupa&#8217;da say\u0131lar\u0131 5 milyonu a\u015fan T\u00fcrk vatanda\u015f\u0131n\u0131n ya\u015fad\u0131\u011f\u0131n\u0131 kaydetti. Cumhurba\u015fkan\u0131 Recep Tayyip Erdo\u011fan, &#8220;\u00dclkemize gelen herkese kollar\u0131m\u0131z\u0131 a\u00e7t\u0131\u011f\u0131m\u0131z gibi yurtd\u0131\u015f\u0131na giden karde\u015flerimizi de her alanda destekliyoruz. Bat\u0131 bir insan\u0131n \u00f6l\u00fcm\u00fcn\u00fc trajedi, 1 milyon insan\u0131n \u00f6l\u00fcm\u00fcn\u00fc ise istatistik olarak g\u00f6ren bir anlay\u0131\u015fa sahiptir.&#8221; dedi.<\/p>\n<p><strong>&#8220;D\u00fcnyay\u0131 ba\u015f\u0131m\u0131za y\u0131karlard\u0131&#8221;<\/strong><\/p>\n<p>&#8220;Bizim g\u00f6\u00e7menler konusunda ba\u015f\u0131m\u0131z ne kadar dikse kendini modern, \u00e7a\u011fda\u015f ve geli\u015fmi\u015f olarak g\u00f6ren \u00fclkelerin o kadar e\u011fiktir.&#8221; \u015feklinde konu\u015fan Cumhurba\u015fkan\u0131, s\u00f6zlerini \u015f\u00f6yle s\u00fcrd\u00fcrd\u00fc:<\/p>\n<p>&#8220;S\u0131n\u0131rlar\u0131na giren g\u00f6\u00e7menlerin paralar\u0131na, \u00e7ocuklar\u0131na g\u00f6z koyan, onlar\u0131 din de\u011fi\u015ftirmeye zorlayan bir medeniyetin insanl\u0131\u011fa s\u00f6yleyecek s\u00f6z\u00fc kalmam\u0131\u015ft\u0131r. Avrupa \u00fclkelerinde s\u00f6z sahibi olmaya ba\u015flayan \u0131rk\u00e7\u0131 partiler bu co\u011frafyadaki felaketin habercisidir. Bug\u00fcn Avrupa genelinde 10 binin \u00fczerinde kay\u0131p g\u00f6\u00e7men \u00e7ocuk var. E\u011fer bu durum bizde olsayd\u0131 d\u00fcnyay\u0131 ba\u015f\u0131m\u0131za y\u0131karlard\u0131.<\/p>\n<p>&#8211; K\u00f6le demek boynuna zincir vurulan insan demek de\u011fildir. Az \u00fccretler kar\u015f\u0131l\u0131\u011f\u0131nda insanlar \u00e7al\u0131\u015fmak zorunda b\u0131rak\u0131l\u0131yorsa bunun ad\u0131 modern k\u00f6leliktir. Suriye ve Irak&#8217;tan gelen 3,5 milyon karde\u015fimize herhangi bir hesapla de\u011fil, Allah i\u00e7in kucak a\u00e7t\u0131k. \u00dclkemizdeki s\u0131\u011f\u0131nmac\u0131lar i\u00e7in 7 y\u0131lda 30 milyar dolar harcad\u0131k. Bunlar\u0131 kendilerine sordu\u011fumuzda &#8216;biz onlar\u0131 b\u00fct\u00e7emize koyduk&#8217; diyorlar, ama gelen bir\u015fey yok. Verseler de vermeseler de biz bu deste\u011fimize devam edece\u011fiz.<\/p>\n<p>Avrupa Birli\u011fi&#8217;nin g\u00f6\u00e7menlerle ilgili anla\u015fmada verdi\u011fi s\u00f6zleri yerine getirmedi\u011fini s\u00f6yleyen Erdo\u011fan, &#8220;S\u00f6z verilen dilimin bir milyar avrosu bile \u00f6denmedi.&#8221; dedi.<\/p>\n<p><strong>&#8220;Kud\u00fcs konusunda mutlaka somut ad\u0131mlar atmak zorunday\u0131z&#8221;<\/strong><\/p>\n<p>Cumhurba\u015fkan\u0131 Erdo\u011fan, &#8220;Kud\u00fcs&#8217;\u00fc \u0130srail gibi i\u015fgalci bir g\u00fcc\u00fcn insaf\u0131na b\u0131rakmak insanl\u0131\u011f\u0131n bin y\u0131l geriye g\u00f6t\u00fcrecek tehlikeli bir s\u00fcrecin kap\u0131s\u0131n\u0131 a\u00e7makt\u0131r &#8221; dedi.<\/p>\n<p>Erdo\u011fan s\u00f6zlerini \u015f\u00f6yle s\u00fcrd\u00fcrd\u00fc:<\/p>\n<p>&#8220;Kud\u00fcs meselesi sadece kalple bu\u011fzedilerek ge\u00e7i\u015ftirilebilecek bir konu de\u011fildir hatta bu konudaki sorumlulu\u011fumuzun gere\u011fini sadece dille ifade ederek de yerine getirmi\u015f olamay\u0131z. Kud\u00fcs konusunda mutlaka somut, elle tutulur, g\u00f6zle g\u00f6r\u00fcl\u00fcr, netice almaya y\u00f6nelik ad\u0131mlar atmak zorunday\u0131z.&#8221;<\/p>\n<p>TRT HABER<\/p>\n","protected":false},"excerpt":{"rendered":"<p>Cumhurba\u015fkan\u0131 Erdo\u011fan, &#8220;Bizim g\u00f6\u00e7menler konusunda ba\u015f\u0131m\u0131z ne kadar dikse kendini modern, \u00e7a\u011fda\u015f ve geli\u015fmi\u015f olarak g\u00f6ren \u00fclkelerin o kadar e\u011fiktir.&#8221; dedi.<\/p>\n","protected":false},"author":8,"featured_media":2331,"comment_status":"open","ping_status":"closed","sticky":false,"template":"","format":"standard","meta":[],"categories":[85],"tags":[],"_links":{"self":[{"href":"https:\/\/www.vizyon2023.com.tr\/index.php\/wp-json\/wp\/v2\/posts\/2330"}],"collection":[{"href":"https:\/\/www.vizyon2023.com.tr\/index.php\/wp-json\/wp\/v2\/posts"}],"about":[{"href":"https:\/\/www.vizyon2023.com.tr\/index.php\/wp-json\/wp\/v2\/types\/post"}],"author":[{"embeddable":true,"href":"https:\/\/www.vizyon2023.com.tr\/index.php\/wp-json\/wp\/v2\/users\/8"}],"replies":[{"embeddable":true,"href":"https:\/\/www.vizyon2023.com.tr\/index.php\/wp-json\/wp\/v2\/comments?post=2330"}],"version-history":[{"count":0,"href":"https:\/\/www.vizyon2023.com.tr\/index.php\/wp-json\/wp\/v2\/posts\/2330\/revisions"}],"wp:featuredmedia":[{"embeddable":true,"href":"https:\/\/www.vizyon2023.com.tr\/index.php\/wp-json\/wp\/v2\/media\/2331"}],"wp:attachment":[{"href":"https:\/\/www.vizyon2023.com.tr\/index.php\/wp-json\/wp\/v2\/media?parent=2330"}],"wp:term":[{"taxonomy":"category","embeddable":true,"href":"https:\/\/www.vizyon2023.com.tr\/index.php\/wp-json\/wp\/v2\/categories?post=2330"},{"taxonomy":"post_tag","embeddable":true,"href":"https:\/\/www.vizyon2023.com.tr\/index.php\/wp-json\/wp\/v2\/tags?post=2330"}],"curies":[{"name":"wp","href":"https:\/\/api.w.org\/{rel}","templated":true}]}}