{"id":2326,"date":"2017-12-18T10:37:48","date_gmt":"2017-12-18T08:37:48","guid":{"rendered":"http:\/\/www.vizyon2023.com.tr\/index.php\/2017\/12\/18\/basbakan-binali-yildirimdan-yilmaz-ailesine-taziye-ziyareti\/"},"modified":"2017-12-18T10:37:48","modified_gmt":"2017-12-18T08:37:48","slug":"basbakan-binali-yildirimdan-yilmaz-ailesine-taziye-ziyareti","status":"publish","type":"post","link":"https:\/\/www.vizyon2023.com.tr\/index.php\/2017\/12\/18\/basbakan-binali-yildirimdan-yilmaz-ailesine-taziye-ziyareti\/","title":{"rendered":"Ba\u015fbakan Binali Y\u0131ld\u0131r\u0131m&#8217;dan Y\u0131lmaz ailesine taziye ziyareti"},"content":{"rendered":"<p>Ba\u015fbakan Binali Y\u0131ld\u0131r\u0131m, eski Ba\u015fbakanlardan Mesut Y\u0131lmaz&#8217;a taziye ziyaretinde bulundu.<\/p>\n<p>Y\u0131ld\u0131r\u0131m, e\u015fi Semiha Y\u0131ld\u0131r\u0131m ile Y\u0131lmaz&#8217;\u0131n o\u011flu Mehmet Yavuz Y\u0131lmaz&#8217;\u0131n vefat etti\u011fi Beykoz&#8217;daki eve geldi.<\/p>\n<p>Ba\u015fbakan Y\u0131ld\u0131r\u0131m ile Semiha Y\u0131ld\u0131r\u0131m&#8217;\u0131 eve giri\u015fleri s\u0131ras\u0131nda eski Ba\u015fbakan Y\u0131lmaz ile e\u015fi Berna Y\u0131lmaz kap\u0131da kar\u015f\u0131lad\u0131.<\/p>\n<p>Mesut Y\u0131lmaz o\u011flunun vefat etti\u011fi eve geldi<\/p>\n<p>\u0130stanbul Kent \u00dcniversitesi&#8217;nden Yavuz Y\u0131lmaz&#8217;la ilgili a\u00e7\u0131klama<\/p>\n<p>Y\u0131lmaz ailesine taziye dileklerini ileten Ba\u015fbakan Y\u0131ld\u0131r\u0131m, burada yakla\u015f\u0131k 20 dakika kald\u0131.<\/p>\n<p>Kur&#8217;an-\u0131 Kerim&#8217;in de okundu\u011fu taziye ziyaretinin ard\u0131ndan Y\u0131ld\u0131r\u0131m ve e\u015fi Semiha Y\u0131ld\u0131r\u0131m, Beykoz&#8217;dan ayr\u0131ld\u0131.<\/p>\n<p>Ba\u015fbakan Y\u0131ld\u0131r\u0131m ile Gen\u00e7lik ve Spor Bakan\u0131 Osman A\u015fk\u0131n Bak ve \u0130stanbul Valisi Vasip \u015eahin de buradan ayr\u0131ld\u0131.<\/p>\n<p>Kaynak: AA<\/p>\n","protected":false},"excerpt":{"rendered":"<p>Ba\u015fbakan Binali Y\u0131ld\u0131r\u0131m, eski Ba\u015fbakanlardan Mesut Y\u0131lmaz&#8217;a Beykoz&#8217;daki evine giderek taziye ziyaretinde bulundu.<\/p>\n","protected":false},"author":8,"featured_media":2327,"comment_status":"open","ping_status":"closed","sticky":false,"template":"","format":"standard","meta":[],"categories":[58],"tags":[],"_links":{"self":[{"href":"https:\/\/www.vizyon2023.com.tr\/index.php\/wp-json\/wp\/v2\/posts\/2326"}],"collection":[{"href":"https:\/\/www.vizyon2023.com.tr\/index.php\/wp-json\/wp\/v2\/posts"}],"about":[{"href":"https:\/\/www.vizyon2023.com.tr\/index.php\/wp-json\/wp\/v2\/types\/post"}],"author":[{"embeddable":true,"href":"https:\/\/www.vizyon2023.com.tr\/index.php\/wp-json\/wp\/v2\/users\/8"}],"replies":[{"embeddable":true,"href":"https:\/\/www.vizyon2023.com.tr\/index.php\/wp-json\/wp\/v2\/comments?post=2326"}],"version-history":[{"count":0,"href":"https:\/\/www.vizyon2023.com.tr\/index.php\/wp-json\/wp\/v2\/posts\/2326\/revisions"}],"wp:featuredmedia":[{"embeddable":true,"href":"https:\/\/www.vizyon2023.com.tr\/index.php\/wp-json\/wp\/v2\/media\/2327"}],"wp:attachment":[{"href":"https:\/\/www.vizyon2023.com.tr\/index.php\/wp-json\/wp\/v2\/media?parent=2326"}],"wp:term":[{"taxonomy":"category","embeddable":true,"href":"https:\/\/www.vizyon2023.com.tr\/index.php\/wp-json\/wp\/v2\/categories?post=2326"},{"taxonomy":"post_tag","embeddable":true,"href":"https:\/\/www.vizyon2023.com.tr\/index.php\/wp-json\/wp\/v2\/tags?post=2326"}],"curies":[{"name":"wp","href":"https:\/\/api.w.org\/{rel}","templated":true}]}}