{"id":2324,"date":"2017-12-18T10:24:12","date_gmt":"2017-12-18T08:24:12","guid":{"rendered":"http:\/\/www.vizyon2023.com.tr\/index.php\/2017\/12\/18\/cumhurbaskani-erdogan-kuduse-uzanan-her-eli-istanbula-uzanmis-sayariz\/"},"modified":"2017-12-18T10:24:12","modified_gmt":"2017-12-18T08:24:12","slug":"cumhurbaskani-erdogan-kuduse-uzanan-her-eli-istanbula-uzanmis-sayariz","status":"publish","type":"post","link":"https:\/\/www.vizyon2023.com.tr\/index.php\/2017\/12\/18\/cumhurbaskani-erdogan-kuduse-uzanan-her-eli-istanbula-uzanmis-sayariz\/","title":{"rendered":"Cumhurba\u015fkan\u0131 Erdo\u011fan: Kud\u00fcs&#8217;e uzanan her eli \u0130stanbul&#8217;a uzanm\u0131\u015f sayar\u0131z"},"content":{"rendered":"<p>Cumhurba\u015fkan\u0131 Recep Tayyip Erdo\u011fan, Yalova&#8217;da AK Parti \u0130l Kongresi&#8217;nde konu\u015ftu.<\/p>\n<p>Erdo\u011fan, K\u0131l\u0131\u00e7daro\u011flu&#8217;na seslenerek, &#8220;B\u00f6yle avu\u00e7 dolusu sahte evraklar sallamakla sen kalk\u0131p da Tayyip Erdo\u011fan&#8217;a, ailesine leke s\u00fcremezsin, yarg\u0131da hesab\u0131n\u0131 vereceksin.&#8221; dedi.<\/p>\n<p>Cumhurba\u015fkan\u0131 Erdo\u011fan: Avu\u00e7 dolusu sahte evrak sallamakla sen Tayyip Erdo\u011fan ve ailesine leke s\u00fcremezsin, yarg\u0131da hesab\u0131n\u0131 vereceksin.https:\/\/t.co\/lmxZldHZdd pic.twitter.com\/KeeRdrk0F2<\/p>\n<p>\u2014 TRT Haber Canl\u0131 (@trthabercanli) 16 Aral\u0131k 2017<\/p>\n<p><strong>&#8220;Kud\u00fcs&#8217;\u00fcn hakk\u0131n\u0131 savunmaktan vazge\u00e7meyece\u011fiz&#8221;<\/strong><\/p>\n<p>Cumhurba\u015fkan\u0131 Erdo\u011fan, &#8220;\u0130srail istemiyor diye Filistin&#8217;in, Kud\u00fcs&#8217;\u00fcn hakk\u0131n\u0131 savunmaktan vazge\u00e7meyece\u011fiz.&#8221; diyen Erdo\u011fan, &#8220;Amerika&#8217;n\u0131n ba\u015fka hesaplar\u0131 var diye Suriye&#8217;de bir ter\u00f6r devleti kurulmas\u0131na izin vermeyece\u011fiz. Irak&#8217;\u0131n mezhep ve k\u00f6ken temelli b\u00f6l\u00fcnmesine seyirci kalmayaca\u011f\u0131z. AB&#8217;nin, NATO&#8217;nun, bir ba\u015fka g\u00fcc\u00fcn \u00fclkemizi ve milletimizi istiskal anlam\u0131na gelecek tav\u0131rlar\u0131na asla seyirci ve sessiz kalmayaca\u011f\u0131z.&#8221; dedi.<\/p>\n<p>Cumhurba\u015fkan\u0131 Erdo\u011fan: \u0130srail istemiyor diye Filistin&#8217;in, Kud\u00fcs&#8217;\u00fcn hakk\u0131n\u0131 savunmaktan vazge\u00e7meyece\u011fiz.https:\/\/t.co\/lmxZldHZdd pic.twitter.com\/kr2zjKbkta<\/p>\n<p>\u2014 TRT Haber Canl\u0131 (@trthabercanli) 16 Aral\u0131k 2017<\/p>\n<p>Erdo\u011fan, &#8220;Kud\u00fcs&#8217;e uzanan her eli \u0130stanbul&#8217;a uzanm\u0131\u015f sayar\u0131z. T\u00fcrkiye&#8217;nin Kud\u00fcs meselesinde ortaya koydu\u011fu tav\u0131r gayet a\u00e7\u0131kt\u0131r, nettir. Biz sonuna kadar hakk\u0131 hayk\u0131rmaya, s\u00f6ylemeye devam edece\u011fiz.&#8221; dedi.<\/p>\n<p>Erdo\u011fan, \u015f\u00f6yle konu\u015ftu:<\/p>\n<p>&#8220;D\u00fcn Bosna&#8217;da nas\u0131l karde\u015flerimizin yan\u0131nda yer ald\u0131ysak, d\u00fcn Kafkasya&#8217;daki karde\u015flerimizin m\u00fccadelesine nas\u0131l destek verdiysek, d\u00fcn d\u00fcnyan\u0131n her k\u00f6\u015fesindeki karde\u015fimizi nas\u0131l yaln\u0131z b\u0131rakmad\u0131ysak, bug\u00fcn de \u00e7ok daha g\u00fc\u00e7l\u00fc ve kararl\u0131 bir \u015fekilde bunu yap\u0131yoruz ve yapaca\u011f\u0131z. Ecdad\u0131m\u0131z\u0131n bize emaneti olan bu vakur duru\u015ftan asla vazge\u00e7meyece\u011fiz.&#8221;<\/p>\n<p><strong>&#8220;BM gerekeni yapm\u0131yorsa ilgili mercileri zorlayaca\u011f\u0131z&#8221;<\/strong><\/p>\n<p>Erdo\u011fan, &#8220;BM, BM G\u00fcvenlik Konseyi ne gerekiyorsa yapacaks\u0131n\u0131z. Yapm\u0131yorsan\u0131z hukuk i\u00e7inde gerekeni yapmak i\u00e7in ilgili mercileri zorlayaca\u011f\u0131z.&#8221; dedi.<\/p>\n<p><strong>&#8220;Biz vakti nakde d\u00f6n\u00fc\u015ft\u00fcrd\u00fck&#8221;<\/strong><\/p>\n<p>Erdo\u011fan, T\u00fcrkiye&#8217;nin son 15 y\u0131l\u0131nda hem ge\u00e7mi\u015fin eksiklerini gidermenin hem de gelece\u011fi in\u015fa etmenin gayreti i\u00e7inde olduklar\u0131n\u0131 ifade ederek, e\u011fitimde 270 bin yeni dersli\u011fin \u00fclkeye kazand\u0131r\u0131ld\u0131\u011f\u0131n\u0131, 584 bin \u00f6\u011fretmen atand\u0131\u011f\u0131n\u0131, 110 yeni \u00fcniversite a\u00e7\u0131ld\u0131\u011f\u0131n\u0131, y\u00fcksek \u00f6\u011frenim yurtlar\u0131n\u0131n kapasitesinin 435 bin ilaveyle 617 bine \u00e7\u0131kar\u0131ld\u0131\u011f\u0131n\u0131 kaydetti.<\/p>\n<p>&#8220;Bunu g\u00f6rmeyenler var m\u0131? Var. G\u00f6z\u00fc var g\u00f6rm\u00fcyor. Kula\u011f\u0131 var duymuyor. Dili var hakk\u0131 s\u00f6ylemiyor. Niye? Kalbi m\u00fch\u00fcrl\u00fc?&#8221; diyen Erdo\u011fan, \u015funlar\u0131 s\u00f6yledi:<\/p>\n<p>&#8220;\u0130\u015fte \u00f6yle bir ana muhalefet var ki yeni ad\u0131yla ana h\u0131yanet, bunlar\u0131 hi\u00e7 g\u00f6rm\u00fcyor. Gel bir Osmangazi&#8217;den, Yavuz Sultan Selim K\u00f6pr\u00fcs\u00fc&#8217;nden, Avrasya T\u00fcneli&#8217;nden ge\u00e7. Yoksa bizim g\u00f6rmedi\u011fimiz zamanlarda m\u0131 ge\u00e7iyor, ne yap\u0131yor bilmiyorum. Bunlar\u0131 kimler yapt\u0131, bir g\u00f6r. &#8216;Bu k\u00f6pr\u00fclerin fiyat\u0131n\u0131 a\u00e7\u0131klamad\u0131n\u0131z. Hastanelerin fiyat\u0131n\u0131 a\u00e7\u0131klam\u0131yorsunuz.&#8217; diyor. Bir defa kaynak \u00e7e\u015fitlendirme nedir ekonomide, bunu bilmeyecek kadar cahil bu adam. Cebinizdeki paray\u0131 harcamak gayet kolayd\u0131r. Biz geldi\u011fimizde kasa tam tak\u0131r, b\u00f6yleydi. E ne yapaca\u011f\u0131z, bir \u015feyler ortaya koymam\u0131z laz\u0131m. Ne yapt\u0131k? Dedik ki PPP (Public Private Partnership), kamu \u00f6zel ortakl\u0131\u011f\u0131. B\u00fct\u00fcn bunlar\u0131 devreye sokarak, hamdolsun hastaneleri b\u00f6yle yapt\u0131k. Peki ne yapt\u0131n\u0131z? Biz, zaman\u0131 satt\u0131k. Eskiler ne demi\u015f, &#8216;Vakit nakittir.&#8217; \u0130\u015fte biz vakti, zaman\u0131 nakde d\u00f6n\u00fc\u015ft\u00fcrd\u00fck. Hastane mi yap\u0131yor? Dedik ki &#8216;Al, 10 y\u0131ll\u0131\u011f\u0131na, 15 y\u0131ll\u0131\u011f\u0131na&#8217;, ihaleyi b\u00f6yle yapt\u0131k. K\u00f6pr\u00fc de ayn\u0131 \u015fekilde, 10 y\u0131l, 15 y\u0131l, 20 y\u0131l neyse. Ama bunlar\u0131n kafas\u0131 basmaz, anlamaz.&#8221;<\/p>\n<p>Kaynak: TRT Haber\/AA<\/p>\n","protected":false},"excerpt":{"rendered":"<p>Cumhurba\u015fkan\u0131 Recep Tayyip Erdo\u011fan, Yalova&#8217;da AK Parti \u0130l Kongresi&#8217;nde konu\u015ftu.<\/p>\n","protected":false},"author":8,"featured_media":2325,"comment_status":"open","ping_status":"closed","sticky":false,"template":"","format":"standard","meta":[],"categories":[58],"tags":[],"_links":{"self":[{"href":"https:\/\/www.vizyon2023.com.tr\/index.php\/wp-json\/wp\/v2\/posts\/2324"}],"collection":[{"href":"https:\/\/www.vizyon2023.com.tr\/index.php\/wp-json\/wp\/v2\/posts"}],"about":[{"href":"https:\/\/www.vizyon2023.com.tr\/index.php\/wp-json\/wp\/v2\/types\/post"}],"author":[{"embeddable":true,"href":"https:\/\/www.vizyon2023.com.tr\/index.php\/wp-json\/wp\/v2\/users\/8"}],"replies":[{"embeddable":true,"href":"https:\/\/www.vizyon2023.com.tr\/index.php\/wp-json\/wp\/v2\/comments?post=2324"}],"version-history":[{"count":0,"href":"https:\/\/www.vizyon2023.com.tr\/index.php\/wp-json\/wp\/v2\/posts\/2324\/revisions"}],"wp:featuredmedia":[{"embeddable":true,"href":"https:\/\/www.vizyon2023.com.tr\/index.php\/wp-json\/wp\/v2\/media\/2325"}],"wp:attachment":[{"href":"https:\/\/www.vizyon2023.com.tr\/index.php\/wp-json\/wp\/v2\/media?parent=2324"}],"wp:term":[{"taxonomy":"category","embeddable":true,"href":"https:\/\/www.vizyon2023.com.tr\/index.php\/wp-json\/wp\/v2\/categories?post=2324"},{"taxonomy":"post_tag","embeddable":true,"href":"https:\/\/www.vizyon2023.com.tr\/index.php\/wp-json\/wp\/v2\/tags?post=2324"}],"curies":[{"name":"wp","href":"https:\/\/api.w.org\/{rel}","templated":true}]}}