{"id":2316,"date":"2017-12-14T09:51:45","date_gmt":"2017-12-14T07:51:45","guid":{"rendered":"http:\/\/www.vizyon2023.com.tr\/index.php\/2017\/12\/14\/cumhurbaskani-erdogan-filistinin-kaderi-kandan-beslenen-bir-ulkenin-eline-birakilamaz\/"},"modified":"2017-12-14T09:51:45","modified_gmt":"2017-12-14T07:51:45","slug":"cumhurbaskani-erdogan-filistinin-kaderi-kandan-beslenen-bir-ulkenin-eline-birakilamaz","status":"publish","type":"post","link":"https:\/\/www.vizyon2023.com.tr\/index.php\/2017\/12\/14\/cumhurbaskani-erdogan-filistinin-kaderi-kandan-beslenen-bir-ulkenin-eline-birakilamaz\/","title":{"rendered":"Cumhurba\u015fkan\u0131 Erdo\u011fan: Filistin&#8217;in kaderi kandan beslenen bir \u00fclkenin eline b\u0131rak\u0131lamaz"},"content":{"rendered":"<p>Cumhurba\u015fkan\u0131 Recep Tayyip Erdo\u011fan, T\u00fcrkiye&#8217;nin ev sahipli\u011finde L\u00fctfi K\u0131rdar Uluslararas\u0131 Kongre ve Sergi Saray\u0131&#8217;nda ger\u00e7ekle\u015ftirilen ve Anadolu Ajans\u0131&#8217;n\u0131n &#8220;ev sahibi foto\u011fraf sa\u011flay\u0131c\u0131&#8221; oldu\u011fu \u0130slam \u0130\u015fbirli\u011fi Te\u015fkilat\u0131 (\u0130\u0130T) Ola\u011fan\u00fcst\u00fc Zirvesi&#8217;nin ard\u0131ndan Filistin Devlet Ba\u015fkan\u0131 Mahmud Abbas ve \u0130\u0130T Genel Sekreteri Yusuf bin Ahmed El Useymin ile ortak bas\u0131n toplant\u0131s\u0131 d\u00fczenledi.<\/p>\n<p>Erdo\u011fan, toplant\u0131da yapt\u0131\u011f\u0131 konu\u015fmada, \u0130\u0130T&#8217;nin varl\u0131k gayesinin, Kud\u00fcs&#8217;\u00fcn kutsiyetinin ve tarihi stat\u00fcs\u00fcn\u00fcn muhafazas\u0131 oldu\u011funu vurgulad\u0131. Te\u015fkilat\u0131n tarihi misyonuna ve gayesine yak\u0131\u015f\u0131r, anlaml\u0131 ve kritik bir zirve toplant\u0131s\u0131 ger\u00e7ekle\u015ftirdiklerine de\u011finen Erdo\u011fan, &#8220;Zirveye te\u015frif eden t\u00fcm misafirlerimize, bu \u00f6nemli etkinli\u011fin d\u00fczenlenmesinde eme\u011fi ge\u00e7en herkese g\u00f6n\u00fclden te\u015fekk\u00fcr ediyorum.&#8221; diye konu\u015ftu.<\/p>\n<p>Bu tarihi zirveyle Kud\u00fcs&#8217;\u00fcn sahipsiz olmad\u0131\u011f\u0131n\u0131, karar sahipleri ba\u015fta olmak \u00fczere t\u00fcm d\u00fcnyaya g\u00f6sterdiklerine inand\u0131\u011f\u0131n\u0131 dile getiren Erdo\u011fan, \u015f\u00f6yle devam etti:<\/p>\n<p>&#8220;Amerika Birle\u015fik Devletleri Ba\u015fkan\u0131 Trump&#8217;un Kud\u00fcs&#8217;e dair a\u00e7\u0131klamas\u0131n\u0131n ilk i\u015faretleri gelmeye ba\u015flad\u0131\u011f\u0131 andan itibaren \u0130slam Zirvesi D\u00f6nem Ba\u015fkan\u0131 olarak \u00e7ok yo\u011fun mesai sarf ettik. Karar\u0131n \u00e7ok ciddi sonu\u00e7lar\u0131 olaca\u011f\u0131n\u0131, b\u00f6lgeyi b\u00fcy\u00fck bir ate\u015f \u00e7emberine s\u00fcr\u00fckleyece\u011fini her f\u0131rsatta a\u00e7\u0131k\u00e7a dile getirdik. Bu karar\u0131n gayrime\u015fru ve kabul edilemez oldu\u011funu, bar\u0131\u015f \u00e7abalar\u0131n\u0131 sekteye u\u011frataca\u011f\u0131n\u0131, fanatiklerin ekme\u011fine ya\u011f s\u00fcrece\u011fini de anlatt\u0131k. Az \u00f6nce Say\u0131n Filistin Devlet Ba\u015fkan\u0131&#8217;n\u0131n ifade etti\u011fi gibi, bundan b\u00f6yle taraf olan bir Amerika&#8217;n\u0131n art\u0131k \u0130srail-Filistin aras\u0131nda arabuluculuk yapmas\u0131 diye bir \u015fey s\u00f6z konusu olamaz. Bu s\u00fcre\u00e7 art\u0131k bitmi\u015ftir. Burada arabuluculuk konusu art\u0131k \u0130slam \u0130\u015fbirli\u011fi Te\u015fkilat\u0131&#8217;n\u0131n t\u00fcm yetkililerinin aram\u0131zda g\u00f6r\u00fc\u015fmek suretiyle &#8216;Kim olabilir?&#8217; bunun \u00fczerinde durmak laz\u0131m ve gerekirse Birle\u015fmi\u015f Milletler&#8217;de bu konunun de\u011ferlendirilmesi laz\u0131m. \u00c7\u00fcnk\u00fc taraf olanla de\u011fil, tarafs\u0131z olanla b\u00f6yle bir s\u00fcre\u00e7 devam edebilir.&#8221;<\/p>\n<p><strong>&#8220;\u0130srail tamam\u0131n\u0131 alman\u0131n hesab\u0131 i\u00e7erisinde&#8221;<\/strong><\/p>\n<p>Bug\u00fcne kadar al\u0131nm\u0131\u015f bir\u00e7ok BM G\u00fcvenlik Konseyi karar\u0131 oldu\u011funa da i\u015faret eden Cumhurba\u015fkan\u0131 Erdo\u011fan, &#8220;Bu kararlar\u0131n hi\u00e7birisine \u0130srail uymam\u0131\u015ft\u0131r. Uymad\u0131\u011f\u0131 halde &#8216;Bir daha bir daha bir daha&#8217; demek suretiyle tezgah tamam\u0131yla hep \u0130srail&#8217;e \u00e7al\u0131\u015fm\u0131\u015ft\u0131r.&#8221; dedi.<\/p>\n<p>Filistin&#8217;in 1947 y\u0131l\u0131na ait haritalar\u0131n\u0131 da bas\u0131n mensuplar\u0131na g\u00f6steren Erdo\u011fan, &#8220;Kald\u0131 ki 1947&#8217;den \u00f6nce bir de 30&#8217;lu y\u0131llar var, yani \u0130ngilizlerin o zamanlar adeta i\u015fi y\u00f6nlendirdi\u011fi d\u00f6nemler. Bak\u0131n\u0131z b\u00fct\u00fcn ye\u015fil olan alan tamamen Filistin&#8217;e ait, noktasal alanlar da o zamanlar Yahudi yerle\u015fim b\u00f6lgeleri. Geliyoruz 1947&#8217;ye, burada bir payla\u015f\u0131m plan\u0131 var ki bu payla\u015f\u0131m plan\u0131 da Birle\u015fmi\u015f Milletler&#8217;in. Onlar\u0131n yapt\u0131\u011f\u0131 bir payla\u015f\u0131m plan\u0131. Burada da yine Filistin ye\u015fil alan, ama beyaz olan k\u0131s\u0131mlar \u0130srail&#8217;e verilmi\u015f. Yani \u0130srail b\u00fcy\u00fcyor.&#8221; ifadelerini kulland\u0131.<\/p>\n<p>Cumhurba\u015fkan\u0131 Erdo\u011fan, 1949-1967 d\u00f6neminde Filistin&#8217;in ciddi manada k\u00fc\u00e7\u00fcld\u00fc\u011f\u00fcn\u00fc, \u0130srail&#8217;in ise orada &#8220;b\u00fcy\u00fct\u00fcld\u00fc\u011f\u00fcn\u00fc&#8221; vurgulayarak, s\u00f6zlerini \u015f\u00f6yle s\u00fcrd\u00fcrd\u00fc:<\/p>\n<p>&#8220;Kurt-kuzu payla\u015f\u0131m\u0131 var ya kurt bile b\u00f6yle adaletsiz bir payla\u015f\u0131m yapmaz. Bu topraklar\u0131n ger\u00e7ek sahibi Filistinliler. \u0130\u015fte \u015fu andaki mevcut duruma geliyoruz. Bak\u0131n 47&#8217;de \u0130srail ne ise \u015fu anda da Filistin o hale getirildi. \u015eimdi ise \u0130srail neredeyse tamam\u0131na yerle\u015fmi\u015f durumda, bununla da doymuyor, tamam\u0131n\u0131 alman\u0131n hesab\u0131, gayreti i\u00e7erisinde. \u015eu anda Trump Efendi bunun gayreti i\u00e7inde. Niye? Evangelist ve siyonist bir mant\u0131\u011f\u0131n \u00fcr\u00fcn\u00fcd\u00fcr \u015fu andaki tablo ve bu siyonist mant\u0131k, Sultan Abd\u00fclhamid&#8217;e yapt\u0131ramad\u0131klar\u0131n\u0131 \u015fimdi yapman\u0131n gayreti i\u00e7erisindeler. \u0130\u0130T&#8217;nin devlet ve h\u00fck\u00fcmet ba\u015fkanlar\u0131 olarak, y\u00f6neticileri olarak, buradaki bu duru\u015fumuzu kararl\u0131 bir \u015fekilde s\u00fcrd\u00fcrmemiz gerekiyor. Bu konudaki duru\u015fumuzu &#8216;Kud\u00fcs bizim k\u0131rm\u0131z\u0131 \u00e7izgimizdir.&#8217; diyerek t\u00fcm d\u00fcnyaya ilan ettik. Amerikan y\u00f6netimi t\u00fcm itirazlara, ikazlara ra\u011fmen Kud\u00fcs&#8217;le ilgili hukuk d\u0131\u015f\u0131, mant\u0131k d\u0131\u015f\u0131, ahlak d\u0131\u015f\u0131 a\u00e7\u0131klamas\u0131n\u0131 yapt\u0131. Bu karar\u0131n gerek vicdan gerek hukuk gerek tarih \u00f6n\u00fcnde h\u00fck\u00fcms\u00fcz oldu\u011funu ilk g\u00fcnden itibaren belirtiyoruz. Yani Trump&#8217;\u0131n ilan etti\u011fi bu karar\u0131n bizim indimizde k\u0131ymeti harbiyesi yoktur.&#8221;<\/p>\n<p><strong>&#8220;Buradan bir ittifak do\u011fmu\u015ftur&#8221;<\/strong><\/p>\n<p>Cumhurba\u015fkan\u0131 Recep Tayyip Erdo\u011fan, \u0130\u0130T&#8217;nin bug\u00fcnk\u00fc zirvesinin Amerikan y\u00f6netiminin att\u0131\u011f\u0131 provokatif ad\u0131m\u0131n vahametini g\u00f6stermesi a\u00e7\u0131s\u0131ndan tarihi bir mesaj oldu\u011funu vurgulayarak, &#8220;Hatada \u0131srar etmenin kimseye faydas\u0131 yoktur. Amerikan makamlar\u0131n\u0131n bu yanl\u0131\u015f kararlar\u0131ndan bir an \u00f6nce d\u00f6nmelerini bekliyoruz. Te\u015fkilat \u00fcyesi \u00fclkelerin tamam\u0131, Kud\u00fcs ile dayan\u0131\u015fma i\u00e7inde olmaya, Kud\u00fcs&#8217;\u00fcn kutsiyetini ve tarihi stat\u00fcs\u00fcn\u00fc m\u00fcdafaa etmeye kararl\u0131d\u0131r. Zirvenin &#8216;Kud\u00fcs ile dayan\u0131\u015fma i\u00e7in birlikte hareket&#8217; temas\u0131yla yap\u0131lm\u0131\u015f olmas\u0131 bu kararl\u0131l\u0131\u011f\u0131n ispat\u0131d\u0131r. Yani buradan bir ittifak do\u011fmu\u015ftur.&#8221; ifadelerini kulland\u0131.<\/p>\n<p>\u0130stanbul Deklarasyonu&#8217;nda Filistin ve Kud\u00fcs hatt\u0131nda Birle\u015fmi\u015f Milletler taraf\u0131ndan kabul edilmi\u015f olan kararlar\u0131, \u00f6zellikle de 1980 tarihli ve 478 say\u0131l\u0131 G\u00fcvenlik Konseyi karar\u0131n\u0131 hat\u0131rlatt\u0131klar\u0131n\u0131 aktaran Erdo\u011fan, konu\u015fmas\u0131n\u0131 \u015f\u00f6yle s\u00fcrd\u00fcrd\u00fc:<\/p>\n<p>&#8220;478 say\u0131l\u0131 karar\u0131n alt\u0131nda Amerika Birle\u015fik Devletleri&#8217;nin de imzas\u0131 var. \u00c7ok \u00f6nemli. G\u00fcvenlik Konseyi&#8217;nin daimi \u00fcyelerinin itibars\u0131z hale getirildi\u011fi bir sisteme, di\u011fer \u00fclkelerin g\u00fcvenmesini kimse beklememelidir. Say\u0131n Ba\u015fkan, alt\u0131nda Amerika&#8217;n\u0131n da imzas\u0131 olan b\u00f6yle bir karar metnini nas\u0131l yok sayar? Tek ba\u015f\u0131na sen b\u00f6yle bir karar\u0131 nas\u0131l al\u0131yorsun? Kud\u00fcs ve Filistin ge\u00e7mi\u015fi \u00f6zellikle, Deir, Yasin, Cenin, Gazze, Sabra ve \u015eatilla gibi katliamlarla dolu bir \u00fclkenin insaf\u0131na terk edilemez. Kud\u00fcs&#8217;\u00fcn kaderi kandan beslenen, \u00e7ocuklar\u0131, sivilleri, kad\u0131nlar\u0131 vah\u015fice \u00f6ld\u00fcrerek s\u0131n\u0131rlar\u0131n\u0131 geni\u015fleten bir \u00fclkenin ellerine b\u0131rak\u0131lamaz. 14 ya\u015f\u0131nda \u00e7ocu\u011fu, 20 askerin, polisin nas\u0131l g\u00f6zlerini kapatarak i\u015fte buyurun, i\u015fkence yapt\u0131klar\u0131n\u0131 g\u00f6r\u00fcyorsunuz de\u011fil mi? \u015eu hale bak\u0131n. \u00c7ok daha enteresan down sendromlu bir \u00e7ocu\u011fu i\u015fkence yaparak, s\u00fcr\u00fckleyerek g\u00f6t\u00fcr\u00fcyorlar.<\/p>\n<p>Tabii \u015fu anda onlar ekranda yok. Onlar\u0131n da ekranda olmas\u0131 bu toplant\u0131y\u0131 daha da zenginle\u015ftirecekti. Daha da ileriye gidiyorum, ufac\u0131k bir k\u0131z, yavru&#8230; Annesi yavrusuna sar\u0131l\u0131yor, onlar gelip dip\u00e7ikle anneyi orada d\u00f6verek, i\u015fkence ederek, herkesin \u00f6n\u00fcnde bunu yap\u0131yor. Daha ileri gidiyorum, bu \u00e7ocuklar\u0131 yakalay\u0131p demir kafeslerin i\u00e7ine koyuyorlar. Ben nereyi anlat\u0131yorum \u015fu anda? Anlatt\u0131\u011f\u0131m yer \u0130srail. Ey Trump sen bu \u0130srail&#8217;in mi arkas\u0131nda duruyorsun ya? Burada i\u015fgal var, burada i\u015fkence var, burada ter\u00f6r var. Buray\u0131 m\u0131 savunuyorsun? Ama art\u0131k ben normal kar\u015f\u0131lamaya ba\u015flad\u0131m, savunur. Niye? YPG&#8217;yi, PYD&#8217;yi, DEA\u015e&#8217;a kar\u015f\u0131 cepheye s\u00fcren bir Trump anlay\u0131\u015f\u0131 bunu da yapar. Ama \u015funu bilmeniz laz\u0131m, Kud\u00fcs bizim ilk k\u0131blemizdir. Peygamberler \u015fehridir. Kud\u00fcs, Mekke&#8217;nin, Medine&#8217;nin, \u0130stanbul&#8217;un, Ba\u011fdat&#8217;\u0131n, Kahire&#8217;nin, Buhara&#8217;n\u0131n karde\u015fidir. Kud\u00fcs t\u00fcm Alem-i \u0130slam&#8217;\u0131n g\u00f6z bebe\u011fidir. Bunun yan\u0131nda Kud\u00fcs t\u00fcm insanl\u0131\u011f\u0131n ortak miras\u0131d\u0131r. Biz t\u00fcm uluslararas\u0131 ortaklar\u0131m\u0131zla birlikte, Amerikan y\u00f6netimi yanl\u0131\u015f karar\u0131ndan d\u00f6nene ve \u0130srail i\u015fgali bitene kadar hukuk ve me\u015fruiyet temelinde Kud\u00fcs m\u00fccadelemizi s\u00fcrd\u00fcrece\u011fiz.&#8221;<\/p>\n<p><strong>&#8220;Amerikan y\u00f6netiminin a\u00e7\u0131klamas\u0131n\u0131 reddetti\u011fimizi bir kez daha teyit ettik&#8221;<\/strong><\/p>\n<p>Cumhurba\u015fkan\u0131 Erdo\u011fan, Amerika&#8217;n\u0131n Kud\u00fcs a\u00e7\u0131klamas\u0131n\u0131n Birle\u015fmi\u015f Milletler kararlar\u0131 yan\u0131nda, \u015fehrin kadim karakterine de ayk\u0131r\u0131 oldu\u011funu dile getirerek, \u015funlar\u0131 kaydetti:<\/p>\n<p>&#8220;Kud\u00fcs&#8217;\u00fcn tarihi karakterinin muhafazas\u0131n\u0131n t\u00fcm insanl\u0131k i\u00e7in \u00f6nemini vurgulad\u0131k. Kud\u00fcs&#8217;e sahip \u00e7\u0131kman\u0131n gerek b\u00f6lgemizde gerek d\u00fcnyada vicdan\u0131n, adaletin mihenk ta\u015f\u0131 oldu\u011funun \u00f6zellikle alt\u0131n\u0131 \u00e7izdik. B\u00f6lgede bar\u0131\u015f\u0131n ancak Kud\u00fcs, Bat\u0131 \u015eeria ve Gazze&#8217;deki i\u015fgal sona erip, Filistinliler kendi yurtlar\u0131nda \u00f6zg\u00fcrce ya\u015fayabildi\u011finde m\u00fcmk\u00fcn olaca\u011f\u0131n\u0131 da hat\u0131rlatt\u0131k. Yine s\u00f6yl\u00fcyorum, 1,7 milyarl\u0131k \u0130slam d\u00fcnyas\u0131yla birlikte t\u00fcm insanl\u0131k olarak Amerikan y\u00f6netiminin a\u00e7\u0131klamas\u0131n\u0131 reddetti\u011fimizi bir kez daha teyit ettik. Buradan alt\u0131n\u0131 \u00e7izerek \u015fu noktay\u0131 tekrar ifade ediyorum, biz te\u015fkilat olarak 1967 s\u0131n\u0131rlar\u0131nda, ba\u015fkenti Kud\u00fcs olan, egemen ve ba\u011f\u0131ms\u0131z Filistin Devleti talebinden asla geri ad\u0131m atmayaca\u011f\u0131z.&#8221;<\/p>\n<p><strong>&#8220;Filistin devletinin ba\u015fkenti Kud\u00fcs&#8217;t\u00fcr&#8221;<\/strong><\/p>\n<p>Erdo\u011fan, i\u015fgal bitene kadar m\u00fccadeleyi hukuk, demokrasi ve me\u015fruiyet \u00e7izgisinde kararl\u0131l\u0131kla y\u00fcr\u00fcteceklerini belirterek, BM ba\u015fta olmak \u00fczere uluslararas\u0131 platformlarda Filistin davas\u0131na ve Kud\u00fcs&#8217;e sahip \u00e7\u0131kmaya devam edeceklerini vurgulad\u0131.<\/p>\n<p>Ayn\u0131 \u015fekilde medya, sosyal medya, sivil toplum, akademi, i\u015f d\u00fcnyas\u0131, \u00fcyesi olunan kurulu\u015flar nezdinde g\u00fc\u00e7l\u00fc bir Kud\u00fcs seferberli\u011fi de ba\u015flatacaklar\u0131n\u0131 ifade eden Erdo\u011fan, &#8220;Filistin Devleti&#8217;nin ve kurulu\u015flar\u0131n\u0131n her sahada g\u00fc\u00e7lendirilmesi i\u00e7in M\u00fcsl\u00fcmanlar olarak t\u00fcm imkanlar\u0131m\u0131z\u0131 harekete ge\u00e7irece\u011fiz. Bir kez daha \u015fu tarihi a\u00e7\u0131klamay\u0131 yapmak istiyorum; Filistin Devleti&#8217;ni hen\u00fcz tan\u0131mam\u0131\u015f t\u00fcm \u00fclkelere derhal Filistin Devleti&#8217;ni tan\u0131ma \u00e7a\u011fr\u0131s\u0131nda bulunuyorum. Biz, bug\u00fcn Kud\u00fcs&#8217;\u00fc Filistin&#8217;in ba\u015fkenti olarak tan\u0131d\u0131\u011f\u0131m\u0131z\u0131 ilan ettik. Art\u0131k bizim nazar\u0131m\u0131zda Filistin Devleti&#8217;nin ba\u015fkenti Kud\u00fcs&#8217;t\u00fcr ve \u00f6yle kalacakt\u0131r.&#8221; diye konu\u015ftu.<\/p>\n<p>Di\u011fer \u00fclkelerin de Kud\u00fcs&#8217;\u00fc Filistin Devleti&#8217;nin i\u015fgal alt\u0131ndaki ba\u015fkenti olarak tan\u0131maya davet eden Cumhurba\u015fkan\u0131 Erdo\u011fan, &#8220;Adalet ve bar\u0131\u015f isteyen herkesin bu \u00f6nemli ad\u0131m\u0131 bir an \u00f6nce ataca\u011f\u0131na inan\u0131yorum.&#8221; dedi.<\/p>\n<p><strong>&#8220;Filistinli \u00e7ocuklar bizim ilham kayna\u011f\u0131m\u0131zd\u0131r&#8221;<\/strong><\/p>\n<p>Erdo\u011fan, Bakara Suresi&#8217;nin 216. ayeti olan, &#8220;Sizin \u015fer bildiklerinizde hay\u0131r, hay\u0131r bildiklerinizde \u015fer vard\u0131r&#8221; ayetini hat\u0131rlatarak, \u015funlar\u0131 kaydetti:<\/p>\n<p>&#8220;\u015eu an M\u00fcsl\u00fcmanlar i\u00e7in zahirde \u015fer gibi g\u00f6r\u00fcnen bu karar\u0131n, in\u015fallah hayra tebdil olaca\u011f\u0131na inan\u0131yorum. Uzun s\u00fcredir \u00f6zledi\u011fimiz vahdet tablosunun bug\u00fcn burada tecess\u00fcm etmesini de bu bak\u0131mdan anlaml\u0131 g\u00f6r\u00fcyorum. \u0130n\u015fallah ortak m\u00fccadelemizle hem mevcut adaletsizli\u011fi d\u00fczeltecek hem de Kud\u00fcs&#8217;\u00fcn \u00f6zg\u00fcrl\u00fc\u011f\u00fcne kavu\u015fmas\u0131n\u0131 in\u015fallah sa\u011flayaca\u011f\u0131z. \u015eu ger\u00e7e\u011fi daima akl\u0131m\u0131zda tutmam\u0131z gerekti\u011fine inan\u0131yorum; umutsuz olmay\u0131n, &#8216;Allah&#8217;\u0131n rahmetinden \u00fcmidinizi kesmeyiniz.&#8217; M\u00fcsl\u00fcmanlar asla \u00e7aresiz de\u011fildir, g\u00fc\u00e7s\u00fcz de\u011fildir. \u0130man varsa her zaman imkan da vard\u0131r. \u0130nan\u00e7, sab\u0131r, azim ve m\u00fccadele oldu\u011fu s\u00fcrece a\u015famayaca\u011f\u0131m\u0131z hi\u00e7bir engel yoktur. Onlarca \u0130srail askerinin aras\u0131nda o ba\u015f\u0131 dik y\u00fcr\u00fcyen Filistinli \u00e7ocuklar bizim ilham kayna\u011f\u0131m\u0131zd\u0131r, onlara selam olsun. Onca bask\u0131ya, \u015fiddete, devlet ter\u00f6r\u00fcne ra\u011fmen, \u00f6zg\u00fcrl\u00fcklerinden vazge\u00e7meyen o Filistinli kad\u0131nlar, anneler bizim en b\u00fcy\u00fck g\u00fcven kayna\u011f\u0131m\u0131zd\u0131r, onlara selam olsun. Rabbimizin inayeti, karde\u015flerimizin deste\u011fi, mazlum ve ma\u011fdurlar\u0131n duas\u0131yla in\u015fallah bu m\u00fccadeleyi ba\u015far\u0131ya ula\u015ft\u0131raca\u011f\u0131z.&#8221;<\/p>\n<p>Kat\u0131l\u0131mc\u0131lara te\u015fekk\u00fcr eden Cumhurba\u015fkan\u0131 Erdo\u011fan, s\u00f6zlerini, Kud\u00fcs i\u00e7in can\u0131n\u0131 veren \u015fehitleri yad ederek tamamlad\u0131.<\/p>\n","protected":false},"excerpt":{"rendered":"<p>\u0130slam \u0130\u015fbirli\u011fi Te\u015fkilat\u0131 Zirvesi sonras\u0131nda liderler kameralar\u0131n \u00f6n\u00fcne ge\u00e7ti. Cumhurba\u015fkan\u0131 Erdo\u011fan, &#8216;Filistin&#8217;in kaderi kandan beslenen bir \u00fclkenin eline b\u0131rak\u0131lamaz&#8217; dedi.<\/p>\n","protected":false},"author":8,"featured_media":2317,"comment_status":"open","ping_status":"closed","sticky":false,"template":"","format":"standard","meta":[],"categories":[85],"tags":[],"_links":{"self":[{"href":"https:\/\/www.vizyon2023.com.tr\/index.php\/wp-json\/wp\/v2\/posts\/2316"}],"collection":[{"href":"https:\/\/www.vizyon2023.com.tr\/index.php\/wp-json\/wp\/v2\/posts"}],"about":[{"href":"https:\/\/www.vizyon2023.com.tr\/index.php\/wp-json\/wp\/v2\/types\/post"}],"author":[{"embeddable":true,"href":"https:\/\/www.vizyon2023.com.tr\/index.php\/wp-json\/wp\/v2\/users\/8"}],"replies":[{"embeddable":true,"href":"https:\/\/www.vizyon2023.com.tr\/index.php\/wp-json\/wp\/v2\/comments?post=2316"}],"version-history":[{"count":0,"href":"https:\/\/www.vizyon2023.com.tr\/index.php\/wp-json\/wp\/v2\/posts\/2316\/revisions"}],"wp:featuredmedia":[{"embeddable":true,"href":"https:\/\/www.vizyon2023.com.tr\/index.php\/wp-json\/wp\/v2\/media\/2317"}],"wp:attachment":[{"href":"https:\/\/www.vizyon2023.com.tr\/index.php\/wp-json\/wp\/v2\/media?parent=2316"}],"wp:term":[{"taxonomy":"category","embeddable":true,"href":"https:\/\/www.vizyon2023.com.tr\/index.php\/wp-json\/wp\/v2\/categories?post=2316"},{"taxonomy":"post_tag","embeddable":true,"href":"https:\/\/www.vizyon2023.com.tr\/index.php\/wp-json\/wp\/v2\/tags?post=2316"}],"curies":[{"name":"wp","href":"https:\/\/api.w.org\/{rel}","templated":true}]}}