{"id":2314,"date":"2017-12-14T09:38:05","date_gmt":"2017-12-14T07:38:05","guid":{"rendered":"http:\/\/www.vizyon2023.com.tr\/index.php\/2017\/12\/14\/diyanet-isleri-baskani-erbas-eger-saglikli-din-egitimi-verilmezse-insanlarin-gonulleri-yanlis-bir-islam-anlayisina-kayiyor\/"},"modified":"2017-12-14T09:38:05","modified_gmt":"2017-12-14T07:38:05","slug":"diyanet-isleri-baskani-erbas-eger-saglikli-din-egitimi-verilmezse-insanlarin-gonulleri-yanlis-bir-islam-anlayisina-kayiyor","status":"publish","type":"post","link":"https:\/\/www.vizyon2023.com.tr\/index.php\/2017\/12\/14\/diyanet-isleri-baskani-erbas-eger-saglikli-din-egitimi-verilmezse-insanlarin-gonulleri-yanlis-bir-islam-anlayisina-kayiyor\/","title":{"rendered":"Diyanet \u0130\u015fleri Ba\u015fkan\u0131 Erba\u015f: E\u011fer sa\u011fl\u0131kl\u0131 din e\u011fitimi verilmezse insanlar\u0131n g\u00f6n\u00fclleri yanl\u0131\u015f bir \u0130slam anlay\u0131\u015f\u0131na kay\u0131yor"},"content":{"rendered":"<p>Diyanet \u0130\u015fleri Ba\u015fkan\u0131 Prof. Dr. Ali Erba\u015f, Gine Bissau Ulusal \u0130mamlar Birli\u011fi Ba\u015fkan\u0131 Djalo Aladje Bubakar ve beraberindeki heyeti konuk etti.<\/p>\n<p>Kabulde konu\u015fan Erba\u015f, M\u00fcsl\u00fcmanlar\u0131n bir araya gelerek \u0130slam d\u00fcnyas\u0131nda ya\u015fanan sorunlara \u00e7\u00f6z\u00fcm \u00fcretmesi gerekti\u011fini belirtti.<\/p>\n<p>Erba\u015f, y\u00fcr\u00fctt\u00fckleri hizmet i\u00e7i ve yayg\u0131n e\u011fitim programlar\u0131n\u0131n din hizmeti a\u00e7\u0131s\u0131ndan \u00f6nemine de\u011finerek, de\u011fi\u015fen \u015fartlara g\u00f6re e\u011fitimlerle \u00e7al\u0131\u015fmalar\u0131n g\u00fcncellenmesi gerekti\u011fini aktard\u0131.<\/p>\n<p><strong>&#8220;Kud\u00fcs, b\u00fct\u00fcn M\u00fcsl\u00fcmanlar\u0131n kalbindedir&#8221;<\/strong><\/p>\n<p>Sa\u011fl\u0131kl\u0131 din e\u011fitiminin \u00f6nemine de\u011finen Erba\u015f, &#8220;E\u011fer sa\u011fl\u0131kl\u0131 din e\u011fitimi verilmezse insanlar\u0131n g\u00f6n\u00fclleri yanl\u0131\u015f bir \u0130slam anlay\u0131\u015f\u0131na kay\u0131yor ve kar\u015f\u0131m\u0131za bir ter\u00f6r \u00f6rg\u00fct\u00fc \u00e7\u0131kabiliyor.&#8221; dedi.<\/p>\n<p>Gine Bissau Ulusal \u0130mamlar Birli\u011fi Ba\u015fkan\u0131 Djalo Aladje Bubakar ise kabulden duydu\u011fu memnuniyeti kaydederek, &#8220;Cumhurba\u015fkan\u0131n\u0131z Recep Tayyip Erdo\u011fan&#8217;\u0131n bu d\u00f6nemde b\u00fcy\u00fck rol\u00fc var. Kendisini T\u00fcrkiye&#8217;de \u0130slam \u0130\u015fbirli\u011fi Te\u015fkilat\u0131 ile ger\u00e7ekle\u015ftirmi\u015f oldu\u011fu toplant\u0131dan dolay\u0131 tebrik ediyorum. Kud\u00fcs, b\u00fct\u00fcn M\u00fcsl\u00fcmanlar\u0131n kalbindedir.&#8221; de\u011ferlendirmesinde bulundu.<\/p>\n<p>Kaynak: AA<\/p>\n","protected":false},"excerpt":{"rendered":"<p>Diyanet \u0130\u015fleri Ba\u015fkan\u0131 Erba\u015f, &#8220;E\u011fer sa\u011fl\u0131kl\u0131 din e\u011fitim verilmezse insanlar\u0131n g\u00f6n\u00fclleri yanl\u0131\u015f bir \u0130slam anlay\u0131\u015f\u0131na kay\u0131yor ve kar\u015f\u0131m\u0131za bir ter\u00f6r \u00f6rg\u00fct\u00fc \u00e7\u0131kabiliyor.&#8221; dedi.<\/p>\n","protected":false},"author":8,"featured_media":2315,"comment_status":"open","ping_status":"closed","sticky":false,"template":"","format":"standard","meta":[],"categories":[85],"tags":[],"_links":{"self":[{"href":"https:\/\/www.vizyon2023.com.tr\/index.php\/wp-json\/wp\/v2\/posts\/2314"}],"collection":[{"href":"https:\/\/www.vizyon2023.com.tr\/index.php\/wp-json\/wp\/v2\/posts"}],"about":[{"href":"https:\/\/www.vizyon2023.com.tr\/index.php\/wp-json\/wp\/v2\/types\/post"}],"author":[{"embeddable":true,"href":"https:\/\/www.vizyon2023.com.tr\/index.php\/wp-json\/wp\/v2\/users\/8"}],"replies":[{"embeddable":true,"href":"https:\/\/www.vizyon2023.com.tr\/index.php\/wp-json\/wp\/v2\/comments?post=2314"}],"version-history":[{"count":0,"href":"https:\/\/www.vizyon2023.com.tr\/index.php\/wp-json\/wp\/v2\/posts\/2314\/revisions"}],"wp:featuredmedia":[{"embeddable":true,"href":"https:\/\/www.vizyon2023.com.tr\/index.php\/wp-json\/wp\/v2\/media\/2315"}],"wp:attachment":[{"href":"https:\/\/www.vizyon2023.com.tr\/index.php\/wp-json\/wp\/v2\/media?parent=2314"}],"wp:term":[{"taxonomy":"category","embeddable":true,"href":"https:\/\/www.vizyon2023.com.tr\/index.php\/wp-json\/wp\/v2\/categories?post=2314"},{"taxonomy":"post_tag","embeddable":true,"href":"https:\/\/www.vizyon2023.com.tr\/index.php\/wp-json\/wp\/v2\/tags?post=2314"}],"curies":[{"name":"wp","href":"https:\/\/api.w.org\/{rel}","templated":true}]}}