{"id":2309,"date":"2017-12-12T12:21:19","date_gmt":"2017-12-12T10:21:19","guid":{"rendered":"http:\/\/www.vizyon2023.com.tr\/index.php\/2017\/12\/12\/maliye-bakani-agbal-buyume-orani-guclenerek-devam-edecek\/"},"modified":"2017-12-12T12:21:19","modified_gmt":"2017-12-12T10:21:19","slug":"maliye-bakani-agbal-buyume-orani-guclenerek-devam-edecek","status":"publish","type":"post","link":"https:\/\/www.vizyon2023.com.tr\/index.php\/2017\/12\/12\/maliye-bakani-agbal-buyume-orani-guclenerek-devam-edecek\/","title":{"rendered":"Maliye Bakan\u0131 A\u011fbal: B\u00fcy\u00fcme oran\u0131 g\u00fc\u00e7lenerek devam edecek"},"content":{"rendered":"<p>TBMM Genel Kurulunda 2018 Y\u0131l\u0131 Merkezi Y\u00f6netim B\u00fct\u00e7e Kanun Tasar\u0131s\u0131&#8217;n\u0131n t\u00fcm\u00fc \u00fczerindeki g\u00f6r\u00fc\u015fmeler ba\u015flad\u0131.<\/p>\n<p>Maliye Bakan\u0131 Naci A\u011fbal, b\u00fct\u00e7e sunumunda, k\u00fcresel ekonomiye ili\u015fkin geli\u015fme ve beklentilerin, T\u00fcrkiye ekonomisi \u00fczerinde OVP d\u00f6neminde d\u0131\u015f talep, sermaye giri\u015fleri, finansman ve fiyatlar kanal\u0131yla do\u011frudan, \u00fcretim, yat\u0131r\u0131m ve istihdam y\u00f6n\u00fcyle dolayl\u0131 olarak \u00e7e\u015fitli etkiler meydana getirece\u011fini belirtti.<\/p>\n<p><strong>Ba\u015fbakan Yard\u0131mc\u0131s\u0131 \u015eim\u015fek: T\u00fcrkiye sanayile\u015ferek b\u00fcy\u00fcyor<\/strong><\/p>\n<p><strong>T\u00fcrkiye ekonomisi 3. \u00e7eyrekte \u00e7ift haneli b\u00fcy\u00fcd\u00fc<\/strong><\/p>\n<p>K\u00fcresel ekonomik faaliyetlerde ve \u00f6zellikle Avro B\u00f6lgesi ekonomilerinde ortaya \u00e7\u0131kan canlanmayla genele yayg\u0131n ekonomik b\u00fcy\u00fcmenin, 2018-2020 OVP d\u00f6neminde d\u0131\u015f talep kanal\u0131 \u00fczerinden T\u00fcrkiye&#8217;nin ekonomik b\u00fcy\u00fcme oranlar\u0131n\u0131 yukar\u0131ya \u00e7ekece\u011fini ifade eden A\u011fbal, d\u0131\u015f konjonkt\u00fcrdeki olumlu geli\u015fmelerin T\u00fcrkiye ekonomisine b\u00fcy\u00fcme bak\u0131m\u0131ndan olumlu yans\u0131malar i\u00e7erdi\u011fini dile getirdi.<\/p>\n<p>K\u00fcresel emtia ve varl\u0131k fiyatlar\u0131ndaki dalgalanman\u0131n azalmas\u0131, finansal piyasalar\u0131n istikrar kazanmas\u0131 ve k\u00fcresel ticaretin artmas\u0131n\u0131n, T\u00fcrkiye&#8217;nin orta vadede cari i\u015flemler dengesinin s\u00fcrd\u00fcr\u00fclebilirli\u011fine katk\u0131 yapaca\u011f\u0131na, finansal istikrar\u0131 destekleyece\u011fine i\u015faret eden A\u011fbal, \u015f\u00f6yle konu\u015ftu:<\/p>\n<p>&#8220;Geli\u015fmi\u015f \u00fclke merkez bankalar\u0131n\u0131n geni\u015fletici para politikalar\u0131ndan \u00e7\u0131k\u0131\u015f s\u00fcrecini kademeli ve y\u0131llara yayg\u0131n bir \u015fekilde uygulamalar\u0131, k\u00fcresel finansal ko\u015fullar\u0131 hem beklentiler hem de finansman kanal\u0131yla b\u00fcy\u00fcmemize destek verecektir. Bu geli\u015fme, geli\u015fmekte olan \u00fclkelere y\u00f6nelik g\u00fc\u00e7l\u00fc sermaye ak\u0131\u015f\u0131n\u0131 destekleyecektir. Bu kapsamda \u00f6n\u00fcm\u00fczdeki y\u0131llarda \u00fclkemize y\u00f6nelik k\u00fcresel sermaye ak\u0131mlar\u0131 da bu geli\u015fme ortam\u0131 i\u00e7inde olumlu bir g\u00f6r\u00fcn\u00fcm arz edecek. K\u00fcresel finansal ko\u015fullardaki olumlu gidi\u015fatla \u00fclkemizdeki makroekonomik istikrar uluslararas\u0131 firmalar\u0131n \u00fclkemize do\u011frudan yat\u0131r\u0131m kararlar\u0131n\u0131 pozitif y\u00f6nde etkileyecektir.&#8221;<\/p>\n<p>A\u011fbal, emtia fiyatlar\u0131ndaki yatay seyir beklentisi ve finansal k\u0131r\u0131lganl\u0131klar\u0131n azalmas\u0131n\u0131n kur ve fiyat istikrar\u0131 \u00fczerinden enflasyondaki bask\u0131lar\u0131 azaltaca\u011f\u0131n\u0131, b\u00f6ylelikle cari a\u00e7\u0131\u011f\u0131 kontrol alt\u0131nda tutmay\u0131 destekleyece\u011fini vurgulad\u0131.<\/p>\n<p><strong>&#8220;B\u00fct\u00e7eden ayr\u0131lan kaynaklar\u0131 art\u0131rd\u0131k&#8221;<\/strong><\/p>\n<p>A\u011fbal, TBMM Genel Kurulu&#8217;nda 2018 y\u0131l\u0131 b\u00fct\u00e7esine ili\u015fkin yapt\u0131\u011f\u0131 sunumda, \u00f6zel sekt\u00f6r\u00fcn daha da b\u00fcy\u00fcmesi, \u00fcretim, yat\u0131r\u0131m, istihdam ve ihracat\u0131n artmas\u0131 i\u00e7in b\u00fct\u00e7eden ay\u0131rd\u0131klar\u0131 kaynaklar\u0131 art\u0131rd\u0131klar\u0131n\u0131 s\u00f6yledi.<\/p>\n<p>Merkezi y\u00f6netim b\u00fct\u00e7esinden 2018&#8217;de kamu yat\u0131r\u0131m harcamalar\u0131na 85 milyar lira kaynak ay\u0131rd\u0131klar\u0131n\u0131 bildiren A\u011fbal, 2003&#8217;te yat\u0131r\u0131m harcamalar\u0131n\u0131n b\u00fct\u00e7eden ald\u0131\u011f\u0131 pay\u0131n yakla\u015f\u0131k y\u00fczde 6 seviyesinde oldu\u011funu, \u015fu anda bu oran\u0131n y\u00fczde 11&#8217;i ge\u00e7ti\u011fine dikkati \u00e7ekti.<\/p>\n<p><strong>&#8220;Yat\u0131r\u0131m ve istihdam\u0131 desteklemeye devam edece\u011fiz&#8221; <\/strong><\/p>\n<p>A\u011fbal, kamudaki ta\u015feron i\u015f\u00e7ilere ili\u015fkin yasal d\u00fczenlemenin haz\u0131rl\u0131klar\u0131n\u0131 tamamlad\u0131klar\u0131n\u0131 belirterek, &#8220;\u0130n\u015fallah yak\u0131n bir zamanda geliyor.&#8221; dedi.<\/p>\n<p>Vatanda\u015f\u0131n aya\u011f\u0131na hizmeti g\u00f6t\u00fcren kamu maliyesi ve kurum politikalar\u0131na devam edeceklerini anlatan A\u011fbal, gelecek d\u00f6nemde yat\u0131r\u0131m, \u00fcretim, istihdam, tasarruflar ve ihracat\u0131 destekleyecek vergi d\u00fczenlemeleri yaparak vergiyi tabana yayacaklar\u0131n\u0131 dile getirdi. A\u011fbal, &#8220;Kay\u0131t d\u0131\u015f\u0131l\u0131kla m\u00fccadele etmeye devam edece\u011fiz. Vatanda\u015f\u0131n vergi adaletine inanc\u0131n\u0131 g\u00fc\u00e7lendirece\u011fiz. Di\u011fer taraftan da toplad\u0131\u011f\u0131m\u0131z her bir kuru\u015fun hesab\u0131 sorulacak \u015fekilde harcanmas\u0131na \u00f6zel gayret g\u00f6sterece\u011fiz.&#8221; diye konu\u015ftu.<\/p>\n<p>Mali disiplinden taviz vermeden T\u00fcrkiye\u2019yi y\u00fcksek gelirli \u00fclkeler grubuna y\u00fckseltecek ve k\u00fcresel bir g\u00fc\u00e7 olma yolundaki ilerleyi\u015fini destekleyecek yap\u0131sal reform \u00f6ncelikli politikalara devam edeceklerini vurgulayan A\u011fbal, orta vadede politika \u00f6nceliklerinin makroekonomik istikrar\u0131n s\u00fcrd\u00fcr\u00fclmesi, be\u015feri sermaye ve i\u015f g\u00fcc\u00fc kalitesinin art\u0131r\u0131lmas\u0131, y\u00fcksek katma de\u011ferli \u00fcretimin yayg\u0131nla\u015ft\u0131r\u0131lmas\u0131 ve yat\u0131r\u0131m ortam\u0131n\u0131n iyile\u015ftirilmesiyle kamuda kurumsal kalitenin art\u0131r\u0131lmas\u0131 olaca\u011f\u0131n\u0131 kaydetti.<\/p>\n<p><strong>T\u00fcrkiye&#8217;nin 3. \u00e7eyrek b\u00fcy\u00fcmesi<\/strong><\/p>\n<p>\u00dc\u00e7\u00fcnc\u00fc \u00e7eyrekte elde edilen y\u00fczde 11,1&#8217;lik b\u00fcy\u00fcmeyle b\u00fcy\u00fck bir rekora imza at\u0131ld\u0131\u011f\u0131n\u0131 dile getiren A\u011fbal, &#8220;Millet b\u00fcy\u00fcyor, ekonomi b\u00fcy\u00fcyor, ekonominin \u00e7arklar\u0131 d\u00f6n\u00fcyor, merak etmeyin. T\u00fcrkiye, 2011 y\u0131l\u0131ndan beri en y\u00fcksek \u00e7eyreklik b\u00fcy\u00fcme oran\u0131n\u0131 2017&#8217;nin 3. \u00e7eyre\u011finde yakalam\u0131\u015f oldu. 3. \u00e7eyrekteki g\u00fc\u00e7l\u00fc b\u00fcy\u00fcme, ekonomideki canlanman\u0131n da t\u00fcm sekt\u00f6rlere yay\u0131ld\u0131\u011f\u0131n\u0131 g\u00f6steriyor. Hizmetler, sanayi ve in\u015faat sekt\u00f6rlerinde b\u00fcy\u00fcme \u00e7ift hanelerde ger\u00e7ekle\u015fti. \u0130malat sanayisi, bir \u00f6nceki y\u0131l\u0131n ayn\u0131 \u00e7eyre\u011fine g\u00f6re y\u00fczde 15,2 b\u00fcy\u00fcyerek, son 6 y\u0131l\u0131n en y\u00fcksek b\u00fcy\u00fcmesini ger\u00e7ekle\u015ftirmi\u015f oldu. Makine te\u00e7hizat yat\u0131r\u0131mlar\u0131 y\u00fczde 15,3 ile son iki y\u0131l\u0131n en y\u00fcksek b\u00fcy\u00fcmesini ger\u00e7ekle\u015ftirdi.&#8221; dedi.<\/p>\n<p>A\u011fbal, y\u0131l\u0131n \u00fc\u00e7 \u00e7eyre\u011findeki ortalama y\u00fczde 7,4&#8217;l\u00fck b\u00fcy\u00fcmeye de i\u015faret ederek, bu oran\u0131n, OECD ve G20 \u00fclkeleri aras\u0131nda y\u0131l\u0131n \u00fc\u00e7 \u00e7eyre\u011finde ger\u00e7ekle\u015fen en b\u00fcy\u00fck b\u00fcy\u00fcme oran\u0131 oldu\u011funu s\u00f6yledi. Bakan A\u011fbal, \u015funlar\u0131 kaydetti:<\/p>\n<p>&#8220;T\u00fcrkiye, b\u00fcy\u00fcme bak\u0131m\u0131ndan \u00fc\u00e7 \u00e7eyrekte, OECD ve G20 i\u00e7inde bir numaraya oturmu\u015f durumda. \u0130n\u015fallah y\u0131l sonunda da bu b\u00fcy\u00fcme oran\u0131n\u0131n g\u00fc\u00e7lenerek devam edece\u011fini g\u00f6r\u00fcyoruz. Asl\u0131nda son \u00e7eyre\u011fe ili\u015fkin a\u00e7\u0131klanan \u00f6nc\u00fc g\u00f6stergelere bak\u0131nca \u00e7eyreklik bazdaki b\u00fcy\u00fcme trendinin canlanarak devam etti\u011fi g\u00f6r\u00fcl\u00fcyor. Biz Orta Vadeli Program&#8217;da y\u00fczde 5,5 dedik ama 2017 sonunda b\u00fcy\u00fcme oran\u0131n\u0131n rahatl\u0131kla y\u00fczde 6&#8217;n\u0131n \u00fczerinde olaca\u011f\u0131 g\u00f6r\u00fcl\u00fcyor. Hay\u0131rl\u0131 u\u011furlu olsun. T\u00fcrkiye ekonomisi b\u00fcy\u00fck s\u0131navdan ba\u015far\u0131yla \u00e7\u0131kt\u0131. 2018-2020 d\u00f6neminde in\u015fallah b\u00fcy\u00fcme oranlar\u0131 daha da g\u00fc\u00e7lenerek devam edecek. Herkese refah olarak yans\u0131yacak, size de dahil. Refah\u0131 b\u00f6l\u00fc\u015ft\u00fcr\u00fcrken de hak\u00e7a b\u00f6l\u00fc\u015ft\u00fcr\u00fcyoruz.&#8221;<\/p>\n","protected":false},"excerpt":{"rendered":"<p>Maliye Bakan\u0131 A\u011fbal, &#8220;T\u00fcrkiye, b\u00fcy\u00fcme bak\u0131m\u0131ndan ilk \u00fc\u00e7 \u00e7eyrekte, OECD ve G20 i\u00e7inde bir numaraya oturmu\u015f durumda. Bu b\u00fcy\u00fcme oran\u0131 g\u00fc\u00e7lenerek devam edecek&#8221; dedi.<\/p>\n","protected":false},"author":8,"featured_media":2310,"comment_status":"open","ping_status":"closed","sticky":false,"template":"","format":"standard","meta":[],"categories":[85],"tags":[],"_links":{"self":[{"href":"https:\/\/www.vizyon2023.com.tr\/index.php\/wp-json\/wp\/v2\/posts\/2309"}],"collection":[{"href":"https:\/\/www.vizyon2023.com.tr\/index.php\/wp-json\/wp\/v2\/posts"}],"about":[{"href":"https:\/\/www.vizyon2023.com.tr\/index.php\/wp-json\/wp\/v2\/types\/post"}],"author":[{"embeddable":true,"href":"https:\/\/www.vizyon2023.com.tr\/index.php\/wp-json\/wp\/v2\/users\/8"}],"replies":[{"embeddable":true,"href":"https:\/\/www.vizyon2023.com.tr\/index.php\/wp-json\/wp\/v2\/comments?post=2309"}],"version-history":[{"count":0,"href":"https:\/\/www.vizyon2023.com.tr\/index.php\/wp-json\/wp\/v2\/posts\/2309\/revisions"}],"wp:featuredmedia":[{"embeddable":true,"href":"https:\/\/www.vizyon2023.com.tr\/index.php\/wp-json\/wp\/v2\/media\/2310"}],"wp:attachment":[{"href":"https:\/\/www.vizyon2023.com.tr\/index.php\/wp-json\/wp\/v2\/media?parent=2309"}],"wp:term":[{"taxonomy":"category","embeddable":true,"href":"https:\/\/www.vizyon2023.com.tr\/index.php\/wp-json\/wp\/v2\/categories?post=2309"},{"taxonomy":"post_tag","embeddable":true,"href":"https:\/\/www.vizyon2023.com.tr\/index.php\/wp-json\/wp\/v2\/tags?post=2309"}],"curies":[{"name":"wp","href":"https:\/\/api.w.org\/{rel}","templated":true}]}}