{"id":2305,"date":"2017-12-11T09:26:35","date_gmt":"2017-12-11T07:26:35","guid":{"rendered":"http:\/\/www.vizyon2023.com.tr\/index.php\/2017\/12\/11\/cumhurbaskani-erdogan-kudusu-cocuk-katili-bir-ulkenin-insafina-terk-etmeyecegiz\/"},"modified":"2017-12-11T09:26:35","modified_gmt":"2017-12-11T07:26:35","slug":"cumhurbaskani-erdogan-kudusu-cocuk-katili-bir-ulkenin-insafina-terk-etmeyecegiz","status":"publish","type":"post","link":"https:\/\/www.vizyon2023.com.tr\/index.php\/2017\/12\/11\/cumhurbaskani-erdogan-kudusu-cocuk-katili-bir-ulkenin-insafina-terk-etmeyecegiz\/","title":{"rendered":"Cumhurba\u015fkan\u0131 Erdo\u011fan: Kud\u00fcs&#8217;\u00fc \u00e7ocuk katili bir \u00fclkenin insaf\u0131na terk etmeyece\u011fiz"},"content":{"rendered":"<p>Cumhurba\u015fkan\u0131 ve AK Parti Genel Ba\u015fkan\u0131 Recep Tayyip Erdo\u011fan, partisinin Sivas 6. Ola\u011fan Kongresi&#8217;nde yapt\u0131\u011f\u0131 konu\u015fmada, ABD&#8217;nin Kud\u00fcs&#8217;\u00fc \u0130srail&#8217;in ba\u015fkenti olarak tan\u0131mas\u0131na ili\u015fkin karar\u0131 ile ilgili olarak, &#8220;S\u00f6zde ileri demokrasinin be\u015fi\u011fi \u00fclkelerde, ne yaz\u0131k ki en temel hak ve \u00f6zg\u00fcrl\u00fckler f\u00fctursuzca katlediliyor.&#8221; diyerek, \u015f\u00f6yle konu\u015ftu:<\/p>\n<p>&#8220;Bizden, bu tabloya sessiz kalmam\u0131z\u0131 istiyorlar, k\u00f6\u015femize \u00e7ekilmemizi, adaletsizli\u011fe boyun e\u011fmemizi, \u00e7ocuklar\u0131n kanlar\u0131 \u00fczerine in\u015fa ettikleri zul\u00fcm d\u00fczenine r\u0131za g\u00f6stermemizi bekliyorlar, bizden de\u011ferlerimizi ayaklar alt\u0131na alarak teslimiyet yolunu se\u00e7memizi talep ediyorlar. Karde\u015flerim, M\u00fcsl\u00fcman, hele de bu M\u00fcsl\u00fcman T\u00fcrk ise cesur insand\u0131r, bu b\u00f6yle biline.&#8221;<\/p>\n<p>Cumhurba\u015fkan\u0131 Erdo\u011fan, &#8220;Ey \u0130srail, Yahudiler \u0130spanya&#8217;dan g\u00f6\u00e7e zorland\u0131\u011f\u0131nda onlara kap\u0131lar\u0131n\u0131 a\u00e7an biz olduk. Yahudiler Rusya&#8217;da ya\u015fad\u0131klar\u0131 bask\u0131da yine kurtulu\u015fu Osmanl\u0131&#8217;ya s\u0131\u011f\u0131nmakta buldular. Anadolu as\u0131rlarca zul\u00fcm g\u00f6ren herkes i\u00e7in bir eman yurdu, g\u00fcven kap\u0131s\u0131 olmu\u015ftur. Bu milletin ge\u00e7mi\u015finde Ey \u0130srail asla soyk\u0131r\u0131m yoktur. Bu milletin tarihinde etnik temizlik, katliam, zul\u00fcm yoktur. \u00c7ok \u015f\u00fck\u00fcr \u00e7i\u011f s\u00fct i\u00e7medik ki karn\u0131m\u0131z a\u011fr\u0131s\u0131n.&#8221; dedi.<\/p>\n<p>Cumhurba\u015fkan\u0131 Erdo\u011fan, AK Parti Sivas 6. Ola\u011fan \u0130l Kongresinde konu\u015fuyor. https:\/\/t.co\/W7zkb0AMhu<\/p>\n<p>\u2014 TRT Haber Canl\u0131 (@trthabercanli) 10 Aral\u0131k 2017<\/p>\n<p><strong>&#8220;Trump&#8217;\u0131n a\u00e7\u0131klamas\u0131 bizim i\u00e7in zaten bir yok h\u00fckm\u00fcndedir&#8221;<\/strong><\/p>\n<p>Erdo\u011fan, &#8220;Trump&#8217;\u0131n a\u00e7\u0131klamas\u0131 bizim i\u00e7in zaten bir yok h\u00fckm\u00fcndedir. Bunun bir k\u0131ymetiharbiyesi yoktur. Oray\u0131 ba\u015fkent olarak ilan etmenizin, b\u00fcy\u00fckel\u00e7ilik binan\u0131z\u0131 oraya ta\u015f\u0131man\u0131z\u0131n bizim nezdimizde bir k\u0131ymetiharbiyesi yoktur. Yok h\u00fckm\u00fcndedir. &#8221; \u015feklinde konu\u015ftu.<\/p>\n<p><strong>&#8220;Kud\u00fcs&#8217;\u00fc \u00e7ocuk katili bir \u00fclkenin insaf\u0131na terk etmeyece\u011fiz&#8221;<\/strong><\/p>\n<p>Erdo\u011fan, &#8220;Oray\u0131 ba\u015fkent olarak ilan etmeniz bizim nezdimizde yok h\u00fckm\u00fcndedir. Biz beklerdikki b\u00fcy\u00fck \u00fclkelerin liderleri \u00e7at\u0131\u015fmay\u0131 de\u011fil bar\u0131\u015fmay\u0131 sa\u011flas\u0131nlar. Putin&#8217;le de bu meseleyi Suriye meselesini etrafl\u0131ca de\u011ferlendirece\u011fiz. Bu gayretin hay\u0131rlara vesile olmas\u0131n\u0131 diliyorum. Tek v\u00fccut olarak Kud\u00fcs&#8217;e sahip \u00e7\u0131kan vatanda\u015flar\u0131m\u0131za te\u015fekk\u00fcr ediyorum. Bu \u0130srail ter\u00f6r devletidir, ter\u00f6r. 14 ya\u015f\u0131ndaki \u00e7ocu\u011fu g\u00f6zleri ba\u011fl\u0131 olarak bu ter\u00f6ristler ne halde s\u00fcr\u00fckl\u00fcyorlar?Kud\u00fcs M\u00fcsl\u00fcmanlar\u0131n Harim-\u00fc ismetidir. Kud\u00fcs \u0130stanbul&#8217;un, Konya&#8217;n\u0131n, Sivas&#8217;\u0131n karde\u015fidir. Kud\u00fcs bizim g\u00f6z\u00fcm\u00fcz\u00fcn nurudur. Kud\u00fcs&#8217;\u00fc \u00e7ocuk katili bir \u00fclkenin insaf\u0131na terk etmeyece\u011fiz.&#8221; dedi.<\/p>\n<p>Cumhurba\u015fkan\u0131 Erdo\u011fan, konu\u015fmas\u0131nda \u015funlar\u0131 kaydetti:<\/p>\n<p>&#8220;\u0130stanbulumuzda \u0130slam \u00fclkelerinin liderlerini, h\u00fck\u00fcmet ba\u015fkanlar\u0131n\u0131, yetkililerini in\u015fallah ola\u011fan\u00fcst\u00fc bir zirvede bir araya getiriyoruz. Burada belirleyece\u011fimiz yol haritas\u0131yla bu karar\u0131n hayata ge\u00e7irilmesinin hi\u00e7 de \u00f6yle kolay olmayaca\u011f\u0131n\u0131 g\u00f6sterece\u011fiz.&#8221;<\/p>\n<p><strong>&#8220;Birileri \u00e7at\u0131\u015fma ve sava\u015f i\u00e7in gayret g\u00f6steriyor&#8221;<\/strong><\/p>\n<p>&#8220;Yedi y\u0131ld\u0131r s\u00fcren ve bir milyon karde\u015fimizin can\u0131na mal olan Suriye krizini hal yoluna koymak i\u00e7in ad\u0131m att\u0131\u011f\u0131m\u0131z g\u00fcnlerde bir bak\u0131yorsunuz Kud\u00fcs&#8217;te yeni bir provokasyon \u00f6n\u00fcm\u00fcze \u00e7\u0131k\u0131yor. T\u00fcrkiye bar\u0131\u015f, istikrar ve g\u00fcvenlik i\u00e7in \u00e7al\u0131\u015ft\u0131k\u00e7a birileri de \u00e7at\u0131\u015fma ve sava\u015f i\u00e7in gayret g\u00f6steriyor.&#8221; diyen Erdo\u011fan, &#8220;Biz akan kan\u0131 durdurmak i\u00e7in imkanlar\u0131m\u0131z\u0131 seferber ederken birileri de \u0130slam d\u00fcnyas\u0131n\u0131 g\u00f6zya\u015f\u0131na bo\u011fmak i\u00e7in u\u011fra\u015f\u0131yor.&#8221; \u015feklinde konu\u015ftu.<\/p>\n<p>Kaynak: AA<\/p>\n","protected":false},"excerpt":{"rendered":"<p>ABD Ba\u015fkan\u0131 Trump&#8217;\u0131n Kud\u00fcs karar\u0131na sert \u00e7\u0131kan Cumhurba\u015fkan\u0131 Erdo\u011fan, &#8220;Kud\u00fcs&#8217;\u00fc \u00e7ocuk katili bir \u00fclkenin insaf\u0131na terk etmeyece\u011fiz.&#8221; dedi.<\/p>\n","protected":false},"author":8,"featured_media":2306,"comment_status":"open","ping_status":"closed","sticky":false,"template":"","format":"standard","meta":[],"categories":[85],"tags":[],"_links":{"self":[{"href":"https:\/\/www.vizyon2023.com.tr\/index.php\/wp-json\/wp\/v2\/posts\/2305"}],"collection":[{"href":"https:\/\/www.vizyon2023.com.tr\/index.php\/wp-json\/wp\/v2\/posts"}],"about":[{"href":"https:\/\/www.vizyon2023.com.tr\/index.php\/wp-json\/wp\/v2\/types\/post"}],"author":[{"embeddable":true,"href":"https:\/\/www.vizyon2023.com.tr\/index.php\/wp-json\/wp\/v2\/users\/8"}],"replies":[{"embeddable":true,"href":"https:\/\/www.vizyon2023.com.tr\/index.php\/wp-json\/wp\/v2\/comments?post=2305"}],"version-history":[{"count":0,"href":"https:\/\/www.vizyon2023.com.tr\/index.php\/wp-json\/wp\/v2\/posts\/2305\/revisions"}],"wp:featuredmedia":[{"embeddable":true,"href":"https:\/\/www.vizyon2023.com.tr\/index.php\/wp-json\/wp\/v2\/media\/2306"}],"wp:attachment":[{"href":"https:\/\/www.vizyon2023.com.tr\/index.php\/wp-json\/wp\/v2\/media?parent=2305"}],"wp:term":[{"taxonomy":"category","embeddable":true,"href":"https:\/\/www.vizyon2023.com.tr\/index.php\/wp-json\/wp\/v2\/categories?post=2305"},{"taxonomy":"post_tag","embeddable":true,"href":"https:\/\/www.vizyon2023.com.tr\/index.php\/wp-json\/wp\/v2\/tags?post=2305"}],"curies":[{"name":"wp","href":"https:\/\/api.w.org\/{rel}","templated":true}]}}