{"id":2293,"date":"2017-12-08T11:15:04","date_gmt":"2017-12-08T09:15:04","guid":{"rendered":"http:\/\/www.vizyon2023.com.tr\/index.php\/2017\/12\/08\/cumhurbaskani-erdogandan-yunan-yargisina-cagri\/"},"modified":"2017-12-08T11:15:04","modified_gmt":"2017-12-08T09:15:04","slug":"cumhurbaskani-erdogandan-yunan-yargisina-cagri","status":"publish","type":"post","link":"https:\/\/www.vizyon2023.com.tr\/index.php\/2017\/12\/08\/cumhurbaskani-erdogandan-yunan-yargisina-cagri\/","title":{"rendered":"Cumhurba\u015fkan\u0131 Erdo\u011fan&#8217;dan Yunan yarg\u0131s\u0131na \u00e7a\u011fr\u0131"},"content":{"rendered":"<p>Cumhurba\u015fkan\u0131 Recep Tayyip Erdo\u011fan, Yunanistan Ba\u015fbakan\u0131 Aleksis \u00c7ipras ile ortak bas\u0131n toplant\u0131s\u0131 d\u00fczenledi.<\/p>\n<p>Yunanistan Ba\u015fbakan\u0131 Aleksis \u00c7ipras, Yunanistan&#8217;a ka\u00e7an ve orada yarg\u0131lanan darbecilerle ilgili, &#8220;Biz darbecileri destekleyecek bir \u00fclke de\u011filiz. Yunanistan bir hukuk devletidir. Yarg\u0131n\u0131n kararlar\u0131 ba\u011f\u0131ms\u0131zd\u0131r ve sayg\u0131de\u011ferdir. \u00d6n\u00fcm\u00fczdeki y\u0131l iki \u00fclke ili\u015fkilerimizde yeni bir sayfa a\u00e7ma \u00e7a\u011fr\u0131s\u0131nda bulunuyorum. Darbeciler Yunanistan bir hukuk devlet olarak erkler aras\u0131nda ayr\u0131ma b\u00fcy\u00fck \u00f6nem veriyor. Se\u00e7imle gelen h\u00fck\u00fcmetleri desteklemekten ba\u015fka bir se\u00e7ene\u011fimiz olamaz. Darbecilere kap\u0131 a\u00e7amay\u0131z. Yarg\u0131 gerekenleri yapacak. Yunan yarg\u0131s\u0131 adil yarg\u0131lama i\u00e7in gerekeni yapacakt\u0131r.&#8221; dedi.<\/p>\n<p>Cumhurba\u015fkan\u0131 @RT_Erdogan, Yunanistan Ba\u015fbakan\u0131 \u00c7ipras ile ortak bas\u0131n a\u00e7\u0131klamas\u0131 yap\u0131yor. https:\/\/t.co\/KtMhGoF21S<\/p>\n<p>\u2014 TRT Haber Canl\u0131 (@trthabercanli) 7 Aral\u0131k 2017<\/p>\n<p><strong>&#8220;ABD\u2019nin tavr\u0131 bar\u0131\u015fa hizmet etmiyor&#8221;<\/strong><\/p>\n<p>ABD Ba\u015fkan\u0131 Donald Trump&#8217;\u0131n Kud\u00fcs karar\u0131n\u0131n bar\u0131\u015fa hizmet etmedi\u011finin alt\u0131n\u0131 \u00e7izen \u00c7ipras, &#8220;Kud\u00fcs konusu ise Yunanistan bar\u0131\u015f s\u00fcrecine destek veriyor. \u0130ki devletli bir \u00e7\u00f6z\u00fcm\u00fc desteklemekte. ABD\u2019nin tavr\u0131 bar\u0131\u015fa hizmet etmiyor. Yang\u0131n\u0131 devam etti\u011fi bir b\u00f6lge buras\u0131&#8221; de\u011ferlendirmesinde bulundu.<\/p>\n<p><strong>&#8220;Gecikmi\u015f adalet, adalet de\u011fildir&#8221;<\/strong><\/p>\n<p>Cumhurba\u015fkan\u0131 Erdo\u011fan, burada yapt\u0131\u011f\u0131 a\u00e7\u0131klamada, FET\u00d6 san\u0131klar\u0131n\u0131n iadesine ili\u015fkin, &#8220;Yunan yarg\u0131s\u0131na benim bir \u00e7a\u011fr\u0131m var, o da \u015fudur. Gecikmi\u015f adalet, adalet de\u011fildir. L\u00fctfen bu konuyla ilgili karar\u0131, gerekirse Adalet Bakanlar\u0131m\u0131z da devreye girmek suretiyle g\u00f6r\u00fc\u015ferek, T\u00fcrkiye&#8217;de biliyorsunuz i\u015fkence, idam s\u00f6z konusu de\u011fil, bunlar\u0131n T\u00fcrkiye&#8217;ye iadesi de m\u00fcmk\u00fcnd\u00fcr. Bunlar\u0131n iadesi gerekiyor \u00e7\u00fcnk\u00fc bunlar darbe yapm\u0131\u015f ki\u015filerdir.&#8221; ifadelerini kulland\u0131.<\/p>\n<p><strong>&#8220;Lozan sadece Ege&#8217;yi mi kaps\u0131yor?&#8221;<\/strong><\/p>\n<p>Cumhurba\u015fkan\u0131 Erdo\u011fan, &#8220;Lozan sadece Ege&#8217;yi mi kaps\u0131yor? Ege&#8217;nin d\u0131\u015f\u0131nda Lozan&#8217;la ilgili hi\u00e7bir \u015fey yok mu? Bat\u0131 Trakya&#8217;daki az\u0131nl\u0131klar\u0131n hukuku yok mu? \u015eimdi buradaki az\u0131nl\u0131klar\u0131n hukukunu bu anla\u015fmayla nas\u0131l teminat alt\u0131na alaca\u011f\u0131z?&#8221; diye konu\u015ftu.<\/p>\n<p>Erdo\u011fan, \u015f\u00f6yle devam etti:<\/p>\n<p>&#8220;Lozan&#8217;\u0131 hemen Ege&#8217;ye hapsedip i\u015fi bitirmeyelim. Bunun d\u0131\u015f\u0131nda \u00e7ok daha farkl\u0131 konular da s\u00f6z konusu. O da nedir? Toprak b\u00fct\u00fcnl\u00fc\u011f\u00fc. Bizim toprak b\u00fct\u00fcnl\u00fc\u011f\u00fc ile ilgili bir s\u0131k\u0131nt\u0131m\u0131z yok. B\u00f6yle bir \u015feyi hi\u00e7bir yerde ne ben ne arkada\u015flar\u0131m g\u00fcndeme getirmi\u015f de\u011filler. Burada bir Fethiye Camisi meselemiz var. Atina&#8217;da bir cami sorunumuz var. Ama benim \u00fclkemde, T\u00fcrkiye&#8217;de biz bug\u00fcne kadar Hristiyanlar\u0131n kiliseleriyle ilgili bir sorun ya\u015famad\u0131k.&#8221;<\/p>\n<p><strong>&#8220;Say\u0131n Ba\u015fbakan, bu konunun \u00e7\u00f6z\u00fcm\u00fcyle ilgili gerekli ad\u0131m\u0131 da atacakt\u0131r&#8221;<\/strong><\/p>\n<p>Bat\u0131 Trakya&#8217;daki ba\u015fm\u00fcft\u00fc meselesine de de\u011finen Erdo\u011fan, \u015funlar\u0131 aktard\u0131:<\/p>\n<p>&#8220;Her \u015feyden \u00f6nce Bat\u0131 Trakya&#8217;da ba\u015fm\u00fcft\u00fc meselesinin atanm\u0131\u015f veya se\u00e7ilmi\u015f olmas\u0131 konusu bana g\u00f6re \u00e7ok ciddi bir yarad\u0131r ve inan\u0131yorum ki Say\u0131n Ba\u015fbakan, bu konunun \u00e7\u00f6z\u00fcm\u00fcyle ilgili gerekli ad\u0131m\u0131 da atacakt\u0131r. Bir di\u011fer husus ise \u00f6zellikle tabii bunu s\u00fcrekli i\u00e7 mesele olarak g\u00f6rmek tabii g\u00fczel bir d\u00fc\u015f\u00fcnce, bizim ona ayk\u0131r\u0131 bir \u015fey s\u00f6ylememiz m\u00fcmk\u00fcn de\u011fil ama m\u00fcsaade ederlerse en az\u0131ndan ricada bulunmam\u0131z herhalde isabetli olur. \u00c7\u00fcnk\u00fc soyda\u015f\u0131m\u0131zd\u0131r, onlar\u0131n hukukuyla da biz dostlu\u011fumuza g\u00fcvenerek ilgilenmemiz laz\u0131m.&#8221;<\/p>\n<p><strong>&#8220;Kal\u0131c\u0131 bir \u00e7\u00f6z\u00fcm bulmam\u0131z gerekiyor&#8221;<\/strong><\/p>\n<p>Cumhurba\u015fkan\u0131 Erdo\u011fan, Yunanistan Ba\u015fbakan\u0131 \u00c7ipras ile ortak bas\u0131n toplant\u0131s\u0131nda, K\u0131br\u0131s&#8217;taki m\u00fczakere s\u00fcrecini hep yak\u0131ndan takip etti\u011fini belirterek, &#8220;Takip etti\u011fim bu s\u00fcre\u00e7te de minderden kimlerin ka\u00e7t\u0131\u011f\u0131n\u0131 da \u00e7ok iyi biliyorum. Bu konuyla ilgili de b\u00fct\u00fcn belgeleri, bilgileri rahatl\u0131kla verebilirim. Buna e\u011fer hassas davran\u0131r, dikkat edersek \u00e7ok \u015feyi a\u015far\u0131z diye d\u00fc\u015f\u00fcn\u00fcyorum.&#8221; dedi.<\/p>\n<p>Erdo\u011fan, K\u0131br\u0131s sorununa adil, kal\u0131c\u0131 bir \u00e7\u00f6z\u00fcm bulunmas\u0131 gerekti\u011fini s\u00f6yledi.<\/p>\n<p>Kaynak: AA\/TRT Haber<\/p>\n","protected":false},"excerpt":{"rendered":"<p>Cumhurba\u015fkan\u0131 Erdo\u011fan Yunanistan&#8217;da yarg\u0131lanan darbecilere ili\u015fkin, &#8216;Ge\u00e7 gelen adalet adalet de\u011fildir, bunlar darbeci ki\u015filer iadeleri gerekiyor&#8217; dedi.<\/p>\n","protected":false},"author":8,"featured_media":2294,"comment_status":"open","ping_status":"closed","sticky":false,"template":"","format":"standard","meta":[],"categories":[61],"tags":[],"_links":{"self":[{"href":"https:\/\/www.vizyon2023.com.tr\/index.php\/wp-json\/wp\/v2\/posts\/2293"}],"collection":[{"href":"https:\/\/www.vizyon2023.com.tr\/index.php\/wp-json\/wp\/v2\/posts"}],"about":[{"href":"https:\/\/www.vizyon2023.com.tr\/index.php\/wp-json\/wp\/v2\/types\/post"}],"author":[{"embeddable":true,"href":"https:\/\/www.vizyon2023.com.tr\/index.php\/wp-json\/wp\/v2\/users\/8"}],"replies":[{"embeddable":true,"href":"https:\/\/www.vizyon2023.com.tr\/index.php\/wp-json\/wp\/v2\/comments?post=2293"}],"version-history":[{"count":0,"href":"https:\/\/www.vizyon2023.com.tr\/index.php\/wp-json\/wp\/v2\/posts\/2293\/revisions"}],"wp:featuredmedia":[{"embeddable":true,"href":"https:\/\/www.vizyon2023.com.tr\/index.php\/wp-json\/wp\/v2\/media\/2294"}],"wp:attachment":[{"href":"https:\/\/www.vizyon2023.com.tr\/index.php\/wp-json\/wp\/v2\/media?parent=2293"}],"wp:term":[{"taxonomy":"category","embeddable":true,"href":"https:\/\/www.vizyon2023.com.tr\/index.php\/wp-json\/wp\/v2\/categories?post=2293"},{"taxonomy":"post_tag","embeddable":true,"href":"https:\/\/www.vizyon2023.com.tr\/index.php\/wp-json\/wp\/v2\/tags?post=2293"}],"curies":[{"name":"wp","href":"https:\/\/api.w.org\/{rel}","templated":true}]}}