{"id":2279,"date":"2017-12-04T13:02:03","date_gmt":"2017-12-04T11:02:03","guid":{"rendered":"http:\/\/www.vizyon2023.com.tr\/?p=2279"},"modified":"2017-12-04T13:02:03","modified_gmt":"2017-12-04T11:02:03","slug":"cumhurbaskani-erdogan-karsta-halka-hitap-etti","status":"publish","type":"post","link":"https:\/\/www.vizyon2023.com.tr\/index.php\/2017\/12\/04\/cumhurbaskani-erdogan-karsta-halka-hitap-etti\/","title":{"rendered":"Cumhurba\u015fkan\u0131 Erdo\u011fan, Kars&#8217;ta halka hitap etti"},"content":{"rendered":"<p>Cumhurba\u015fkan\u0131 Erdo\u011fan, &#8220;Bir hafta i\u00e7erisinde 100 ter\u00f6rist etkisiz hale getirildi. Huzurumuzu ka\u00e7\u0131rmaya \u00e7al\u0131\u015fanlar bedelini \u00f6deyecekler.&#8221; dedi.<\/p>\n<p><img loading=\"lazy\" class=\"alignnone size-full wp-image-2280\" src=\"http:\/\/www.vizyon2023.com.tr\/wp-content\/uploads\/2017\/12\/817438.jpg\" alt=\"817438\" width=\"642\" height=\"355\" \/><\/p>\n<p>Cumhurba\u015fkan\u0131 Recep Tayyip Erdo\u011fan, Kars&#8217;ta halka hitap etti.<\/p>\n<p>Cumhurba\u015fkan\u0131 Erdo\u011fan&#8217;\u0131n konu\u015fmas\u0131n\u0131n sat\u0131rba\u015flar\u0131 \u015fu \u015fekilde:<\/p>\n<p>&#8211; Kongremiz i\u00e7in buraday\u0131z ve burada sizleri g\u00f6r\u00fcnce d\u0131\u015far\u0131da \u00f6nce bir selam, sonra da i\u00e7eride \u015f\u00f6yle bir kelam&#8230; Sizlerden bir ricam var. 2019 farkl\u0131 bir y\u0131l. \u00d6yle mi? Mart&#8217;ta yerel, Kas\u0131m&#8217;da Cumhurba\u015fkanl\u0131\u011f\u0131 h\u00fck\u00fcmet sisteminin bir reformla de\u011fi\u015fimini yapaca\u011f\u0131z. Buna haz\u0131r m\u0131y\u0131z? Tabi haz\u0131r\u0131z demek yetmiyor. \u015eimdiden ba\u015flay\u0131p Mart ve Kas\u0131m&#8217;a kadar in\u015faAllah yo\u011fun bir \u00e7al\u0131\u015fma yapaca\u011f\u0131z. Rabiam\u0131z\u0131 unutmuyoruz.<\/p>\n<p>&#8211; Kimse pa\u00e7avralarla, farkl\u0131 \u015feylerle \u00fclkemizi b\u00f6lebilece\u011fini, bayra\u011f\u0131m\u0131z\u0131 indirebilece\u011fini d\u00fc\u015f\u00fcnmesin. Nas\u0131l Cudi&#8217;de, Kandil&#8217;de onlara bombalar ya\u011fd\u0131rd\u0131ysak, oralara g\u00f6md\u00fcysek bundan sonrada g\u00f6mmeye devam edece\u011fiz. Bir hafta i\u00e7erisinde 100 ter\u00f6rist etkisiz hale getirildi. Huzurumuzu ka\u00e7\u0131rmaya \u00e7al\u0131\u015fanlar bedelini \u00f6deyecekler. E\u011fer bu \u00fclkeyi b\u00f6lmeye gayret ederlerse bu y\u00fczler bin olacakt\u0131r.<\/p>\n<p>&#8211; Az \u00f6nce say\u0131n Vali de s\u00f6yledi. Ben de THY Y\u00f6netim Kurulu Ba\u015fkan\u0131na &#8220;Bak\u0131n burada u\u00e7ak fiyatlar\u0131 pahal\u0131ym\u0131\u015f. Yaz k\u0131\u015f de\u011fi\u015fiyormu\u015f dedim. Seferleri bir art\u0131r\u0131n. Fiyatlar\u0131 da g\u00f6zden ge\u00e7irin&#8221; dedik. Sa\u011f olsun Ba\u015fkan da y\u00f6netimi toplay\u0131p de\u011ferlendirmesini yapaca\u011f\u0131n\u0131 s\u00f6yledi. Biz de in\u015faAllah bunu takip edece\u011fiz&#8221;.<\/p>\n<p>&#8211; FET\u00d6 ABD&#8217;de. Demek ki ABD de onu \u00e7ok seviyor. Bu milletin birli\u011fi onlar\u0131n en b\u00fcy\u00fck korkusudur.<\/p>\n","protected":false},"excerpt":{"rendered":"<p>Cumhurba\u015fkan\u0131 Erdo\u011fan, &#8220;Bir hafta i\u00e7erisinde 100 ter\u00f6rist etkisiz hale getirildi. Huzurumuzu ka\u00e7\u0131rmaya \u00e7al\u0131\u015fanlar bedelini \u00f6deyecekler.&#8221; dedi. Cumhurba\u015fkan\u0131 Recep Tayyip Erdo\u011fan, Kars&#8217;ta halka hitap etti. Cumhurba\u015fkan\u0131 Erdo\u011fan&#8217;\u0131n konu\u015fmas\u0131n\u0131n sat\u0131rba\u015flar\u0131 \u015fu \u015fekilde: &#8211; Kongremiz i\u00e7in buraday\u0131z ve burada sizleri g\u00f6r\u00fcnce d\u0131\u015far\u0131da \u00f6nce bir selam, sonra da i\u00e7eride \u015f\u00f6yle bir kelam&#8230; Sizlerden bir ricam var. 2019 farkl\u0131 bir [&hellip;]<\/p>\n","protected":false},"author":8,"featured_media":2280,"comment_status":"open","ping_status":"closed","sticky":false,"template":"","format":"standard","meta":[],"categories":[85],"tags":[],"_links":{"self":[{"href":"https:\/\/www.vizyon2023.com.tr\/index.php\/wp-json\/wp\/v2\/posts\/2279"}],"collection":[{"href":"https:\/\/www.vizyon2023.com.tr\/index.php\/wp-json\/wp\/v2\/posts"}],"about":[{"href":"https:\/\/www.vizyon2023.com.tr\/index.php\/wp-json\/wp\/v2\/types\/post"}],"author":[{"embeddable":true,"href":"https:\/\/www.vizyon2023.com.tr\/index.php\/wp-json\/wp\/v2\/users\/8"}],"replies":[{"embeddable":true,"href":"https:\/\/www.vizyon2023.com.tr\/index.php\/wp-json\/wp\/v2\/comments?post=2279"}],"version-history":[{"count":1,"href":"https:\/\/www.vizyon2023.com.tr\/index.php\/wp-json\/wp\/v2\/posts\/2279\/revisions"}],"predecessor-version":[{"id":2281,"href":"https:\/\/www.vizyon2023.com.tr\/index.php\/wp-json\/wp\/v2\/posts\/2279\/revisions\/2281"}],"wp:featuredmedia":[{"embeddable":true,"href":"https:\/\/www.vizyon2023.com.tr\/index.php\/wp-json\/wp\/v2\/media\/2280"}],"wp:attachment":[{"href":"https:\/\/www.vizyon2023.com.tr\/index.php\/wp-json\/wp\/v2\/media?parent=2279"}],"wp:term":[{"taxonomy":"category","embeddable":true,"href":"https:\/\/www.vizyon2023.com.tr\/index.php\/wp-json\/wp\/v2\/categories?post=2279"},{"taxonomy":"post_tag","embeddable":true,"href":"https:\/\/www.vizyon2023.com.tr\/index.php\/wp-json\/wp\/v2\/tags?post=2279"}],"curies":[{"name":"wp","href":"https:\/\/api.w.org\/{rel}","templated":true}]}}