{"id":2268,"date":"2017-12-04T11:10:17","date_gmt":"2017-12-04T09:10:17","guid":{"rendered":"http:\/\/www.vizyon2023.com.tr\/index.php\/2017\/12\/04\/cumhurbaskani-erdogan-biz-bu-santaja-boyun-egmeyiz\/"},"modified":"2017-12-04T11:10:17","modified_gmt":"2017-12-04T09:10:17","slug":"cumhurbaskani-erdogan-biz-bu-santaja-boyun-egmeyiz","status":"publish","type":"post","link":"https:\/\/www.vizyon2023.com.tr\/index.php\/2017\/12\/04\/cumhurbaskani-erdogan-biz-bu-santaja-boyun-egmeyiz\/","title":{"rendered":"Cumhurba\u015fkan\u0131 Erdo\u011fan: Biz bu \u015fantaja boyun e\u011fmeyiz"},"content":{"rendered":"<p>Cumhurba\u015fkan\u0131 ve AK Parti Genel Ba\u015fkan\u0131 Recep Tayyip Erdo\u011fan, partisinin Gen\u00e7lik Hizmetleri ve Spor \u0130l M\u00fcd\u00fcrl\u00fc\u011f\u00fc Yeni Spor Salonu&#8217;nda d\u00fczenlenen Mu\u015f 6. Ola\u011fan \u0130l Kongresi&#8217;nde yapt\u0131\u011f\u0131 konu\u015fmaya, AK Parti te\u015fkilatlar\u0131n\u0131n mensuplar\u0131n\u0131 ve vatanda\u015flar\u0131 selamlayarak ve kongrenin hay\u0131rlar getirmesi temennisinde bulunarak ba\u015flad\u0131.<\/p>\n<p>&#8220;Bu kubbede baki kalan\u0131n sadece ho\u015f bir seda oldu\u011funun hepimiz fark\u0131nday\u0131z.&#8221; diyen Cumhurba\u015fkan\u0131 Erdo\u011fan, \u015funlar\u0131 kaydetti:<\/p>\n<p>&#8220;Bu \u015fuurla gece g\u00fcnd\u00fcz demeden \u00fclkemiz ve milletimiz i\u00e7in \u00e7aba sarf ediyoruz. Bir taraftan T\u00fcrkiye&#8217;yi ekonomik, askeri ve diplomatik olarak b\u00fcy\u00fct\u00fcrken ayn\u0131 zamanda kom\u015fular\u0131m\u0131z ba\u015fta olmak \u00fczere nerede bir ihtiya\u00e7 sahibi varsa onlar\u0131n imdad\u0131na ko\u015fuyoruz. Bug\u00fcne kadar daima siyasi meselelerle insani g\u00fcndemleri ayr\u0131 ayr\u0131 de\u011ferlendirdik. Siyasi alanda ya\u015fanan gerilimlerin, kom\u015fuluk ve karde\u015flik hukukumuzu zedelemesine asla izin vermedik.<\/p>\n<p>\u00dclkemiz s\u0131n\u0131rlar\u0131 i\u00e7inde oldu\u011fu gibi b\u00f6lgemizin her yerinde de k\u00f6ken, dil, din ayr\u0131m\u0131 yapmadan t\u00fcm mazlumlar\u0131n yaralar\u0131na merhem olduk. AK Parti&#8217;yi kurdu\u011fumuzda etnik, dini ve b\u00f6lgesel taassup asla yapmayaca\u011f\u0131m\u0131z\u0131, yap\u0131lmas\u0131na da m\u00fcsaade etmeyece\u011fimizi s\u00f6ylemi\u015ftik. Hamdolsun 16 y\u0131ld\u0131r bu s\u00f6z\u00fcm\u00fcze halel getirmedik. Hayata ge\u00e7irdi\u011fimiz sessiz devrimlerle, ret, inkar ve asimilasyon politikalar\u0131na son verdik. Hi\u00e7 kimsenin diline, inanc\u0131na, k\u00fclt\u00fcr\u00fcne kar\u0131\u015fmad\u0131k. Hi\u00e7bir vatanda\u015f\u0131m\u0131z\u0131n hayat tarz\u0131ndan dolay\u0131 \u00f6tekile\u015ftirilmesine m\u00fcsaade etmedik. 81 vilayetiyle ve 80 milyonuyla, 780 bin kilometre vatan topra\u011f\u0131yla, t\u00fcm T\u00fcrkiye&#8217;yi kucaklaman\u0131n gayreti i\u00e7inde olduk.&#8221;<\/p>\n<p><strong>&#8220;Menfaatlerimizin gerektirdi\u011fi \u015fekilde tav\u0131r alabilen T\u00fcrkiye var&#8221;<\/strong><\/p>\n<p>T\u00fcrkiye&#8217;ye \u015fimdi yine bir kumpas uygulamaya \u00e7al\u0131\u015f\u0131ld\u0131\u011f\u0131na i\u015faret eden Erdo\u011fan, s\u00f6zlerini \u015f\u00f6yle s\u00fcrd\u00fcrd\u00fc:<\/p>\n<p>&#8220;T\u00fcm T\u00fcrkiye&#8217;ye bir sinyal veriyorum. Bu \u00e7ok \u00f6nemli bir sinyal. Baz\u0131 haberler, sinyaller al\u0131yorum baz\u0131 i\u015f adamlar\u0131n\u0131n varl\u0131klar\u0131n\u0131 yurt d\u0131\u015f\u0131na ka\u00e7\u0131rma gibi gayretlerinin oldu\u011funu duyuyorum. Buradan sesleniyorum, \u00f6nce kabinemize sesleniyorum, bunlar\u0131n hi\u00e7birine \u00e7\u0131k\u0131\u015f i\u00e7in asla izin vermemelisiniz. \u00c7\u00fcnk\u00fc bu ad\u0131mlar ihanet-i vataniye&#8217;dir. Bu \u00fclkede kazan\u0131p, bu \u00fclkenin varl\u0131klar\u0131n\u0131 yurt d\u0131\u015f\u0131na ka\u00e7\u0131rmaya \u00e7al\u0131\u015fanlara asla biz iyi nazarla bakamay\u0131z. Merkez Bankas\u0131n\u0131n varl\u0131\u011f\u0131 27,5 milyar dolard\u0131. Ba\u015fbakanl\u0131\u011f\u0131m d\u00f6neminde 136 milyar dolara kadar \u00e7\u0131km\u0131\u015ft\u0131. \u015eu anda 117-120 aras\u0131 bir rakamday\u0131z. Y\u00fckselecek. \u00c7\u00fcnk\u00fc biz 136 milyar dolar\u0131 da ge\u00e7ece\u011fiz. \u015eartlar ne olursa olsun ba\u011f\u0131ms\u0131zl\u0131\u011f\u0131m\u0131z ve milli menfaatlerimizin gerektirdi\u011fi \u015fekilde tav\u0131r alabilen g\u00fc\u00e7l\u00fc bir T\u00fcrkiye var.&#8221;<\/p>\n<p>Cumhurba\u015fkan\u0131 @RT_Erdogan, Mu\u015f&#8217;ta partisinin 6. Ola\u011fan \u0130l Kongresi&#8217;nde konu\u015fuyor https:\/\/t.co\/6kdDIJx7sN<\/p>\n<p>\u2014 TRT Haber Canl\u0131 (@trthabercanli) 3 Aral\u0131k 2017<\/p>\n<p><strong>&#8220;Kendi yapt\u0131r\u0131mlar\u0131n\u0131 as\u0131l delenler bizzat kendi firmalar\u0131&#8221;<\/strong><\/p>\n<p>&#8220;S\u00f6zle\u015fmeleri olan bir \u00fclkeden vatanda\u015f k\u0131\u015f\u0131n \u00fc\u015f\u00fcmesin, ekonominin \u00e7arklar\u0131 durmas\u0131n&#8221; diye do\u011falgaz sat\u0131n ald\u0131klar\u0131n\u0131 anlatan Erdo\u011fan, \u015funlar\u0131 s\u00f6yledi:<\/p>\n<p>&#8220;Di\u011fer \u00fclkeler gibi bizi de sadece Birle\u015fmi\u015f Milletler&#8217;in (BM) kararlar\u0131 ba\u011flar. T\u00fcrkiye BM&#8217;nin kararlar\u0131n\u0131 harfiyen uygulam\u0131\u015f m\u0131? Uygulam\u0131\u015f. Uluslararas\u0131 taahh\u00fctlerini yerine getirmi\u015f mi? Getirmi\u015f. Bizim yapt\u0131\u011f\u0131m\u0131z i\u015fin m\u00fcttefiklik ruhuna ayk\u0131r\u0131 bir taraf\u0131 da yok. \u015eartlar\u0131n elverdi\u011fi \u00f6l\u00e7\u00fcde elimizden gelen iyi niyeti de sergiledik. Bunu y\u00fcz y\u00fcze g\u00f6r\u00fc\u015fmelerde kendilerine a\u00e7\u0131k\u00e7a izah ettik. Buna ra\u011fmen, \u00fclkemize y\u00f6nelik su\u00e7lamalar ak\u0131l al\u0131r gibi de\u011fildir. Tamam\u0131 FET\u00d6&#8217;n\u00fcn servis etti\u011fi, ana muhalefet partisi eski vekillerinin kuryelik yapt\u0131\u011f\u0131, hi\u00e7bir hukuki ge\u00e7erlili\u011fi olmayan kay\u0131tlarla \u00fclkemizi san\u0131k sandalyesine oturtuyorlar. Hadi i\u015fin ticari boyutunu bir kenara b\u0131rakt\u0131k. Kendi yapt\u0131r\u0131mlar\u0131n\u0131 as\u0131l delenler bizzat kendi firmalar\u0131. Buna ra\u011fmen ortada ticari bir hesapla\u015fma varsa onu da kendi mecras\u0131nda takip etmek gerekir. As\u0131l \u00f6nemli olan meselenin siyasi bir zemine \u00e7ekilmeye \u00e7al\u0131\u015f\u0131lmas\u0131d\u0131r. Bu durum sadece hukukla de\u011fil, ahlakla da ba\u011fda\u015fm\u0131yor. (ABD&#8217;de Hakan Atilla davas\u0131) Bu dava, 17-25 Aral\u0131k kumpas\u0131n\u0131n okyanus \u00f6tesine ta\u015f\u0131nm\u0131\u015f halinden ba\u015fka bir \u015fey de\u011fildir. Ortada bir mahkeme yoktur. Sadece \u015fantaj malzemesi \u00fcretme gayreti vard\u0131r. Kimse kusura bakmas\u0131n, biz bu \u015fantaja boyun e\u011fmeyiz.&#8221;<\/p>\n<p><strong>&#8220;Bu zat FET\u00d6&#8217;c\u00fc televizyon kanallar\u0131n\u0131n de\u011fi\u015fmez konu\u011fu olmu\u015ftu&#8221;<\/strong><\/p>\n<p>FET\u00d6&#8217;c\u00fc senaristlerin t\u0131pk\u0131 17-25 Aral\u0131k&#8217;ta oldu\u011fu gibi bu s\u00fcre\u00e7te de &#8220;ana h\u0131yanetin&#8221; ba\u015f\u0131ndaki zata rol bi\u00e7tiklerini belirten Erdo\u011fan, de\u011ferlendirmelerine \u015f\u00f6yle devam etti:<\/p>\n<p>&#8220;Partisinin grup toplant\u0131lar\u0131n\u0131 aylarca paralel \u00e7etenin montajlar\u0131n\u0131 dinletmeye tahsis eden bu zat de\u011fil miydi? FET\u00d6&#8217;n\u00fcn trolleri sosyal medyadan, CHP&#8217;nin trol\u00fc Meclis k\u00fcrs\u00fcs\u00fcnden \u015fahs\u0131m\u0131z, partimiz ve h\u00fck\u00fcmetimiz aleyhine aylarca iftira kampanyalar\u0131 y\u00fcr\u00fctt\u00fcler. Biz milletimizle omuz omuza vererek paralel yap\u0131 ile m\u00fccadele ederken, bu zat FET\u00d6&#8217;c\u00fc televizyon kanallar\u0131n\u0131n de\u011fi\u015fmez konu\u011fu olmu\u015ftu. Milletvekilleri de Feto&#8217;nun gazetelerinde kap\u0131 n\u00f6beti tutuyordu. Paralel ihanet \u00e7etesiyle m\u00fccadelemizi en \u00e7ok engellemeye \u00e7al\u0131\u015fanlar bu partinin milletvekilleriydi. Bu zat ayn\u0131 tavr\u0131n\u0131 15 Temmuz kanl\u0131 darbe giri\u015fiminden sonra da devam ettirdi.&#8221;<\/p>\n","protected":false},"excerpt":{"rendered":"<p>Cumhurba\u015fkan\u0131 Erdo\u011fan, &#8220;Bu dava, 17-25 Aral\u0131k kumpas\u0131n\u0131n okyanus \u00f6tesine ta\u015f\u0131nm\u0131\u015f halinden ba\u015fka bir \u015fey de\u011fildir. Kimse kusura bakmas\u0131n, biz bu \u015fantaja boyun e\u011fmeyiz.&#8221; dedi.<\/p>\n","protected":false},"author":8,"featured_media":2269,"comment_status":"open","ping_status":"closed","sticky":false,"template":"","format":"standard","meta":[],"categories":[85],"tags":[],"_links":{"self":[{"href":"https:\/\/www.vizyon2023.com.tr\/index.php\/wp-json\/wp\/v2\/posts\/2268"}],"collection":[{"href":"https:\/\/www.vizyon2023.com.tr\/index.php\/wp-json\/wp\/v2\/posts"}],"about":[{"href":"https:\/\/www.vizyon2023.com.tr\/index.php\/wp-json\/wp\/v2\/types\/post"}],"author":[{"embeddable":true,"href":"https:\/\/www.vizyon2023.com.tr\/index.php\/wp-json\/wp\/v2\/users\/8"}],"replies":[{"embeddable":true,"href":"https:\/\/www.vizyon2023.com.tr\/index.php\/wp-json\/wp\/v2\/comments?post=2268"}],"version-history":[{"count":0,"href":"https:\/\/www.vizyon2023.com.tr\/index.php\/wp-json\/wp\/v2\/posts\/2268\/revisions"}],"wp:featuredmedia":[{"embeddable":true,"href":"https:\/\/www.vizyon2023.com.tr\/index.php\/wp-json\/wp\/v2\/media\/2269"}],"wp:attachment":[{"href":"https:\/\/www.vizyon2023.com.tr\/index.php\/wp-json\/wp\/v2\/media?parent=2268"}],"wp:term":[{"taxonomy":"category","embeddable":true,"href":"https:\/\/www.vizyon2023.com.tr\/index.php\/wp-json\/wp\/v2\/categories?post=2268"},{"taxonomy":"post_tag","embeddable":true,"href":"https:\/\/www.vizyon2023.com.tr\/index.php\/wp-json\/wp\/v2\/tags?post=2268"}],"curies":[{"name":"wp","href":"https:\/\/api.w.org\/{rel}","templated":true}]}}